{"id":658688,"date":"2026-01-12T16:16:13","date_gmt":"2026-01-12T16:16:13","guid":{"rendered":"https:\/\/www.europesays.com\/fr\/658688\/"},"modified":"2026-01-12T16:16:13","modified_gmt":"2026-01-12T16:16:13","slug":"les-filles-sont-contentes-de-jouer-une-d1","status":"publish","type":"post","link":"https:\/\/www.europesays.com\/fr\/658688\/","title":{"rendered":"\u00ab\u00a0Les filles sont contentes de jouer une D1\u00a0\u00bb"},"content":{"rendered":"<p>Apr\u00e8s avoir disput\u00e9 l\u2019ensemble de leurs matches de Coupe de France \u00e0 l\u2019ext\u00e9rieur, les Grenobloises esp\u00e9raient disputer ce prochain tour \u00e0 domicile et c\u2019est chose faite. \u00c0 l\u2019issue du tirage au sort effectu\u00e9 ce lundi 12\u00a0janvier \u00e0 midi, les Is\u00e9roises ont h\u00e9rit\u00e9 des Strasbourgeoises (<a href=\"https:\/\/www.ledauphine.com\/sport\/2026\/01\/11\/coupe-de-france-feminine-saint-didier-pernes-mene-1-0-a-la-mi-temps-face-a-strasbourg\" target=\"_blank\" rel=\"noopener\">t<\/a><a href=\"https:\/\/www.ledauphine.com\/sport\/2026\/01\/11\/coupe-de-france-feminine-saint-didier-pernes-mene-1-0-a-la-mi-temps-face-a-strasbourg\" target=\"_blank\" rel=\"noopener\">ombeuses des Vauclusiennes de l&rsquo;Entente Saint-Didier\/Pernes-les-Fontaines<\/a>) qui \u00e9voluent dans la division sup\u00e9rieure, offrant ainsi une belle affiche \u00e0 domicile pour le GF38\u00a0: \u00ab\u00a0On est heureux d\u2019enfin recevoir. Les filles sont contentes de jouer contre une D1, m\u00eame si on sait que ce match sera tr\u00e8s difficile\u00a0\u00bb explique l\u2019entra\u00eeneur Nasreddine Behloul.<\/p>\n<p>Cette rencontre se disputera le week-end du 24 et 25\u00a0janvier\u00a02026 avec un horaire et un lieu qui reste encore \u00e0 d\u00e9terminer. Un match important pour les Is\u00e9roises qui tenteront de d\u00e9crocher une place en quart de finale.<\/p>\n","protected":false},"excerpt":{"rendered":"Apr\u00e8s avoir disput\u00e9 l\u2019ensemble de leurs matches de Coupe de France \u00e0 l\u2019ext\u00e9rieur, les Grenobloises esp\u00e9raient disputer ce&hellip;\n","protected":false},"author":2,"featured_media":658689,"comment_status":"","ping_status":"","sticky":false,"template":"","format":"standard","meta":{"footnotes":""},"categories":[2820],"tags":[1111,11,15922,112,1777,674,1701,1011,27,12637,775,2731,2732,108,12,25,517,640],"class_list":{"0":"post-658688","1":"post","2":"type-post","3":"status-publish","4":"format-standard","5":"has-post-thumbnail","7":"category-strasbourg","8":"tag-actu","9":"tag-actualites","10":"tag-coupe-de-france-de-football","11":"tag-edition-grenoble-agglomeration","12":"tag-eu","13":"tag-europe","14":"tag-fil-info-sport","15":"tag-fr","16":"tag-france","17":"tag-gf38-grenoble-foot-38","18":"tag-grand-est","19":"tag-grenoble","20":"tag-grenoble-bassin","21":"tag-isere","22":"tag-news","23":"tag-republique-francaise","24":"tag-sport","25":"tag-strasbourg"},"share_on_mastodon":{"url":"https:\/\/pubeurope.com\/@fr\/115883028309343248","error":""},"_links":{"self":[{"href":"https:\/\/www.europesays.com\/fr\/wp-json\/wp\/v2\/posts\/658688","targetHints":{"allow":["GET"]}}],"collection":[{"href":"https:\/\/www.europesays.com\/fr\/wp-json\/wp\/v2\/posts"}],"about":[{"href":"https:\/\/www.europesays.com\/fr\/wp-json\/wp\/v2\/types\/post"}],"author":[{"embeddable":true,"href":"https:\/\/www.europesays.com\/fr\/wp-json\/wp\/v2\/users\/2"}],"replies":[{"embeddable":true,"href":"https:\/\/www.europesays.com\/fr\/wp-json\/wp\/v2\/comments?post=658688"}],"version-history":[{"count":0,"href":"https:\/\/www.europesays.com\/fr\/wp-json\/wp\/v2\/posts\/658688\/revisions"}],"wp:featuredmedia":[{"embeddable":true,"href":"https:\/\/www.europesays.com\/fr\/wp-json\/wp\/v2\/media\/658689"}],"wp:attachment":[{"href":"https:\/\/www.europesays.com\/fr\/wp-json\/wp\/v2\/media?parent=658688"}],"wp:term":[{"taxonomy":"category","embeddable":true,"href":"https:\/\/www.europesays.com\/fr\/wp-json\/wp\/v2\/categories?post=658688"},{"taxonomy":"post_tag","embeddable":true,"href":"https:\/\/www.europesays.com\/fr\/wp-json\/wp\/v2\/tags?post=658688"}],"curies":[{"name":"wp","href":"https:\/\/api.w.org\/{rel}","templated":true}]}}