{"id":658700,"date":"2026-01-12T16:22:16","date_gmt":"2026-01-12T16:22:16","guid":{"rendered":"https:\/\/www.europesays.com\/fr\/658700\/"},"modified":"2026-01-12T16:22:16","modified_gmt":"2026-01-12T16:22:16","slug":"a-la-decouverte-des-niches-patrimoine-meconnu-des-facades-dimmeubles","status":"publish","type":"post","link":"https:\/\/www.europesays.com\/fr\/658700\/","title":{"rendered":"\u00e0 la d\u00e9couverte des niches, patrimoine m\u00e9connu des fa\u00e7ades d\u2019immeubles"},"content":{"rendered":"<p>Malgr\u00e9 une existence tricentenaire pour certaines, il semble que ces \u0153uvres architecturales embl\u00e9matiques d\u2019une partie de l\u2019histoire bordelaise ne passionnent pas grand monde\u2026 Un patrimoine mineur\u00a0? Certaines de ces niches datant des XVIIe, XVIIIe et XIXe\u00a0si\u00e8cles sont souvent d\u00e9natur\u00e9es par des modifications urbaines, entre r\u00e9seau de canalisations, panneaux publicitaires\u2026 Alors qu\u2019elles ne demandent qu\u2019\u00e0 figurer dans le paysage architectural bordelais.<\/p>\n<p>Attirer les gr\u00e2ces<\/p>\n<p>Les formes, les grandeurs, les emplacements sur les fa\u00e7ades et encoignures sont tr\u00e8s \u00e9clectiques. Seule une vingtaine d\u2019entre elles poss\u00e8dent des statuettes pieuses ou autres d\u00e9corations des diverses \u00e9poques. \u00c0 leur cr\u00e9ation, ces niches avaient surtout pour but d\u2019abriter des personnages religieux afin d\u2019attirer des gr\u00e2ces sur les maisons qui les abritaient et de favoriser les pri\u00e8res des passants.<\/p>\n<p>        <img decoding=\"async\" id=\"27320428\" src=\"https:\/\/www.europesays.com\/fr\/wp-content\/uploads\/2026\/01\/bordeaux-1cffd613b6c04598b7d2169fb25bfb47-095041-ph1.jpg\" alt=\"La repr\u00e9sentation moderne de Saint-Pierre rue du Canc\u00e9ra (quartier saint-Pierre).\" itemprop=\"contentURL\"\/><\/p>\n<p>    La repr\u00e9sentation moderne de Saint-Pierre rue du Canc\u00e9ra (quartier saint-Pierre).<\/p>\n<p>J.-C. M.<\/p>\n<p>Parmi ce panel de niches, citons celle de la rue du Canc\u00e9ra, une des plus anciennes (1687) avec un Saint-Pierre en terre cuite rempla\u00e7ant la Vierge d\u2019origine, ou bien celle de la rue des Ayres, fra\u00eechement raval\u00e9e, abritant depuis peu \u00e9galement une sculpture contemporaine. Du tram, on peut en apercevoir une, rue des Fr\u00e8res-Bonie, haut perch\u00e9e, dont la Vierge \u00e0 l\u2019enfant est prot\u00e9g\u00e9e par une grille. N\u2019oublions pas celle de la rue Neuve, h\u00e9bergeant l\u2019autoportrait d\u2019un artiste polonais, et non une statue repr\u00e9sentant Montesquieu, version souvent entendue dans les rangs des touristes.<\/p>\n<p>Visibles ou invisibles<\/p>\n<p>M\u00eame d\u2019un train, on peut entrevoir une niche vide sur une fa\u00e7ade de la rue des Terres-de-Borde longeant la gare Saint-Jean. Celle de la rue Saint-Sim\u00e9on est l\u2019une des plus visibles, car situ\u00e9e au niveau des yeux et ayant la forme d\u2019un m\u00e9daillon. On peut bien s\u00fbr aussi citer la niche invisible de la place Gambetta, toujours masqu\u00e9e par un panneau publicitaire, ou celle de la rue Bouffard agr\u00e9ment\u00e9e d\u2019un symbole de commerce. La liste est longue.<\/p>\n<p>        <img decoding=\"async\" id=\"27320425\" src=\"https:\/\/www.europesays.com\/fr\/wp-content\/uploads\/2026\/01\/bordeaux-1cffd613b6c04598b7d2169fb25bfb47-095042-ph3.jpg\" alt=\"Une niche sous forme de m\u00e9daillon rue Saint-Sim\u00e9on (quartier Saint-Pierre).\" itemprop=\"contentURL\"\/><\/p>\n<p>    Une niche sous forme de m\u00e9daillon rue Saint-Sim\u00e9on (quartier Saint-Pierre).<\/p>\n<p>J.-C. M.<\/p>\n","protected":false},"excerpt":{"rendered":"Malgr\u00e9 une existence tricentenaire pour certaines, il semble que ces \u0153uvres architecturales embl\u00e9matiques d\u2019une partie de l\u2019histoire bordelaise&hellip;\n","protected":false},"author":2,"featured_media":658701,"comment_status":"","ping_status":"","sticky":false,"template":"","format":"standard","meta":{"footnotes":""},"categories":[2817],"tags":[1111,11,1997,1777,674,1011,27,12,2219,25],"class_list":{"0":"post-658700","1":"post","2":"type-post","3":"status-publish","4":"format-standard","5":"has-post-thumbnail","7":"category-bordeaux","8":"tag-actu","9":"tag-actualites","10":"tag-bordeaux","11":"tag-eu","12":"tag-europe","13":"tag-fr","14":"tag-france","15":"tag-news","16":"tag-nouvelle-aquitaine","17":"tag-republique-francaise"},"share_on_mastodon":{"url":"https:\/\/pubeurope.com\/@fr\/115883051975373432","error":""},"_links":{"self":[{"href":"https:\/\/www.europesays.com\/fr\/wp-json\/wp\/v2\/posts\/658700","targetHints":{"allow":["GET"]}}],"collection":[{"href":"https:\/\/www.europesays.com\/fr\/wp-json\/wp\/v2\/posts"}],"about":[{"href":"https:\/\/www.europesays.com\/fr\/wp-json\/wp\/v2\/types\/post"}],"author":[{"embeddable":true,"href":"https:\/\/www.europesays.com\/fr\/wp-json\/wp\/v2\/users\/2"}],"replies":[{"embeddable":true,"href":"https:\/\/www.europesays.com\/fr\/wp-json\/wp\/v2\/comments?post=658700"}],"version-history":[{"count":0,"href":"https:\/\/www.europesays.com\/fr\/wp-json\/wp\/v2\/posts\/658700\/revisions"}],"wp:featuredmedia":[{"embeddable":true,"href":"https:\/\/www.europesays.com\/fr\/wp-json\/wp\/v2\/media\/658701"}],"wp:attachment":[{"href":"https:\/\/www.europesays.com\/fr\/wp-json\/wp\/v2\/media?parent=658700"}],"wp:term":[{"taxonomy":"category","embeddable":true,"href":"https:\/\/www.europesays.com\/fr\/wp-json\/wp\/v2\/categories?post=658700"},{"taxonomy":"post_tag","embeddable":true,"href":"https:\/\/www.europesays.com\/fr\/wp-json\/wp\/v2\/tags?post=658700"}],"curies":[{"name":"wp","href":"https:\/\/api.w.org\/{rel}","templated":true}]}}