{"id":658708,"date":"2026-01-12T16:26:09","date_gmt":"2026-01-12T16:26:09","guid":{"rendered":"https:\/\/www.europesays.com\/fr\/658708\/"},"modified":"2026-01-12T16:26:09","modified_gmt":"2026-01-12T16:26:09","slug":"comment-cette-expo-pres-de-lille-a-ete-concue-avec-lediteur-dassassins-creed","status":"publish","type":"post","link":"https:\/\/www.europesays.com\/fr\/658708\/","title":{"rendered":"comment cette expo pr\u00e8s de Lille a \u00e9t\u00e9 con\u00e7ue avec l\u2019\u00e9diteur d\u2019Assassin\u2019s Creed"},"content":{"rendered":"<p>                    Par<br \/>\n        <strong><br \/>\n            <a href=\"https:\/\/actu.fr\/auteur\/amandine-vachez\" title=\"Consulter tous les articles de Amandine Vachez\" target=\"_blank\" rel=\"noopener\">Amandine Vachez<\/a><br \/>\n                    <\/strong><\/p>\n<p>        Publi\u00e9 le<\/p>\n<p>            12 janv. 2026 \u00e0 15h38        <\/p>\n<p>C\u2019est une exp\u00e9rience in\u00e9dite et originale, qui vous attend \u00e0 l\u2019<b>IMA, Institut du monde arabe<\/b>, de <a href=\"https:\/\/actu.fr\/hauts-de-france\/tourcoing_59599\" target=\"_blank\" rel=\"noopener\">Tourcoing<\/a> (Nord), jusqu\u2019au 8\u00a0f\u00e9vrier 2026. Une <a href=\"https:\/\/actu.fr\/hauts-de-france\/tourcoing_59599\/tourcoing-plongez-dans-lunivers-de-ce-jeu-video-mondialement-connu-dans-une-exposition_63610536.html\" target=\"_blank\" rel=\"noopener\">exposition sur Bagdad, retra\u00e7ant son histoire<\/a>, a \u00e9t\u00e9 con\u00e7ue par l\u2019IMA avec le concours de l\u2019<b>\u00e9diteur d\u2019un c\u00e9l\u00e8bre jeu vid\u00e9o<\/b>\u2009<b>: Assassin\u2019s Creed<\/b><b>. <\/b>Les \u00e9quipes ont travaill\u00e9 de concert pour mettre en valeur les collections mus\u00e9ales dans une<b> proposition exp\u00e9rientielle origina<\/b><b>le<\/b>. \u00c0 Tourcoing, une<b> installation in\u00e9dite <\/b>vous permet m\u00eame de <b>fl\u00e2ner dans le souk de la ville<\/b> \u00e0 une autre \u00e9poque, avant sa destruction. Zoom sur les <b>secrets de constitution <\/b>d\u2019une telle exposition, qui attire les foules.<\/p>\n<p>Mettre en lumi\u00e8re \u00ab\u2009une p\u00e9riode historique captivante\u2009\u00bb d\u2019une mani\u00e8re in\u00e9dite<\/p>\n<p class=\" wall-content\">Dans l\u2019exposition Bagdad, red\u00e9couvrir Madinat Al-Salam, le visiteur est transport\u00e9 dans la <b>\u00ab\u2009cit\u00e9 de la paix\u2009\u00bb d\u2019un autre temps<\/b>. \u00ab\u2009Gr\u00e2ce \u00e0 de nombreux objets d\u2019\u00e9poque abbasside, issus des collections de l\u2019Institut du monde arabe, mis en sc\u00e8ne dans les d\u00e9cors imagin\u00e9s par les \u00e9quipes d\u2019Assassin\u2019s Creed Mirage, 13e opus majeur de la s\u00e9rie vid\u00e9oludique d\u2019Ubisoft, l\u2019exposition met en lumi\u00e8re <b>une p\u00e9riode historique captivante<\/b>, une zone g\u00e9ographique essentielle et une civilisation brillante\u2009\u00bb, d\u00e9crit le commissariat d\u2019exposition. \u00ab\u2009Elle donne \u00e0 voir la splendeur d\u2019une ville-monde en plein \u00e2ge d\u2019or\u2009: Bagdad.\u2009\u00bb<\/p>\n<p class=\" wall-content\">Ce projet, in\u00e9dit, est n\u00e9 il y a plusieurs ann\u00e9es. L\u2019<b>\u00e9diteur de jeux vid\u00e9o Ubisoft<\/b> s\u2019est, comme \u00e0 son habitude, <b>entour\u00e9 d\u2019une \u00e9quipe de sp\u00e9cialistes<\/b> pour concevoir le<b> jeu \u00ab\u2009Mirage\u2009\u00bb, sorti en octobre\u00a02023<\/b>. \u00ab\u2009Pour chaque jeu, nous constituons un codex, une encyclop\u00e9die avec des entr\u00e9es sur des \u00e9l\u00e9ments historiques\u2009\u00bb, pr\u00e9sente Romain Fascial\u00e9, co-commissaire de l\u2019exposition travaillant chez Ubisoft.<\/p>\n<p class=\" wall-content\">L\u2019\u00e9diteur, qui compte dans ses \u00e9quipes des historiens, va \u00e0 la rencontre de sp\u00e9cialistes pour <b>construire un monde virtuel qui soit le plus fid\u00e8le possible \u00e0 la r\u00e9alit\u00e9<\/b> d\u2019une \u00e9poque. C\u2019est d\u2019ailleurs ce qui fait en partie le succ\u00e8s d\u2019Assassin\u2019s Creed. Tout, autour de la <b>culture<\/b>, du<b> patrimoine<\/b>, de la <b>vie quotidienne<\/b>, de la<b> religion<\/b> et de l\u2019<b>\u00e9conomie<\/b>, est \u00e9tudi\u00e9.<\/p>\n<p class=\" wall-content\">\n<p>Des collections du mus\u00e9e dans le jeu au jeu dans la salle d\u2019expo<\/p>\n<p class=\" wall-content\">Pour le jeu \u00ab\u2009Mirage\u2009\u00bb, les \u00e9quipes ont travaill\u00e9 avec l\u2019Institut du monde arabe. Dans le codex, on peut d\u2019ailleurs voir <b>des objets des collections du mus\u00e9e de Paris\u2009: une gourde, un vase et un bol. <\/b>C\u2019\u00e9tait l\u00e0 la premi\u00e8re \u00e9tape d\u2019un partenariat qui a \u00e9t\u00e9 plus loin. \u00c0 Paris, le mus\u00e9e compte une galerie d\u00e9di\u00e9e aux villes arabes. Le mus\u00e9e a propos\u00e9 qu\u2019une vid\u00e9o soit ajout\u00e9e, pour enrichir le parcours de visite. Une<b> vid\u00e9o de 4-5\u00a0minutes<\/b> montrant<b> une journ\u00e9e \u00e0 Bagdad, du lever du soleil jusqu\u2019au coucher<\/b>, a \u00e9t\u00e9 r\u00e9alis\u00e9e dans les studios Ubisoft de Bordeaux. \u00ab\u2009On d\u00e9couvre toute la splendeur de la ville, avant sa destruction\u2009: le palais, les jardins, les quartiers de la ville ceintur\u00e9e de remparts gigantesques\u2009\u00bb, commente Romain Fascial\u00e9.<\/p>\n<p class=\" wall-content\">Le succ\u00e8s de cette proposition pousse la r\u00e9flexion plus loin, et les \u00e9quipes pensent \u00e0 monter une exposition. En <b>f\u00e9vrier\u00a02024, elle voit le jour \u00e0 Paris<\/b>, avant de <b>migrer dans les locaux de Tourcoing<\/b>, d\u00e8s septembre\u00a02025 et jusqu\u2019\u00e0 janvier\u00a02026 \u00e0 la base, pour \u00eatre finalement <b>prolong\u00e9e<\/b> jusqu\u2019au 8\u00a0f\u00e9vrier.<\/p>\n<blockquote class=\"ac-article-quote wall-content\">\n<p>On se nourrit l\u2019un et l\u2019autre, avec le mus\u00e9e. Les objets int\u00e9gr\u00e9s \u00e0 notre codex sont la reconnaissance de notre valeur historique. Et pour le mus\u00e9e, faire cette proposition permet d\u2019attirer un autre public.<\/p>\n<p>Romain Fascial\u00e9, co-commissaire d\u2019exposition, travaillant chez Ubisoft.<\/p><\/blockquote>\n<p>Votre r\u00e9gion, votre actu !<\/p>\n<p>Recevez chaque jour les infos qui comptent pour vous.<\/p>\n<p>\t<a href=\"https:\/\/actu.fr\/newsletter\" class=\"ac-btn ac-btn--corner ac-btn--medium ac-btn--blue800\" target=\"_blank\" rel=\"noopener\">S&rsquo;incrire<\/a><br \/>\nBagdad, \u00ab\u2009la v\u00e9ritable star de cette exposition\u2009\u00bb<\/p>\n<p class=\" wall-content\">\u00c0 Paris comme \u00e0 Tourcoing, de nombreux curieux \u2013 et f\u00e9rus du jeu vid\u00e9o \u2013 ont bouscul\u00e9 les portes de l\u2019IMA pour d\u00e9couvrir cette exposition. Mais si on y retrouve de nombreux d\u00e9tails li\u00e9s au jeu (des personnages, des plans, et m\u00eame une exp\u00e9rience immersive au c\u0153ur du souk de la ville sur-mesure pour Tourcoing),<b> la star de l\u2019exposition reste son sujet. <\/b>Romain Fascial\u00e9 insiste\u2009: \u00ab\u2009Tout s\u2019organise autour des objets des collections de l\u2019Institut du monde arabe. Les contenus que l\u2019on propose sont additionnels, et permettent de s\u2019immerger dans l\u2019univers. La v\u00e9ritable star de cette exposition, c\u2019est Bagdad. C\u2019est la red\u00e9couverte de <b>cette ville m\u00e9di\u00e9vale qu\u2019on conna\u00eet tr\u00e8s peu dans notre culture occidentale<\/b>, la <b>capitale d\u2019un empire gigantesque<\/b>.\u2009\u00bb Bagdad, ville du progr\u00e8s (capitale politique, scientifique, culturelle et marchante), ville-monde, cit\u00e9 effervescente en plein \u00e2ge d\u2019or, avant sa destruction par les Mongols au 13e si\u00e8cle.<\/p>\n<p>Une partie d\u00e9di\u00e9e au \u00ab\u2009concept art\u2009\u00bb<\/p>\n<p class=\" wall-content\">Dans cette exposition, le visiteur est<b> plong\u00e9 au c\u0153ur de la cr\u00e9ation du jeu mirage<\/b>. Toute une partie ouvre les coulisses du \u00ab\u2009concept art\u2009\u00bb. Les m\u00e9tiers qui ont permis de r\u00e9aliser cette reconstitution virtuelle de Bagdad sont mis en avant, avec des \u00e9tapes de travail d\u00e9voil\u00e9es. Un moyen de voir aussi comment les \u00e9quipes travaillent de concert. Car Romain Fascial\u00e9 insiste\u2009: \u00ab\u2009C\u2019est vraiment une co-cr\u00e9ation avec l\u2019IMA. C\u2019est une premi\u00e8re, historique pour nous, avec un commissariat d\u2019exposition partag\u00e9.\u2009\u00bb<\/p>\n<p class=\" wall-content\">Et c\u2019est un parti pris qui fonctionne, puisque l\u2019exposition a \u00e9t\u00e9 prolong\u00e9e \u00e0 Tourcoing, et que les cr\u00e9neaux r\u00e9serv\u00e9s aux scolaires sont d\u00e9j\u00e0 book\u00e9s. \u00ab<b>\u2009C\u2019est un succ\u00e8s colossal\u2009\u00bb<\/b>, affirme notre interlocuteur qui l\u2019annonce mais sans donner plus de pr\u00e9cisions\u2009: l\u2019installation est vou\u00e9e \u00e0 partir en itin\u00e9rance.<\/p>\n<p class=\" wall-content\">Personnalisez votre actualit\u00e9 en ajoutant vos villes et m\u00e9dias en favori avec <a href=\"https:\/\/moncompte.actu.fr\" title=\"D\u00e9couvez Mon Actu\" rel=\"nofollow noopener\" data-trk=\"{&quot;cta&quot;:{&quot;action&quot;:&quot;https:\\\/\\\/moncompte.actu.fr&quot;,&quot;category&quot;:&quot;mon compte&quot;,&quot;from&quot;:&quot;article footer&quot;,&quot;name&quot;:&quot;Mon actu&quot;,&quot;type&quot;:&quot;cta&quot;}}\" target=\"_blank\">Mon Actu<\/a>.<\/p>\n","protected":false},"excerpt":{"rendered":"Par Amandine Vachez Publi\u00e9 le 12 janv. 2026 \u00e0 15h38 C\u2019est une exp\u00e9rience in\u00e9dite et originale, qui vous&hellip;\n","protected":false},"author":2,"featured_media":658709,"comment_status":"","ping_status":"","sticky":false,"template":"","format":"standard","meta":{"footnotes":""},"categories":[2815],"tags":[1111,11,1777,674,1011,27,811,1307,1652,12,25],"class_list":{"0":"post-658708","1":"post","2":"type-post","3":"status-publish","4":"format-standard","5":"has-post-thumbnail","7":"category-lille","8":"tag-actu","9":"tag-actualites","10":"tag-eu","11":"tag-europe","12":"tag-fr","13":"tag-france","14":"tag-hauts-de-france","15":"tag-lille","16":"tag-loisirs-culture","17":"tag-news","18":"tag-republique-francaise"},"share_on_mastodon":{"url":"https:\/\/pubeurope.com\/@fr\/115883067992485699","error":""},"_links":{"self":[{"href":"https:\/\/www.europesays.com\/fr\/wp-json\/wp\/v2\/posts\/658708","targetHints":{"allow":["GET"]}}],"collection":[{"href":"https:\/\/www.europesays.com\/fr\/wp-json\/wp\/v2\/posts"}],"about":[{"href":"https:\/\/www.europesays.com\/fr\/wp-json\/wp\/v2\/types\/post"}],"author":[{"embeddable":true,"href":"https:\/\/www.europesays.com\/fr\/wp-json\/wp\/v2\/users\/2"}],"replies":[{"embeddable":true,"href":"https:\/\/www.europesays.com\/fr\/wp-json\/wp\/v2\/comments?post=658708"}],"version-history":[{"count":0,"href":"https:\/\/www.europesays.com\/fr\/wp-json\/wp\/v2\/posts\/658708\/revisions"}],"wp:featuredmedia":[{"embeddable":true,"href":"https:\/\/www.europesays.com\/fr\/wp-json\/wp\/v2\/media\/658709"}],"wp:attachment":[{"href":"https:\/\/www.europesays.com\/fr\/wp-json\/wp\/v2\/media?parent=658708"}],"wp:term":[{"taxonomy":"category","embeddable":true,"href":"https:\/\/www.europesays.com\/fr\/wp-json\/wp\/v2\/categories?post=658708"},{"taxonomy":"post_tag","embeddable":true,"href":"https:\/\/www.europesays.com\/fr\/wp-json\/wp\/v2\/tags?post=658708"}],"curies":[{"name":"wp","href":"https:\/\/api.w.org\/{rel}","templated":true}]}}