{"id":658710,"date":"2026-01-12T16:27:12","date_gmt":"2026-01-12T16:27:12","guid":{"rendered":"https:\/\/www.europesays.com\/fr\/658710\/"},"modified":"2026-01-12T16:27:12","modified_gmt":"2026-01-12T16:27:12","slug":"marseille-sebastien-delogu-lfi-renvoye-en-correctionnelle-en-pleine-campagne-municipale","status":"publish","type":"post","link":"https:\/\/www.europesays.com\/fr\/658710\/","title":{"rendered":"Marseille\u00a0: S\u00e9bastien Delogu (LFI) renvoy\u00e9 en correctionnelle en pleine campagne municipale"},"content":{"rendered":"<p>Le d\u00e9put\u00e9 de La France insoumise (LFI) des Bouches-du-Rh\u00f4ne et <strong><a href=\"https:\/\/gomet.net\/municipales-2026-sebastien-delogu-lfi-lance-sa-candidature-a-la-mairie-de-marseille\/\" target=\"_blank\" rel=\"noreferrer noopener\">candidat d\u00e9clar\u00e9 \u00e0 la mairie de Marseille<\/a><\/strong>, S\u00e9bastien Delogu, a \u00e9t\u00e9 renvoy\u00e9 devant le tribunal correctionnel, avec une audience fix\u00e9e au 9 juin, a indiqu\u00e9 le parquet de Marseille vendredi 9 janvier. Une \u00e9ch\u00e9ance judiciaire qui intervient dans un contexte politique sensible, \u00e0 quelques semaines des \u00e9lections municipales des 15 et 22 mars prochains.<\/p>\n<p>L\u2019\u00e9lu est notamment poursuivi pour recel de biens issus d\u2019un vol et divulgation d\u2019informations personnelles, apr\u00e8s la diffusion sur ses r\u00e9seaux sociaux de documents appartenant \u00e0 un chef d\u2019entreprise marseillais. Ces pi\u00e8ces, selon le parquet, provenaient d\u2019un vol commis lors d\u2019un conflit social au sein de l\u2019entreprise Laser Propret\u00e9 et contenaient des donn\u00e9es priv\u00e9es susceptibles d\u2019exposer la personne concern\u00e9e \u00e0 un risque direct d\u2019atteinte \u00e0 la personne. <strong><a href=\"https:\/\/gomet.net\/perquisition-au-domicile-et-a-la-permanence-electorale-du-depute-sebastien-delogu-lfi\/\" target=\"_blank\" rel=\"noreferrer noopener\">Les faits remontent \u00e0 la fin de l\u2019ann\u00e9e 2024<\/a><\/strong>.<\/p>\n<p>Le d\u00e9put\u00e9 des quartiers Nord de Marseille a, par le pass\u00e9, justifi\u00e9 son initiative en invoquant l\u2019\u00ab int\u00e9r\u00eat g\u00e9n\u00e9ral \u00bb et la volont\u00e9 de d\u00e9noncer des pratiques qu\u2019il estimait contestables. Ces arguments n\u2019ont toutefois pas emp\u00each\u00e9 la justice de retenir plusieurs qualifications p\u00e9nales, notamment encore l\u2019atteinte au secret des correspondances.<\/p>\n<p><a data-no-instant=\"1\" href=\"https:\/\/my.weezevent.com\/barometre-regional-des-levees-de-fonds-le-bilan-de-2025\" rel=\"noopener nofollow\" class=\"a2t-link\" target=\"_blank\" aria-label=\"V1 Widespread 7e Barome\u0300tre\"><img loading=\"lazy\" decoding=\"async\" src=\"data:image\/svg+xml,%3Csvg%20xmlns=\" http:=\"\" alt=\"\" data-lazy- data-lazy- width=\"1950\" height=\"241\" style=\"display: inline-block;\" data-lazy-src=\"https:\/\/www.europesays.com\/fr\/wp-content\/uploads\/2025\/12\/v1-widespread-7e-barometre.png\"\/><\/a><\/p>\n<p>D\u00e9j\u00e0 condamn\u00e9, en f\u00e9vrier 2025, \u00e0 5 000 \u20ac d\u2019amende <strong><a href=\"https:\/\/gomet.net\/le-depute-sebastien-delogu-lfi-condamne\/\" target=\"_blank\" rel=\"noreferrer noopener\">pour des faits de \u00ab\u00a0violences aggrav\u00e9es\u00a0\u00bb<\/a><\/strong> \u00e0 l\u2019encontre de deux cadres de l\u2019Education nationale, poursuivi pour \u00ab\u00a0diffamation\u00a0\u00bb apr\u00e8s des propos sur la police en d\u00e9cembre 2025, S\u00e9bastien Delogu devra donc s\u2019expliquer le 9 juin prochain, une fois les \u00e9lections municipales pass\u00e9es, devant la 11e\u00a0chambre correctionnelle du tribunal de Marseille.<\/p>\n<p class=\"has-background\" style=\"background-color:#f2f3f4\">Liens utiles\u00a0:<\/p>\n<p>&gt; L\u2019actualit\u00e9 des\u00a0<strong><a href=\"https:\/\/gomet.net\/?s=municipales\" target=\"_blank\" rel=\"noreferrer noopener\">municipales 2026<\/a><\/strong>\u00a0dans notre dossier d\u00e9di\u00e9 et notre rubrique\u00a0<strong><a href=\"https:\/\/gomet.net\/theme\/lactu-par-themes\/politique\/\" target=\"_blank\" rel=\"noreferrer noopener\">politique<\/a><\/strong><\/p>\n","protected":false},"excerpt":{"rendered":"Le d\u00e9put\u00e9 de La France insoumise (LFI) des Bouches-du-Rh\u00f4ne et candidat d\u00e9clar\u00e9 \u00e0 la mairie de Marseille, S\u00e9bastien&hellip;\n","protected":false},"author":2,"featured_media":658711,"comment_status":"","ping_status":"","sticky":false,"template":"","format":"standard","meta":{"footnotes":""},"categories":[2814],"tags":[1111,11,1777,674,1011,27,884,12,882,25],"class_list":{"0":"post-658710","1":"post","2":"type-post","3":"status-publish","4":"format-standard","5":"has-post-thumbnail","7":"category-marseille","8":"tag-actu","9":"tag-actualites","10":"tag-eu","11":"tag-europe","12":"tag-fr","13":"tag-france","14":"tag-marseille","15":"tag-news","16":"tag-provence-alpes-cote-dazur","17":"tag-republique-francaise"},"share_on_mastodon":{"url":"https:\/\/pubeurope.com\/@fr\/115883071641648652","error":""},"_links":{"self":[{"href":"https:\/\/www.europesays.com\/fr\/wp-json\/wp\/v2\/posts\/658710","targetHints":{"allow":["GET"]}}],"collection":[{"href":"https:\/\/www.europesays.com\/fr\/wp-json\/wp\/v2\/posts"}],"about":[{"href":"https:\/\/www.europesays.com\/fr\/wp-json\/wp\/v2\/types\/post"}],"author":[{"embeddable":true,"href":"https:\/\/www.europesays.com\/fr\/wp-json\/wp\/v2\/users\/2"}],"replies":[{"embeddable":true,"href":"https:\/\/www.europesays.com\/fr\/wp-json\/wp\/v2\/comments?post=658710"}],"version-history":[{"count":0,"href":"https:\/\/www.europesays.com\/fr\/wp-json\/wp\/v2\/posts\/658710\/revisions"}],"wp:featuredmedia":[{"embeddable":true,"href":"https:\/\/www.europesays.com\/fr\/wp-json\/wp\/v2\/media\/658711"}],"wp:attachment":[{"href":"https:\/\/www.europesays.com\/fr\/wp-json\/wp\/v2\/media?parent=658710"}],"wp:term":[{"taxonomy":"category","embeddable":true,"href":"https:\/\/www.europesays.com\/fr\/wp-json\/wp\/v2\/categories?post=658710"},{"taxonomy":"post_tag","embeddable":true,"href":"https:\/\/www.europesays.com\/fr\/wp-json\/wp\/v2\/tags?post=658710"}],"curies":[{"name":"wp","href":"https:\/\/api.w.org\/{rel}","templated":true}]}}