{"id":658712,"date":"2026-01-12T16:28:14","date_gmt":"2026-01-12T16:28:14","guid":{"rendered":"https:\/\/www.europesays.com\/fr\/658712\/"},"modified":"2026-01-12T16:28:14","modified_gmt":"2026-01-12T16:28:14","slug":"marseille-aix-vitrolles-ces-chantiers-a-suivre-de-pres-en-2026","status":"publish","type":"post","link":"https:\/\/www.europesays.com\/fr\/658712\/","title":{"rendered":"Marseille, Aix, Vitrolles : ces chantiers \u00e0 suivre de pr\u00e8s en 2026"},"content":{"rendered":"<p>Quels sont les projets structurants \u00e0 suivre en 2026 \u00e0 Marseille ? Voici 12 chantiers, dont deux \u00e0 Vitrolles et Aix-en-Provence. <\/p>\n<p>Eiffage fait pousser Smartseille-Odyss\u00e9e <\/p>\n<p>Au printemps 2025, Eiffage a donn\u00e9 les premiers coups de pioche de <strong>Smartseille-Odyss\u00e9e<\/strong>, dans le p\u00e9rim\u00e8tre d&rsquo;Eurom\u00e9diterran\u00e9e 2, nouvelle pi\u00e8ce urbaine de 42 000 m\u00b2 qu\u2019il fait pousser sur l\u2019emprise d\u2019une friche gazi\u00e8re (2,9 ha), sise juste en face de Smartseille, \u00e0 port\u00e9e de tuyaux du noyau villageois des Crottes. Au programme, la cr\u00e9ation d\u2019un quartier agr\u00e9geant <strong>280 logements <\/strong>(dont 30 % sociaux), des bureaux (19 000 m2), des commerces et services (2 200 m2), une moyenne surface alimentaire (1 300 m2) et un gymnase public (1 700 m2). La livraison des premiers lots est attendu pour d\u00e9but 2027. <\/p>\n<p> Bouygues toujours en Fabriques <\/p>\n<p>Les filiales de Bouygues (Bouygues Immobilier et Linkcity) poursuivent les travaux d\u2019am\u00e9nagement des <a href=\"https:\/\/mesinfos.fr\/13000-marseille\/les-fabriques-carburent-avec-massileo-210430.html\" rel=\"noopener\" target=\"_blank\">Fabriques<\/a>. Apr\u00e8s <a href=\"https:\/\/mesinfos.fr\/13000-marseille\/marseille-rte-branche-massilia-sur-les-fabriques-231247.html\" rel=\"noopener\" target=\"_blank\">la livraison du nouveau si\u00e8ge de RTE<\/a>, d\u2019autres chantiers concernent l\u2019habitat. Sont ainsi en cours la construction de deux lots r\u00e9sidentiels port\u00e9s par Bouygues Immobilier : un ensemble de 167 logements, con\u00e7u par J\u00e9r\u00f4me Siame et Ba\u00efto architecture (livraison est pr\u00e9vue fin 2026\/d\u00e9but 2027), une r\u00e9sidence de 128 logements dessin\u00e9e par l\u2019agence Kern + associ\u00e9s (livraison 2028) et une r\u00e9sidence de 117 logements d\u00e9velopp\u00e9e par Linkcity.<\/p>\n<p> Port de Marseille : le J1 va (enfin) lever l\u2019ancre <\/p>\n<p>En gestation depuis 2019, les travaux de <a href=\"https:\/\/mesinfos.fr\/13000-marseille\/pourt-de-marseille-adim-batiment-projet-j1-210086.html\" rel=\"noopener\" target=\"_blank\">reconversion du J1<\/a> pourraient enfin d\u00e9marrer en 2026. Restaurants, bureaux, h\u00f4tel, mus\u00e9e maritime et jardin suspendu composeront ce programme mixte d\u00e9velopp\u00e9 par Adim (groupe Vinci), la Banque des Territoires et l\u2019agence Carta-Reichen et Robert Associ\u00e9s. <\/p>\n<p> Eiffage va allumer le Phare du Port <\/p>\n<p>A la Joliette, le <strong>Grand port maritime de Marseille<\/strong> (GPMM) va d\u00e9marrer son grand m\u00e9cano immobilier. Au second semestre, Eiffage et Corinne Vezzoni d\u00e9marreront les travaux de construction du <a href=\"https:\/\/mesinfos.fr\/13000-marseille\/architecte-corinne-vezzoni-projet-phare-grand-port-de-marseille-230054.html\" rel=\"noopener\" target=\"_blank\">nouveau si\u00e8ge du GPMM<\/a> (8 800 m2) sur la partie arri\u00e8re du si\u00e8ge actuel. Le projet d\u00e9volu via un partenariat public-priv\u00e9 sera livr\u00e9 \u00e0 l\u2019\u00e9t\u00e9 2028. Dans un second temps (2028-30), Eiffage r\u00e9habilitera la halle J0 et d\u00e9veloppera un programme tertiaire de 16 000 m2.<\/p>\n<p> <img decoding=\"async\" alt=\"projet architecture port\" class=\"img-align-center\" data-zoomable=\"\" loading=\"lazy\" src=\"https:\/\/www.europesays.com\/fr\/wp-content\/uploads\/2026\/01\/siege-du-futur-port-de-marseille-fos-by-corinne-vezzoni-et-associes-c-golemimages.jpg\"\/> \u00a9 Vezzoni Associ\u00e9s\/Golem Images &#8211; Perspective du futur si\u00e8ge du GPMM.\u00a0 La piscine Bougainville dans le grand bain des travaux <\/p>\n<p>Eiffage vient de lancer les travaux de <a href=\"https:\/\/mesinfos.fr\/13000-marseille\/marseille-eiffage-rafle-le-gros-oeuvre-de-la-piscine-bougainville-236386.html\" rel=\"noopener\" target=\"_blank\">la piscine de Bougainville<\/a>, en lisi\u00e8re du parc \u00e9ponyme sem\u00e9 par l\u2019EPA Eurom\u00e9diterran\u00e9e. Cet \u00e9quipement de 3 140 m2 con\u00e7u par l\u2019agence Raum Architectes sera mis en service fin 2027 (co\u00fbt : 19 M\u20ac). <\/p>\n<p>La rue d\u2019Aubagne en chantier <\/p>\n<p>Cet automne, <a href=\"https:\/\/mesinfos.fr\/13000-marseille\/la-spla-in-lance-les-marches-de-recyclage-des-immeubles-de-la-rue-d-aubagne-a-marseille-234175.html\" rel=\"noopener\" target=\"_blank\">la Soci\u00e9t\u00e9 publique locale d\u2019am\u00e9nagement d\u2019Int\u00e9r\u00eat national (SPLA-IN) lancera les travaux de r\u00e9habilitation lourde de huit immeubles d\u00e9grad\u00e9s de la partie haute de la rue d\u2019Aubagne<\/a> (n\u00b0 71 \u00e0 83), art\u00e8re dont le tissu porte <strong>les stigmates du drame des effondrements du 5 novembre 2018<\/strong>. Le chantier pilot\u00e9 par l\u2019agence Pl\u00f2 architectes &amp; urbanistes devrait durer deux ans, avec l\u2019entr\u00e9e en sc\u00e8ne d\u2019Erilia, en septembre 2027. Le bailleur, qui g\u00e8rera les 24 logements sociaux nouvellement cr\u00e9\u00e9s, assurera la ma\u00eetrise d\u2019ouvrage des travaux de second \u0153uvre.<\/p>\n<p> Le campus num\u00e9rique La Plateforme <\/p>\n<p>Au c\u0153ur de l\u2019extension d\u2019Eurom\u00e9diterran\u00e9e, le campus <a href=\"https:\/\/mesinfos.fr\/13000-marseille\/marseille-l-ecole-la-plateforme-va-occuper-les-docks-des-suds-219422.html\" rel=\"noopener\" target=\"_blank\">La Plateforme<\/a> d\u00e9ploie 25 000 m\u00b2 d\u00e9di\u00e9s aux <strong>m\u00e9tiers du num\u00e9rique<\/strong>. La premi\u00e8re phase, livr\u00e9e fin 2026 par Icade, accueillera 3 000 \u00e9tudiants. Le projet int\u00e9grera logements \u00e9tudiants, cin\u00e9ma, auditorium, \u00e9quipements sportifs et une antenne de la Cin\u00e9math\u00e8que fran\u00e7aise.<\/p>\n<p>  Redman et la Cepac livreront le campus Omnes \u00e0 la rentr\u00e9e 2026 <\/p>\n<p>D\u00e9velopp\u00e9 par <strong>Redman et la Cepac<\/strong>, <a href=\"https:\/\/mesinfos.fr\/13000-marseille\/marseille-avec-le-campus-omnes-redman-met-la-terre-a-la-une-221973.html\" rel=\"noopener\" target=\"_blank\">le campus Omnes<\/a> accueillera 2 000 \u00e9tudiants d\u00e8s la rentr\u00e9e 2026 sur 6 300 m\u00b2 pr\u00e8s de la porte d\u2019Aix. Con\u00e7u en blocs de terre crue par AT Architectes, il vise une <strong>performance bas carbone<\/strong> et sera raccord\u00e9 \u00e0 la boucle de thalassothermie Thassalia.<\/p>\n<p> <img decoding=\"async\" alt=\"b\u00e2timent en travaux\" class=\"img-align-center img-size-limited\" data-zoomable=\"\" loading=\"lazy\" src=\"https:\/\/www.europesays.com\/fr\/wp-content\/uploads\/2026\/01\/campus-omnes-wa.jpg\"\/> \u00a0\u00a9 W.A &#8211; Le campus Omnes accueillera 2 000 \u00e9tudiants d\u00e8s la rentr\u00e9e 2026. Le P\u00f4le femmes-parents-enfants de La Timone na\u00eetra en 2028 <\/p>\n<p>Avec 45 000 m\u00b2 de Sdp et 399 lits et places, <a href=\"https:\/\/mesinfos.fr\/13000-marseille\/marseille-impresa-pizzarotti-va-realiser-le-pole-femmes-parents-enfants-de-la-timone-196948.html\" rel=\"noopener\" target=\"_blank\">le futur p\u00f4le femmes-parents-enfants de la Timone<\/a> regroupera les activit\u00e9s p\u00e9diatriques et obst\u00e9triques fin 2028. L\u2019AP-HM a confi\u00e9 la r\u00e9alisation de cet \u00e9tablissement \u00e0 l\u2019entreprise italienne Impresa Pizzarotti via un march\u00e9 global sectoriel de conception-construction de 210 M\u20ac HT (dont 185 M\u20ac de travaux).<\/p>\n<p> La M\u00e9diath\u00e8que de la Belle de Mai <\/p>\n<p>Rue Loubon, <strong>en plein c\u0153ur de la Belle de Mai<\/strong> (3e), une ancienne minoterie du XIXe si\u00e8cle (3 586 m2) est transform\u00e9e en <strong>m\u00e9diath\u00e8que<\/strong> de nouvelle g\u00e9n\u00e9ration. Salle de concerts et restaurants compl\u00e8teront l\u2019offre culturelle de cet espace con\u00e7u par les agences Land et Panorama Architecture. Lever de rideau pr\u00e9vu d\u00e9but 2027. <\/p>\n<p>Vitrolles pr\u00e9pare l\u2019arriv\u00e9e du t\u00e9l\u00e9ph\u00e9rique <\/p>\n<p>A <strong>Vitrolles<\/strong>, la M\u00e9tropole Aix-Marseille-Provence a engag\u00e9 les grandes man\u0153uvres en vue de <a href=\"https:\/\/mesinfos.fr\/13127-vitrolles\/la-metropole-amp-cherche-un-amo-pour-le-telepherique-de-l-aeroport-231329.html\" rel=\"noopener\" target=\"_blank\">l\u2019arriv\u00e9e du transport par c\u00e2ble<\/a> qui reliera en 2030 <strong>la gare ferroviaire VAMP et l\u2019a\u00e9roport via l\u2019usine Airbus Helicopters<\/strong>. <\/p>\n<p>Cette ann\u00e9e sera marqu\u00e9e par la mise en service de plusieurs \u00e9quipements accompagnant le d\u00e9veloppement de la zone a\u00e9roportuaire : des ascenseurs inclin\u00e9s r\u00e9alis\u00e9s par Poma (co\u00fbt : 8 M\u20ac HT) et un parking en silo de 250 places d\u00e9velopp\u00e9 par le groupe Briand Parkings et Mobilit\u00e9s (8 M\u20ac) qui sera flanqu\u00e9 d\u2019un nouveau p\u00f4le d\u2019\u00e9changes multimodal de 11 quais (co\u00fbt : 5,9 M\u20ac) accessible depuis la gare par les ascenseurs. <\/p>\n<p> Aix-en-Provence : le cours Sextius a entam\u00e9 sa mue <\/p>\n<p>A Aix-en-Provence, la Spla Pays d\u2019Aix Territoires (groupe Semepa) pilote <a href=\"https:\/\/mesinfos.fr\/13080-aix-en-provence\/aix-en-provence-les-travaux-du-cours-sextius-demarrent-cet-automne-224323.html\" rel=\"noopener\" target=\"_blank\">les travaux de requalification du cours Sextius<\/a> (co\u00fbt : 18 M\u20ac).<\/p>\n<p> <img decoding=\"async\" alt=\"projet urbain\" class=\"img-align-center\" data-zoomable=\"\" loading=\"lazy\" src=\"https:\/\/www.europesays.com\/fr\/wp-content\/uploads\/2026\/01\/cours-sextius-aix.jpg\"\/> \u00a9 Rougerie+Tangram &#8211; Une perspective du haut du cours Sextius, \u00e0 Aix-en-Provence.\u00a0 <\/p>\n<p>Le chantier, confi\u00e9 \u00e0 l\u2019agence <strong>Rougerie+Tangram et \u00e0 Ing\u00e9rop<\/strong>, a d\u00e9marr\u00e9 en septembre 2025 par le volet paysager, avec l\u2019am\u00e9nagement d\u2019un jardin bord\u00e9 d\u2019un filet d\u2019eau \u00e0 proximit\u00e9 des anciens Thermes. Les travaux se concentrent actuellement sur la partie haute du cours, entre la rue de la Molle et la rue des Cordeliers. La seconde phase, concernant la partie basse de l\u2019axe jusqu\u2019au boulevard de la R\u00e9publique, devrait d\u00e9buter au printemps 2026.<\/p>\n","protected":false},"excerpt":{"rendered":"Quels sont les projets structurants \u00e0 suivre en 2026 \u00e0 Marseille ? Voici 12 chantiers, dont deux \u00e0&hellip;\n","protected":false},"author":2,"featured_media":658713,"comment_status":"","ping_status":"","sticky":false,"template":"","format":"standard","meta":{"footnotes":""},"categories":[2814],"tags":[1111,11,8853,1777,674,1011,27,37118,884,7690,12,882,25,2086],"class_list":{"0":"post-658712","1":"post","2":"type-post","3":"status-publish","4":"format-standard","5":"has-post-thumbnail","7":"category-marseille","8":"tag-actu","9":"tag-actualites","10":"tag-amu00e9nagement","11":"tag-eu","12":"tag-europe","13":"tag-fr","14":"tag-france","15":"tag-grand-port-maritime-de-marseille","16":"tag-marseille","17":"tag-mobilitu00e9","18":"tag-news","19":"tag-provence-alpes-cote-dazur","20":"tag-republique-francaise","21":"tag-travaux"},"share_on_mastodon":{"url":"https:\/\/pubeurope.com\/@fr\/115883075648729092","error":""},"_links":{"self":[{"href":"https:\/\/www.europesays.com\/fr\/wp-json\/wp\/v2\/posts\/658712","targetHints":{"allow":["GET"]}}],"collection":[{"href":"https:\/\/www.europesays.com\/fr\/wp-json\/wp\/v2\/posts"}],"about":[{"href":"https:\/\/www.europesays.com\/fr\/wp-json\/wp\/v2\/types\/post"}],"author":[{"embeddable":true,"href":"https:\/\/www.europesays.com\/fr\/wp-json\/wp\/v2\/users\/2"}],"replies":[{"embeddable":true,"href":"https:\/\/www.europesays.com\/fr\/wp-json\/wp\/v2\/comments?post=658712"}],"version-history":[{"count":0,"href":"https:\/\/www.europesays.com\/fr\/wp-json\/wp\/v2\/posts\/658712\/revisions"}],"wp:featuredmedia":[{"embeddable":true,"href":"https:\/\/www.europesays.com\/fr\/wp-json\/wp\/v2\/media\/658713"}],"wp:attachment":[{"href":"https:\/\/www.europesays.com\/fr\/wp-json\/wp\/v2\/media?parent=658712"}],"wp:term":[{"taxonomy":"category","embeddable":true,"href":"https:\/\/www.europesays.com\/fr\/wp-json\/wp\/v2\/categories?post=658712"},{"taxonomy":"post_tag","embeddable":true,"href":"https:\/\/www.europesays.com\/fr\/wp-json\/wp\/v2\/tags?post=658712"}],"curies":[{"name":"wp","href":"https:\/\/api.w.org\/{rel}","templated":true}]}}