{"id":658714,"date":"2026-01-12T16:29:11","date_gmt":"2026-01-12T16:29:11","guid":{"rendered":"https:\/\/www.europesays.com\/fr\/658714\/"},"modified":"2026-01-12T16:29:11","modified_gmt":"2026-01-12T16:29:11","slug":"pourquoi-les-entreprises-btob-lyonnaises-investissent-de-plus-en-plus-les-reseaux-sociaux","status":"publish","type":"post","link":"https:\/\/www.europesays.com\/fr\/658714\/","title":{"rendered":"Pourquoi les entreprises BtoB lyonnaises investissent de plus en plus les r\u00e9seaux sociaux ?"},"content":{"rendered":"<p>                                                        <img loading=\"lazy\" decoding=\"async\" width=\"1378\" height=\"620\" src=\"data:image\/svg+xml,%3Csvg%20xmlns=\" http:=\"\" class=\"thumb img-responsive m-x-auto block w-full\" alt=\"lyon entreprises assurances\" caption=\"\" data-lazy-src=\"https:\/\/www.europesays.com\/fr\/wp-content\/uploads\/2025\/12\/lyon-entreprises-assurances.jpg\"\/><\/p>\n<p class=\"ez-toc-title ez-toc-toggle\" style=\"cursor: pointer\">Sommaire &amp; acc\u00e8s rapide<\/p>\n<p><a href=\"#\" class=\"ez-toc-pull-right ez-toc-btn ez-toc-btn-xs ez-toc-btn-default ez-toc-toggle\" aria-label=\"Toggle Table of Content\">Toggle<\/a><\/p>\n<p>Longtemps consid\u00e9r\u00e9s comme secondaires dans les strat\u00e9gies BtoB, les r\u00e9seaux sociaux occupent aujourd\u2019hui une place centrale dans la communication des entreprises lyonnaises. LinkedIn en t\u00eate, mais aussi Meta, Google ou TikTok, ces plateformes sont devenues des leviers incontournables pour d\u00e9velopper la notori\u00e9t\u00e9, renforcer la cr\u00e9dibilit\u00e9 et soutenir la croissance commerciale.<\/p>\n<p>\u00c0 Lyon et plus largement en Auvergne-Rh\u00f4ne-Alpes, cette \u00e9volution est port\u00e9e par un tissu \u00e9conomique dense, compos\u00e9 de PME, d\u2019ETI, de grands groupes et d\u2019institutions confront\u00e9s \u00e0 une concurrence accrue. Dans ce contexte, la visibilit\u00e9 ne se joue plus uniquement sur l\u2019offre ou le prix, mais sur la capacit\u00e9 \u00e0 expliquer son expertise, \u00e0 affirmer un positionnement et \u00e0 prendre la parole de mani\u00e8re coh\u00e9rente et r\u00e9guli\u00e8re.<\/p>\n<p>Le social media, un levier de cr\u00e9dibilit\u00e9 en BtoB<\/p>\n<p>Avant d\u2019entrer en relation avec un prestataire ou un partenaire, les d\u00e9cideurs BtoB analysent d\u00e9sormais la pr\u00e9sence en ligne des entreprises. Qualit\u00e9 des contenus, r\u00e9gularit\u00e9 des publications, prises de parole des dirigeants, clart\u00e9 des messages : les r\u00e9seaux sociaux constituent un premier niveau de r\u00e9assurance.<\/p>\n<p>Dans des cycles de d\u00e9cision souvent longs et impliquant plusieurs interlocuteurs, le social media permet d\u2019installer une relation dans la dur\u00e9e. Contenus p\u00e9dagogiques, d\u00e9cryptages sectoriels ou retours d\u2019exp\u00e9rience nourrissent la r\u00e9flexion des prospects bien en amont de l\u2019acte commercial et positionnent l\u2019entreprise comme un acteur l\u00e9gitime sur son march\u00e9.<\/p>\n<p>Lyon, un territoire moteur des strat\u00e9gies social media BtoB<\/p>\n<p>La m\u00e9tropole lyonnaise se distingue par la diversit\u00e9 de ses secteurs d\u2019activit\u00e9 : industrie, \u00e9nergie, sant\u00e9, enseignement, services aux entreprises. Autant de domaines o\u00f9 la prise de parole digitale devient strat\u00e9gique pour \u00e9merger et structurer son image.<\/p>\n<p>Les entreprises BtoB lyonnaises investissent ainsi de plus en plus dans des strat\u00e9gies social media professionnelles, combinant production de contenus, animation de communaut\u00e9s et publicit\u00e9 en ligne. Objectif : toucher des cibles d\u00e9cisionnaires pr\u00e9cises, renforcer leur visibilit\u00e9 et soutenir des enjeux concrets de business, de recrutement ou de marque employeur.<\/p>\n<p>Le Tr\u00e8fle \u00e0 5 Feuilles, un acteur structurant de la communication digitale<\/p>\n<p>C\u2019est dans ce contexte que Le Tr\u00e8fle \u00e0 5 Feuilles accompagne les entreprises BtoB dans la structuration et le pilotage de leurs prises de parole sur les r\u00e9seaux sociaux. Par son approche globale m\u00ealant contenus, social ads, influence digitale et social selling, l\u2019agence s\u2019impose comme un acteur qui pourrait rapidement devenir un choix essentiel pour <a href=\"https:\/\/letreflea5feuilles.fr\/nos-agences\/lyon\/\" target=\"_blank\" rel=\"noopener\">votre agence digitale \u00e0 Lyon<\/a>, dans un environnement o\u00f9 performance et coh\u00e9rence des messages sont devenues strat\u00e9giques.<\/p>\n<p>Co-dirig\u00e9e par Beno\u00eet Terri\u00e8re et Jean-Michel Mandin, l\u2019agence s\u2019inscrit au sein d\u2019un groupe de communication structur\u00e9 autour de plusieurs expertises : relations m\u00e9dias, affaires publiques territoriales, social media et studio graphique. Cette transversalit\u00e9 permet de concevoir des dispositifs globaux, coh\u00e9rents et align\u00e9s avec les enjeux des entreprises BtoB.<\/p>\n<p>Une strat\u00e9gie qui porte ses fruits : en 2025, les agences du groupe ont enregistr\u00e9 une croissance de 5 %, avec un chiffre d\u2019affaires consolid\u00e9 proche de 2,2 millions d\u2019euros et plus de 120 clients actifs, r\u00e9partis entre l\u2019Occitanie, la Nouvelle-Aquitaine, l\u2019Auvergne-Rh\u00f4ne-Alpes, les Pays de la Loire, la Bourgogne-Franche-Comt\u00e9 et l\u2019\u00cele-de-France<\/p>\n<p>Des strat\u00e9gies orient\u00e9es performance et r\u00e9sultats<\/p>\n<p>Aujourd\u2019hui, les entreprises ne se contentent plus d\u2019une pr\u00e9sence symbolique sur les r\u00e9seaux sociaux. Social ads sur LinkedIn, campagnes Meta ou Google Ads, activation d\u2019influenceurs BtoB : les strat\u00e9gies sont de plus en plus pilot\u00e9es par la donn\u00e9e et l\u2019analyse des performances.<\/p>\n<p>Le Tr\u00e8fle \u00e0 5 Feuilles s\u2019appuie notamment sur une m\u00e9thodologie it\u00e9rative : immersion dans l\u2019univers du client, d\u00e9finition des messages cl\u00e9s, structuration de la strat\u00e9gie \u00e9ditoriale, cr\u00e9ation et diffusion des contenus, puis analyse fine des r\u00e9sultats. Une approche qui permet d\u2019optimiser en continu les actions men\u00e9es et de maximiser le retour sur investissement.<\/p>\n<p>Vers une communication BtoB plus influente<\/p>\n<p>L\u2019essor des r\u00e9seaux sociaux marque un tournant dans la communication BtoB. Les entreprises lyonnaises ne cherchent plus seulement \u00e0 \u00eatre visibles, mais \u00e0 devenir lisibles, cr\u00e9dibles et influentes aupr\u00e8s de leurs \u00e9cosyst\u00e8mes.<\/p>\n<p>Dans un environnement \u00e9conomique exigeant, le social media s\u2019impose ainsi comme un levier strat\u00e9gique durable. \u00c0 condition d\u2019\u00eatre accompagn\u00e9 par des experts capables de structurer cette pr\u00e9sence et de transformer les r\u00e9seaux sociaux en v\u00e9ritables outils de performance et d\u2019influence.<\/p>\n","protected":false},"excerpt":{"rendered":"Sommaire &amp; acc\u00e8s rapide Toggle Longtemps consid\u00e9r\u00e9s comme secondaires dans les strat\u00e9gies BtoB, les r\u00e9seaux sociaux occupent aujourd\u2019hui&hellip;\n","protected":false},"author":2,"featured_media":623918,"comment_status":"","ping_status":"","sticky":false,"template":"","format":"standard","meta":{"footnotes":""},"categories":[1889],"tags":[1111,11,2430,1777,674,1011,27,2428,12,25],"class_list":{"0":"post-658714","1":"post","2":"type-post","3":"status-publish","4":"format-standard","5":"has-post-thumbnail","7":"category-lyon","8":"tag-actu","9":"tag-actualites","10":"tag-auvergne-rhone-alpes","11":"tag-eu","12":"tag-europe","13":"tag-fr","14":"tag-france","15":"tag-lyon","16":"tag-news","17":"tag-republique-francaise"},"share_on_mastodon":{"url":"https:\/\/pubeurope.com\/@fr\/115883079414094027","error":""},"_links":{"self":[{"href":"https:\/\/www.europesays.com\/fr\/wp-json\/wp\/v2\/posts\/658714","targetHints":{"allow":["GET"]}}],"collection":[{"href":"https:\/\/www.europesays.com\/fr\/wp-json\/wp\/v2\/posts"}],"about":[{"href":"https:\/\/www.europesays.com\/fr\/wp-json\/wp\/v2\/types\/post"}],"author":[{"embeddable":true,"href":"https:\/\/www.europesays.com\/fr\/wp-json\/wp\/v2\/users\/2"}],"replies":[{"embeddable":true,"href":"https:\/\/www.europesays.com\/fr\/wp-json\/wp\/v2\/comments?post=658714"}],"version-history":[{"count":0,"href":"https:\/\/www.europesays.com\/fr\/wp-json\/wp\/v2\/posts\/658714\/revisions"}],"wp:featuredmedia":[{"embeddable":true,"href":"https:\/\/www.europesays.com\/fr\/wp-json\/wp\/v2\/media\/623918"}],"wp:attachment":[{"href":"https:\/\/www.europesays.com\/fr\/wp-json\/wp\/v2\/media?parent=658714"}],"wp:term":[{"taxonomy":"category","embeddable":true,"href":"https:\/\/www.europesays.com\/fr\/wp-json\/wp\/v2\/categories?post=658714"},{"taxonomy":"post_tag","embeddable":true,"href":"https:\/\/www.europesays.com\/fr\/wp-json\/wp\/v2\/tags?post=658714"}],"curies":[{"name":"wp","href":"https:\/\/api.w.org\/{rel}","templated":true}]}}