{"id":658717,"date":"2026-01-12T16:32:11","date_gmt":"2026-01-12T16:32:11","guid":{"rendered":"https:\/\/www.europesays.com\/fr\/658717\/"},"modified":"2026-01-12T16:32:11","modified_gmt":"2026-01-12T16:32:11","slug":"trafic-tgv-et-intercites-normal-3-lignes-perturbees-en-ile-de-france-a-quoi-sattendre-lors-de-la-greve-sncf-mardi","status":"publish","type":"post","link":"https:\/\/www.europesays.com\/fr\/658717\/","title":{"rendered":"Trafic TGV et Intercit\u00e9s \u00ab\u00a0normal\u00a0\u00bb, 3 lignes perturb\u00e9es en \u00cele-de-France&#8230; \u00c0 quoi s&rsquo;attendre lors de la gr\u00e8ve SNCF mardi?"},"content":{"rendered":"<p>Le mouvement social pour une am\u00e9lioration des r\u00e9mun\u00e9rations et des conditions de travail \u00e0 la SNCF devrait \u00eatre peu suivi ce mardi.<\/p>\n<p>Il y aura peu de perturbations \u00e0 la SNCF ce mardi 13 janvier, malgr\u00e9 l&rsquo;appel \u00e0 la gr\u00e8ve national lanc\u00e9 par deux syndicats pour r\u00e9clamer une am\u00e9lioration des salaires et des conditions de travail.<\/p>\n<p>Dimanche, la compagnie ferroviaire avait d\u00e9j\u00e0 fait savoir que <a href=\"https:\/\/www.bfmtv.com\/economie\/entreprises\/transports\/greve-sncf-du-mardi-13-novembre-trafic-normal-pour-les-tgv-et-les-intercites-mais-des-perturbations-en-ile-de-france_AV-202601110291.html\" title=\"Gr\u00e8ve SNCF du mardi 13 janvier: trafic normal pour les TGV et les Intercit\u00e9s mais des perturbations en Ile-de-France\" class=\"internal_link\" target=\"_blank\" rel=\"noopener\">\u00ab\u00a0les circulations seront normales sur TGV et Intercit\u00e9s<\/a> et quasi normales sur les trains r\u00e9gionaux avec des perturbations limit\u00e9es \u00e0 quelques lignes en Occitanie et en \u00cele-de-France\u00a0\u00bb.<\/p>\n<p>3 lignes perturb\u00e9es en \u00cele-de-France<\/p>\n<p>SNCF Voyageurs pr\u00e9cise ce lundi que les perturbations des trains et RER en r\u00e9gion parisienne seront limit\u00e9es \u00ab\u00a0\u00e0 3 des 14 lignes\u00a0\u00bb que l&rsquo;entreprise exploite pour le compte d&rsquo;Ile-de-France Mobilit\u00e9s. Il s&rsquo;agit en l&rsquo;occurence du RER D avec 1 train sur 2 pr\u00e9vu entre Corbeil-Essonnes et Creil et entre Melun et Goussainville et un train sur 4 entre Juvisy et Malesherbes via Ris Orangis. C\u00f4t\u00e9 RER E, 2 trains sur 3 circuleront, tout comme sur la ligne R.<\/p>\n<blockquote class=\"embed embed_quote\"><p>\u00ab\u00a0SNCF Voyageurs et \u00cele-de-France Mobilit\u00e9s recommandent aux voyageurs des lignes concern\u00e9es qui le peuvent de limiter leurs d\u00e9placements pr\u00e9vus le mardi 13 janvier 2026 et de privil\u00e9gier le t\u00e9l\u00e9travail\u00a0\u00bb, ajoute la compagnie ferroviaire.<\/p><\/blockquote>\n<p>Le trafic sera en revanche \u00ab\u00a0normal sur l&rsquo;ensemble des autres lignes\u00a0\u00bb, \u00e0 savoir le RER A, B et C ainsi que les Transilien H, J, K, L, N, P, U et V.<\/p>\n<p><img decoding=\"async\" src=\"https:\/\/www.europesays.com\/fr\/wp-content\/uploads\/2025\/04\/principale-56_3.jpg\"  alt=\"Emmanuel Lechypre face \u00e0 Jean-Marc Daniel : Peut-on vraiment concurrencer la SNCF ? - 11\/12\" title=\"Emmanuel Lechypre face \u00e0 Jean-Marc Daniel : Peut-on vraiment concurrencer la SNCF ? - 11\/12\"\/>Emmanuel Lechypre face \u00e0 Jean-Marc Daniel : Peut-on vraiment concurrencer la SNCF ? &#8211; 11\/12La CGT r\u00e9clame une hausse des salaires et des pensions de 12%<\/p>\n<p>Ce mouvement social intervient <a href=\"https:\/\/www.bfmtv.com\/economie\/entreprises\/transports\/elle-a-decale-les-negociations-pour-eviter-une-greve-a-noel-elle-a-verse-400-euros-de-prime-qualifiee-d-arnaque-par-la-cgt-la-sncf-de-castex-tente-de-deminer-les-prochaines-nao-pour-eviter-la-greve-du-13-janvier_AV-202601080256.html\" title=\"Elle a d\u00e9cal\u00e9 les n\u00e9gociations pour \u00e9viter une gr\u00e8ve \u00e0 No\u00ebl, elle a vers\u00e9 400 euros de prime (qualifi\u00e9e d&#039;&quot;arnaque&quot; par la CGT)... La SNCF de Castex tente de d\u00e9miner les prochaines NAO pour \u00e9viter la gr\u00e8ve du 13 janvier\" class=\"internal_link\" target=\"_blank\" rel=\"noopener\">dans le cadre des n\u00e9gociations annuelles obligatoires (NAO)<\/a> qui doivent se conclure mardi. Malgr\u00e9 le versement d&rsquo;une prime en d\u00e9cembre par la direction, la CGT-Cheminots et SUD-Rail estiment que le compte n&rsquo;y est pas.<\/p>\n<p>Dans un tract publi\u00e9 jeudi, la CGT r\u00e9clame une hausse des salaires et des pensions de 12% ainsi que la mise en place d&rsquo;un treizi\u00e8me mois pour tous les cheminots. Elle d\u00e9nonce \u00e9galement les recrutements insuffisants et la d\u00e9gradation des conditions de travail en appelant \u00e0 la mobilisation.<\/p>\n<blockquote class=\"embed embed_quote\"><p>Pour SUD-Rail, \u00ab\u00a0l&rsquo;\u00e9volution du m\u00e9tier, marqu\u00e9e par l&rsquo;augmentation constante des missions et une polyvalence impos\u00e9e, doit obliger la direction \u00e0 revaloriser imm\u00e9diatement les salaires\u00a0\u00bb de 400 euros pour tous les salari\u00e9s et \u00e0 augmenter les primes.<\/p><\/blockquote>\n","protected":false},"excerpt":{"rendered":"Le mouvement social pour une am\u00e9lioration des r\u00e9mun\u00e9rations et des conditions de travail \u00e0 la SNCF devrait \u00eatre&hellip;\n","protected":false},"author":2,"featured_media":651255,"comment_status":"","ping_status":"","sticky":false,"template":"","format":"standard","meta":{"footnotes":""},"categories":[1592],"tags":[1111,11,1777,674,1011,27,662,12,626,25],"class_list":{"0":"post-658717","1":"post","2":"type-post","3":"status-publish","4":"format-standard","5":"has-post-thumbnail","7":"category-ile-de-france","8":"tag-actu","9":"tag-actualites","10":"tag-eu","11":"tag-europe","12":"tag-fr","13":"tag-france","14":"tag-ile-de-france","15":"tag-news","16":"tag-paris","17":"tag-republique-francaise"},"share_on_mastodon":{"url":"https:\/\/pubeurope.com\/@fr\/115883091219397785","error":""},"_links":{"self":[{"href":"https:\/\/www.europesays.com\/fr\/wp-json\/wp\/v2\/posts\/658717","targetHints":{"allow":["GET"]}}],"collection":[{"href":"https:\/\/www.europesays.com\/fr\/wp-json\/wp\/v2\/posts"}],"about":[{"href":"https:\/\/www.europesays.com\/fr\/wp-json\/wp\/v2\/types\/post"}],"author":[{"embeddable":true,"href":"https:\/\/www.europesays.com\/fr\/wp-json\/wp\/v2\/users\/2"}],"replies":[{"embeddable":true,"href":"https:\/\/www.europesays.com\/fr\/wp-json\/wp\/v2\/comments?post=658717"}],"version-history":[{"count":0,"href":"https:\/\/www.europesays.com\/fr\/wp-json\/wp\/v2\/posts\/658717\/revisions"}],"wp:featuredmedia":[{"embeddable":true,"href":"https:\/\/www.europesays.com\/fr\/wp-json\/wp\/v2\/media\/651255"}],"wp:attachment":[{"href":"https:\/\/www.europesays.com\/fr\/wp-json\/wp\/v2\/media?parent=658717"}],"wp:term":[{"taxonomy":"category","embeddable":true,"href":"https:\/\/www.europesays.com\/fr\/wp-json\/wp\/v2\/categories?post=658717"},{"taxonomy":"post_tag","embeddable":true,"href":"https:\/\/www.europesays.com\/fr\/wp-json\/wp\/v2\/tags?post=658717"}],"curies":[{"name":"wp","href":"https:\/\/api.w.org\/{rel}","templated":true}]}}