{"id":658720,"date":"2026-01-12T16:34:13","date_gmt":"2026-01-12T16:34:13","guid":{"rendered":"https:\/\/www.europesays.com\/fr\/658720\/"},"modified":"2026-01-12T16:34:13","modified_gmt":"2026-01-12T16:34:13","slug":"paris-une-enquete-ouverte-apres-la-mort-dun-policier-de-la-paf-dans-les-locaux-de-son-service","status":"publish","type":"post","link":"https:\/\/www.europesays.com\/fr\/658720\/","title":{"rendered":"Paris : Une enqu\u00eate ouverte apr\u00e8s la mort d\u2019un policier de la PAF dans les locaux de son service"},"content":{"rendered":"<p class=\"mb-4 text-lg md:leading-8 break-words\"><strong>drame &#8211; Des policiers de la PAF du 10e\u00a0arrondissement de Paris ont d\u00e9couvert lundi le corps sans vie d\u2019un de leurs coll\u00e8gues, son arme de service au sol<\/strong><\/p>\n<p class=\"mb-4 text-lg md:leading-8 break-words\">Le parquet de <a href=\"https:\/\/www.20minutes.fr\/paris\/?at_medium=RSS%20feed&amp;at_campaign=ynews&amp;utm_source=yahoo&amp;utm_medium=rss&amp;utm_campaign=news_feed&amp;utm_content=in_article_link\" rel=\"nofollow noopener\" target=\"_blank\" data-ylk=\"slk:Paris;elm:context_link;itc:0;sec:content-canvas\" class=\"link \">Paris<\/a> a ouvert une enqu\u00eate apr\u00e8s la mort par arme \u00e0 feu d\u2019un brigadier-chef de la <a href=\"https:\/\/www.20minutes.fr\/faits_divers\/faits-divers-nice\/4191367-20251214-nice-deux-policiers-aeroport-accuses-corruption-narcotrafiquants?at_medium=RSS%20feed&amp;at_campaign=ynews&amp;utm_source=yahoo&amp;utm_medium=rss&amp;utm_campaign=news_feed&amp;utm_content=in_article_link\" rel=\"nofollow noopener\" target=\"_blank\" data-ylk=\"slk:PAF;elm:context_link;itc:0;sec:content-canvas\" class=\"link \">PAF<\/a> (Police aux fronti\u00e8res), dans les locaux de son service \u00e0 Paris, a-t-il indiqu\u00e9 lundi.<\/p>\n<p class=\"mb-4 text-lg md:leading-8 break-words\">\u00ab\u00a0Le 10 janvier, vers 14h45, deux policiers ayant entendu un t\u00e9l\u00e9phone sonner en vain dans les toilettes en ont forc\u00e9 la porte, et d\u00e9couvert le corps de leur coll\u00e8gue\u00a0\u00bb, a expliqu\u00e9 le parquet. Son <a href=\"https:\/\/www.20minutes.fr\/faits_divers\/4176118-20250930-bas-rhin-gendarme-38-ans-suicide-caserne-arme-service?at_medium=RSS%20feed&amp;at_campaign=ynews&amp;utm_source=yahoo&amp;utm_medium=rss&amp;utm_campaign=news_feed&amp;utm_content=in_article_link\" rel=\"nofollow noopener\" target=\"_blank\" data-ylk=\"slk:arme de service;elm:context_link;itc:0;sec:content-canvas\" class=\"link \">arme de service<\/a> a \u00e9t\u00e9 retrouv\u00e9e au sol\u00a0\u00bb, a-t-il pr\u00e9cis\u00e9.<\/p>\n<p>Le policier \u00e9tait en cong\u00e9<\/p>\n<p class=\"mb-4 text-lg md:leading-8 break-words\">Les faits se sont d\u00e9roul\u00e9s dans des locaux de la PAF dans le 10e\u00a0arrondissement, selon le minist\u00e8re public. Une source polici\u00e8re a pr\u00e9cis\u00e9 qu\u2019il s\u2019agissait des locaux de la PAF <a href=\"https:\/\/www.20minutes.fr\/dossier\/gare_du_nord?at_medium=RSS%20feed&amp;at_campaign=ynews&amp;utm_source=yahoo&amp;utm_medium=rss&amp;utm_campaign=news_feed&amp;utm_content=in_article_link\" rel=\"nofollow noopener\" target=\"_blank\" data-ylk=\"slk:gare du Nord;elm:context_link;itc:0;sec:content-canvas\" class=\"link \">gare du Nord<\/a>.<\/p>\n<p>Publicit\u00e9<\/p>\n<p>Publicit\u00e9<\/p>\n<p>Publicit\u00e9<\/p>\n<p>Publicit\u00e9<\/p>\n<p class=\"mb-4 text-lg md:leading-8 break-words\">Le fonctionnaire \u00e9tait en cong\u00e9 et ne devait pas se trouver dans les locaux, selon la source polici\u00e8re. Le parquet a pr\u00e9cis\u00e9 avoir confi\u00e9 l\u2019enqu\u00eate en recherche des causes de la mort au commissariat du 10e\u00a0arrondissement.<\/p>\n<p class=\"mb-4 text-lg md:leading-8 break-words\"><a href=\"https:\/\/www.20minutes.fr\/paris\/4195664-20260112-paris-enquete-ouverte-apres-mort-policier-paf-locaux-service?at_medium=RSS%20feed&amp;at_campaign=ynews&amp;utm_source=yahoo&amp;utm_medium=rss&amp;utm_campaign=news_feed&amp;utm_content=read_more_link&quot;\" rel=\"nofollow noopener\" target=\"_blank\" data-ylk=\"slk:Lire la suite sur 20minutes;elm:context_link;itc:0;sec:content-canvas\" class=\"link \">Lire la suite sur 20minutes<\/a><\/p>\n<p>\u00c0 lire aussi :<br \/><a href=\"https:\/\/www.20minutes.fr\/faits_divers\/4194693-20260106-hauts-seine-enquete-ouverte-apres-accusations-viol-enfant-foyer-ase?at_medium=RSS%20feed&amp;at_campaign=ynews&amp;utm_source=yahoo&amp;utm_medium=rss&amp;utm_campaign=news_feed&amp;utm_content=related_content_link\" rel=\"nofollow noopener\" target=\"_blank\" data-ylk=\"slk:Hauts-de-Seine\u00a0: Une enqu\u00eate ouverte apr\u00e8s des accusations de viol d\u2019une enfant dans un foyer de l\u2019Ase;elm:context_link;itc:0;sec:content-canvas\" class=\"link \">Hauts-de-Seine\u00a0: Une enqu\u00eate ouverte apr\u00e8s des accusations de viol d\u2019une enfant dans un foyer de l\u2019Ase<\/a><br \/><a href=\"https:\/\/www.20minutes.fr\/nantes\/4195617-20260112-nantes-enquete-ouverte-apres-deces-lyceen-chambre-internat?at_medium=RSS%20feed&amp;at_campaign=ynews&amp;utm_source=yahoo&amp;utm_medium=rss&amp;utm_campaign=news_feed&amp;utm_content=related_content_link\" rel=\"nofollow noopener\" target=\"_blank\" data-ylk=\"slk:Nantes\u00a0: Une enqu\u00eate ouverte apr\u00e8s le d\u00e9c\u00e8s d\u2019un lyc\u00e9en dans sa chambre d\u2019internat;elm:context_link;itc:0;sec:content-canvas\" class=\"link \">Nantes\u00a0: Une enqu\u00eate ouverte apr\u00e8s le d\u00e9c\u00e8s d\u2019un lyc\u00e9en dans sa chambre d\u2019internat<\/a><\/p>\n","protected":false},"excerpt":{"rendered":"drame &#8211; Des policiers de la PAF du 10e\u00a0arrondissement de Paris ont d\u00e9couvert lundi le corps sans vie&hellip;\n","protected":false},"author":2,"featured_media":658721,"comment_status":"","ping_status":"","sticky":false,"template":"","format":"standard","meta":{"footnotes":""},"categories":[1888],"tags":[46427,1111,1928,11,1927,1777,674,1011,27,14917,12,1926,626,1925,25],"class_list":{"0":"post-658720","1":"post","2":"type-post","3":"status-publish","4":"format-standard","5":"has-post-thumbnail","7":"category-paris","8":"tag-10e-arrondissement-de-paris","9":"tag-actu","10":"tag-actu-paris","11":"tag-actualites","12":"tag-actualites-paris","13":"tag-eu","14":"tag-europe","15":"tag-fr","16":"tag-france","17":"tag-locaux","18":"tag-news","19":"tag-news-paris","20":"tag-paris","21":"tag-paris-news","22":"tag-republique-francaise"},"share_on_mastodon":{"url":"https:\/\/pubeurope.com\/@fr\/115883099024780168","error":""},"_links":{"self":[{"href":"https:\/\/www.europesays.com\/fr\/wp-json\/wp\/v2\/posts\/658720","targetHints":{"allow":["GET"]}}],"collection":[{"href":"https:\/\/www.europesays.com\/fr\/wp-json\/wp\/v2\/posts"}],"about":[{"href":"https:\/\/www.europesays.com\/fr\/wp-json\/wp\/v2\/types\/post"}],"author":[{"embeddable":true,"href":"https:\/\/www.europesays.com\/fr\/wp-json\/wp\/v2\/users\/2"}],"replies":[{"embeddable":true,"href":"https:\/\/www.europesays.com\/fr\/wp-json\/wp\/v2\/comments?post=658720"}],"version-history":[{"count":0,"href":"https:\/\/www.europesays.com\/fr\/wp-json\/wp\/v2\/posts\/658720\/revisions"}],"wp:featuredmedia":[{"embeddable":true,"href":"https:\/\/www.europesays.com\/fr\/wp-json\/wp\/v2\/media\/658721"}],"wp:attachment":[{"href":"https:\/\/www.europesays.com\/fr\/wp-json\/wp\/v2\/media?parent=658720"}],"wp:term":[{"taxonomy":"category","embeddable":true,"href":"https:\/\/www.europesays.com\/fr\/wp-json\/wp\/v2\/categories?post=658720"},{"taxonomy":"post_tag","embeddable":true,"href":"https:\/\/www.europesays.com\/fr\/wp-json\/wp\/v2\/tags?post=658720"}],"curies":[{"name":"wp","href":"https:\/\/api.w.org\/{rel}","templated":true}]}}