{"id":658724,"date":"2026-01-12T16:36:23","date_gmt":"2026-01-12T16:36:23","guid":{"rendered":"https:\/\/www.europesays.com\/fr\/658724\/"},"modified":"2026-01-12T16:36:23","modified_gmt":"2026-01-12T16:36:23","slug":"grace-a-la-serie-emily-in-paris-ces-sacs-a-main-fabriques-dans-un-village-de-montagne-iserois-sarrachent","status":"publish","type":"post","link":"https:\/\/www.europesays.com\/fr\/658724\/","title":{"rendered":"Gr\u00e2ce \u00e0 la s\u00e9rie \u00ab\u00a0Emily in Paris\u00a0\u00bb, ces sacs \u00e0 main fabriqu\u00e9s dans un village de montagne is\u00e9rois s\u2019arrachent"},"content":{"rendered":"<p class=\"paragraph text_align_left lp-f-body-02\">\u00ab Voir notre sac \u00e0 main dans une s\u00e9rie aussi prestigieuse, c\u2019est un r\u00eave ! \u00bb. Depuis son village de Sinard (<a href=\"https:\/\/www.leparisien.fr\/isere-38\/\" target=\"_blank\" rel=\"noreferrer noopener\">Is\u00e8re<\/a>), perch\u00e9 au milieu des montagnes enneig\u00e9es du Tri\u00e8ves, B\u00e9rang\u00e8re Lagaillarde Eandi peine encore \u00e0 descendre de son petit nuage, quelques semaines apr\u00e8s l\u2019apparition de son sac en cuir rose fluo \u00e0 cha\u00eene noire dans la s\u00e9rie au succ\u00e8s mondial <a href=\"https:\/\/www.leparisien.fr\/culture-loisirs\/emily-in-paris-la-serie-evenement-renouvelee-par-netflix-pour-une-sixieme-saison-06-01-2026-HM3JN72QGVCGZMRO5GOO6VYPKY.php\" target=\"_blank\" rel=\"noopener\">\u00ab Emily in Paris \u00bb<\/a>.<\/p>\n<p class=\"\">Cette fiction Netflix est l\u2019une des plus regard\u00e9es de la plateforme, avec des dizaines de millions de t\u00e9l\u00e9spectateurs partout dans le monde. Depuis 5 saisons, elle raconte la vie en France d\u2019une Am\u00e9ricaine embauch\u00e9e dans une agence de marketing parisienne. La mode y a une place pr\u00e9pond\u00e9rante, tant et si bien que \u00ab Emily in Paris \u00bb est devenue prescriptrice de certaines tendances.<\/p>\n<p>\u00ab Je voulais cr\u00e9er des sacs rock\u2019n roll \u00bb<\/p>\n<p class=\"\">Le conte de f\u00e9es de B\u00e9rang\u00e8re d\u00e9bute en avril 2025. Apr\u00e8s s\u2019\u00eatre sp\u00e9cialis\u00e9e pendant une dizaine d\u2019ann\u00e9es dans la vente de tapis marocains et moldaves, elle vient de se lancer dans les sacs en cuir faits main. \u00ab Je me suis associ\u00e9e \u00e0 Sandra, une amie Polonaise de mon village, dipl\u00f4m\u00e9e d\u2019une \u00e9cole de maroquinerie de Milan \u00bb, raconte B\u00e9rang\u00e8re.<\/p>\n<p class=\"\">\u00ab Tout nous oppose : Sandra est manuelle, pas moi. Tout ce que j\u2019aime en mati\u00e8re de mode, elle d\u00e9teste, et inversement. Je suis arriv\u00e9e \u00e0 la convaincre de faire des sacs plus exub\u00e9rants en choisissant des cuirs aux couleurs vives, issus de chutes de grandes maisons de luxe. Je voulais cr\u00e9er des sacs rock\u2019n roll. \u00bb<\/p>\n<p class=\"\">L\u2019id\u00e9e fonctionne, mais B\u00e9rang\u00e8re veut donner plus de visibilit\u00e9 \u00e0 ses sacs. Son grand atout r\u00e9side dans son carnet d\u2019adresses, h\u00e9rit\u00e9 de la vente de ses tapis par le biais d\u2019<a href=\"https:\/\/bohemianchicinterior.fr\/?srsltid=AfmBOoqKZlXsunJwt6N125Y9eO_TmSCTd87JkMJnE0hhmclGbbrZ87YI\" target=\"_blank\" rel=\"noreferrer noopener\">Instagram<\/a>. De nombreuses c\u00e9l\u00e9brit\u00e9s figurent parmi ses clients, comme Amanda Sthers, Estelle Lef\u00e9bure, Anne Marivin, Laura Smet, Camille Lellouche, Nathalie Baye et\u2026 Philippine Leroy-Beaulieu, une actrice d\u2019\u00ab Emily in Paris \u00bb.<\/p>\n<p class=\"\">B\u00e9rang\u00e8re tente sa chance en proposant ses sacs \u00e0 la com\u00e9dienne. La star, en tournage \u00e0 Rome, ne tarde pas \u00e0 lui r\u00e9pondre : \u00ab Envoyez-les, et si vos sacs fonctionnent avec nos costumes, je vous propose de les mettre dans la s\u00e9rie \u00bb, sugg\u00e8re Philippine Leroy-Beaulieu.<\/p>\n<p><img decoding=\"async\" class=\"image \" loading=\"lazy\" src=\"https:\/\/www.europesays.com\/fr\/wp-content\/uploads\/2026\/01\/5GP23OGZX5F6JKYEMQ7V2XDO7A.jpg\" alt=\"Le courrier envoy\u00e9 par la production de la s\u00e9rie &quot;Emily in Paris&quot; annon\u00e7ant le passage du sac is\u00e9rois dans un \u00e9pisode de la 5e saison. LP\/Thomas Pueyo\" align=\"\" data-rubrique-principale=\"\" data-article-type=\"\" fetchpriority=\"auto\"\/>Le courrier envoy\u00e9 par la production de la s\u00e9rie \u00ab\u00a0Emily in Paris\u00a0\u00bb annon\u00e7ant le passage du sac is\u00e9rois dans un \u00e9pisode de la 5e saison. LP\/Thomas Pueyo<\/p>\n<p class=\"\">\u00ab Sandra, ma maroquini\u00e8re, n\u2019y croyait pas du tout ! Elle ne connaissait m\u00eame pas la s\u00e9rie \u00bb, se souvient B\u00e9rang\u00e8re en souriant. En juin 2025, un message en provenance de Los Angeles confirme le choix d\u2019un sac de Sandra et B\u00e9rang\u00e8re. Au pied du Vercors, dans leur atelier du Tri\u00e8ves, les deux femmes fabriquent et envoient trois exemplaires \u00e0 la production. \u00ab Et le 18 d\u00e9cembre, le jour de mes 48 ans, je vois notre sac port\u00e9 par le personnage de Mindy dans l\u2019\u00e9pisode 6. Dans la foul\u00e9e, les commandes ont afflu\u00e9. C\u2019\u00e9tait incroyable \u00bb, poursuit B\u00e9rang\u00e8re, qui veut garder le chiffre secret. \u00ab \u00c7a repr\u00e9sente plusieurs centaines de sacs \u00bb, souffle-t-elle seulement.<\/p>\n<p class=\"\">Alors que la confection d\u2019un seul sac prend entre 4 et 6 heures, l\u2019enjeu est de tenir la cadence. B\u00e9rang\u00e8re se forme \u00e0 la maroquinerie pour pouvoir seconder Sandra. \u00ab C\u2019est une aventure, mais on va y arriver ! \u00bb assure cette Is\u00e9roise d\u2019adoption, originaire de Corse et pass\u00e9e par Saint-Germain-des-Pr\u00e8s avant de d\u00e9barquer \u00e0 la montagne, il y a 25 ans.<\/p>\n<p class=\"\">Hasard de l\u2019histoire, leur village est voisin de Monestier-de-Clermont, autre bourgade de montagne o\u00f9 est n\u00e9e la marque Moncler, inventeur de la doudoune dans les ann\u00e9es 1950, devenue ic\u00f4ne du luxe \u00e0 la montagne. \u00ab On est encore tr\u00e8s loin de leurs tarifs \u00bb, temp\u00e8re B\u00e9rang\u00e8re. \u00ab Nos sacs co\u00fbtent entre 220 et 300 euros selon le cuir. Les m\u00eames prix qu\u2019avant Emily in Paris. \u00bb<\/p>\n","protected":false},"excerpt":{"rendered":"\u00ab Voir notre sac \u00e0 main dans une s\u00e9rie aussi prestigieuse, c\u2019est un r\u00eave ! \u00bb. Depuis son&hellip;\n","protected":false},"author":2,"featured_media":658725,"comment_status":"","ping_status":"","sticky":false,"template":"","format":"standard","meta":{"footnotes":""},"categories":[1888],"tags":[917,11,872,459,1777,674,1011,27,13028,12,626,25],"class_list":{"0":"post-658724","1":"post","2":"type-post","3":"status-publish","4":"format-standard","5":"has-post-thumbnail","7":"category-paris","8":"tag-actu-locale","9":"tag-actualites","10":"tag-culture-et-loisirs","11":"tag-departements-horsidfo","12":"tag-eu","13":"tag-europe","14":"tag-fr","15":"tag-france","16":"tag-isere-38","17":"tag-news","18":"tag-paris","19":"tag-republique-francaise"},"share_on_mastodon":{"url":"https:\/\/pubeurope.com\/@fr\/115883107130532008","error":""},"_links":{"self":[{"href":"https:\/\/www.europesays.com\/fr\/wp-json\/wp\/v2\/posts\/658724","targetHints":{"allow":["GET"]}}],"collection":[{"href":"https:\/\/www.europesays.com\/fr\/wp-json\/wp\/v2\/posts"}],"about":[{"href":"https:\/\/www.europesays.com\/fr\/wp-json\/wp\/v2\/types\/post"}],"author":[{"embeddable":true,"href":"https:\/\/www.europesays.com\/fr\/wp-json\/wp\/v2\/users\/2"}],"replies":[{"embeddable":true,"href":"https:\/\/www.europesays.com\/fr\/wp-json\/wp\/v2\/comments?post=658724"}],"version-history":[{"count":0,"href":"https:\/\/www.europesays.com\/fr\/wp-json\/wp\/v2\/posts\/658724\/revisions"}],"wp:featuredmedia":[{"embeddable":true,"href":"https:\/\/www.europesays.com\/fr\/wp-json\/wp\/v2\/media\/658725"}],"wp:attachment":[{"href":"https:\/\/www.europesays.com\/fr\/wp-json\/wp\/v2\/media?parent=658724"}],"wp:term":[{"taxonomy":"category","embeddable":true,"href":"https:\/\/www.europesays.com\/fr\/wp-json\/wp\/v2\/categories?post=658724"},{"taxonomy":"post_tag","embeddable":true,"href":"https:\/\/www.europesays.com\/fr\/wp-json\/wp\/v2\/tags?post=658724"}],"curies":[{"name":"wp","href":"https:\/\/api.w.org\/{rel}","templated":true}]}}