{"id":658729,"date":"2026-01-12T16:39:10","date_gmt":"2026-01-12T16:39:10","guid":{"rendered":"https:\/\/www.europesays.com\/fr\/658729\/"},"modified":"2026-01-12T16:39:10","modified_gmt":"2026-01-12T16:39:10","slug":"en-conflit-ouvert-avec-trump-le-patron-de-la-fed-vise-par-une-enquete-federale","status":"publish","type":"post","link":"https:\/\/www.europesays.com\/fr\/658729\/","title":{"rendered":"En conflit ouvert avec Trump, le patron de la Fed vis\u00e9 par une enqu\u00eate f\u00e9d\u00e9rale"},"content":{"rendered":"\n<p>Les tensions entre Donald Trump et le pr\u00e9sident de la R\u00e9serve f\u00e9d\u00e9rale am\u00e9ricain (Fed), Jerome Powell, viennent de prendre une ampleur jusque-l\u00e0 jamais atteinte. Le patron de la Fed est d\u00e9sormais vis\u00e9 par une enqu\u00eate f\u00e9d\u00e9rale visant des d\u00e9clarations tenues lors d\u2019une audition devant le Congr\u00e8s portant sur la r\u00e9novation des b\u00e2timents de l\u2019institution, \u00e0 Washington.<\/p>\n<p>\u201cUne enqu\u00eate criminelle \u00e0 l\u2019\u00e9gard d\u2019un pr\u00e9sident en exercice est sans pr\u00e9c\u00e9dent. Et l\u2019allocution de Powell est tout aussi in\u00e9dite\u201d, <a class=\"ithalc\" data-ithal=\"lien_externe\" data-ithalc=\"[nav_article]\" target=\"_blank\" href=\"https:\/\/www.wsj.com\/economy\/central-banking\/for-years-powell-avoided-fighting-trump-thats-over-27451d32\" rel=\"noopener\">r\u00e9sume <strong>The Wall Street Journal<\/strong><\/a><strong>.<\/strong><\/p>\n<p><a class=\"ithalc\" data-ithal=\"lien_externe\" data-ithalc=\"[nav_article]\" target=\"_blank\" href=\"https:\/\/www.federalreserve.gov\/newsevents\/speech\/powell20260111a.htm\" rel=\"noopener\">Dans une vid\u00e9o publi\u00e9e<\/a> dimanche, l\u2019ancien avocat d\u2019affaire \u00e2g\u00e9 de 72\u00a0ans avait fait savoir que l\u2019institution \u00e9conomique avait re\u00e7u, vendredi 9\u00a0janvier, des convocations du minist\u00e8re de la Justice \u2060pour t\u00e9moigner devant un grand jury, une \u00e9tape pr\u00e9alable \u00e0 de possibles inculpations. Lors de cette intervention, rarissime note la presse \u00e9tasunienne, il avait d\u00e9nonc\u00e9 \u201cdes menaces et une pression constante\u201d en provenance de l\u2019administration Trump, avant d\u2019ajouter\u00a0:<\/p>\n<blockquote><p>\u201cLa Fed subit des menaces de poursuites judiciaires parce qu\u2019elle a d\u00e9cid\u00e9 des taux d\u2019int\u00e9r\u00eat favorables, autant qu\u2019elle puisse le juger, \u00e0 l\u2019ensemble de la nation, plut\u00f4t que de se plier aux pr\u00e9f\u00e9rences du pr\u00e9sident am\u00e9ricain\u201d.<\/p><\/blockquote>\n<p>L\u2019enqu\u00eate ayant conduit \u00e0 cette citation \u00e0 compara\u00eetre a \u00e9t\u00e9 dirig\u00e9e par l<\/p>\n","protected":false},"excerpt":{"rendered":"Les tensions entre Donald Trump et le pr\u00e9sident de la R\u00e9serve f\u00e9d\u00e9rale am\u00e9ricain (Fed), Jerome Powell, viennent de&hellip;\n","protected":false},"author":2,"featured_media":658730,"comment_status":"","ping_status":"","sticky":false,"template":"","format":"standard","meta":{"footnotes":""},"categories":[1589],"tags":[11,3822,4779,75,73,1866,12,316,2542,770,1864,1865,1863,308],"class_list":{"0":"post-658729","1":"post","2":"type-post","3":"status-publish","4":"format-standard","5":"has-post-thumbnail","7":"category-etats-unis","8":"tag-actualites","9":"tag-amu00e9riques","10":"tag-banque-centrale","11":"tag-donald-trump","12":"tag-etats-unis","13":"tag-etats-unis-damerique","14":"tag-news","15":"tag-politique","16":"tag-u00e9conomie","17":"tag-u00e9tats-unis","18":"tag-united-states","19":"tag-united-states-of-america","20":"tag-us","21":"tag-usa"},"share_on_mastodon":{"url":"https:\/\/pubeurope.com\/@fr\/115883118649403508","error":""},"_links":{"self":[{"href":"https:\/\/www.europesays.com\/fr\/wp-json\/wp\/v2\/posts\/658729","targetHints":{"allow":["GET"]}}],"collection":[{"href":"https:\/\/www.europesays.com\/fr\/wp-json\/wp\/v2\/posts"}],"about":[{"href":"https:\/\/www.europesays.com\/fr\/wp-json\/wp\/v2\/types\/post"}],"author":[{"embeddable":true,"href":"https:\/\/www.europesays.com\/fr\/wp-json\/wp\/v2\/users\/2"}],"replies":[{"embeddable":true,"href":"https:\/\/www.europesays.com\/fr\/wp-json\/wp\/v2\/comments?post=658729"}],"version-history":[{"count":0,"href":"https:\/\/www.europesays.com\/fr\/wp-json\/wp\/v2\/posts\/658729\/revisions"}],"wp:featuredmedia":[{"embeddable":true,"href":"https:\/\/www.europesays.com\/fr\/wp-json\/wp\/v2\/media\/658730"}],"wp:attachment":[{"href":"https:\/\/www.europesays.com\/fr\/wp-json\/wp\/v2\/media?parent=658729"}],"wp:term":[{"taxonomy":"category","embeddable":true,"href":"https:\/\/www.europesays.com\/fr\/wp-json\/wp\/v2\/categories?post=658729"},{"taxonomy":"post_tag","embeddable":true,"href":"https:\/\/www.europesays.com\/fr\/wp-json\/wp\/v2\/tags?post=658729"}],"curies":[{"name":"wp","href":"https:\/\/api.w.org\/{rel}","templated":true}]}}