{"id":658731,"date":"2026-01-12T16:40:11","date_gmt":"2026-01-12T16:40:11","guid":{"rendered":"https:\/\/www.europesays.com\/fr\/658731\/"},"modified":"2026-01-12T16:40:11","modified_gmt":"2026-01-12T16:40:11","slug":"un-ex-ministre-des-finances-rejoint-nigel-farage","status":"publish","type":"post","link":"https:\/\/www.europesays.com\/fr\/658731\/","title":{"rendered":"un ex-ministre des Finances rejoint Nigel Farage"},"content":{"rendered":"<p>Au fil des jours, le constat s&rsquo;impose doucement mais s\u00fbrement : la recomposition politique britannique s\u2019acc\u00e9l\u00e8re et Reform UK consolide sa dynamique dans les sondages. Dernier ralliement en date : l\u2019ancien ministre des Finances conservateur Nadhim Zahawi a annonc\u00e9, ce lundi, rejoindre le parti anti-immigration de Nigel Farage. Cette d\u00e9fection de haut niveau fragilise un peu plus les Tories, lourdement battus par les travaillistes en juillet 2024.<\/p>\n<p>Ancien pr\u00e9sident du Parti conservateur et figure famili\u00e8re de l\u2019appareil gouvernemental, Nadhim Zahawi a justifi\u00e9 son choix en dressant un tableau alarmiste de la situation du pays. Le Royaume-Uni serait, selon lui, entr\u00e9 dans une p\u00e9riode \u00ab sombre et dangereuse \u00bb et aurait \u00ab besoin de Nigel Farage comme Premier ministre \u00bb. Une prise de position forte, formul\u00e9e lors d\u2019une conf\u00e9rence de presse \u00e0 Londres, aux c\u00f4t\u00e9s de celui qui fut l\u2019un des principaux artisans du Brexit.<\/p>\n<p>\u00ab Je suis inspir\u00e9 par sa volont\u00e9 de dire des v\u00e9rit\u00e9s difficiles plut\u00f4t que de se cacher derri\u00e8re un mensonge confortable \u00bb, a notamment d\u00e9clar\u00e9 Nadhim Zahawi, soulignant son adh\u00e9sion \u00e0 la ligne politique assum\u00e9e de Reform UK. Cette d\u00e9claration intervient alors que le parti de Nigel Farage caracole en t\u00eate des intentions de vote en vue des prochaines \u00e9lections l\u00e9gislatives pr\u00e9vues en 2029, selon plusieurs enqu\u00eates d\u2019opinion.<\/p>\n<p>Un parfum Maga&#13;\n<\/p>\n<p>Sur le plan politique, cette dynamique souligne l\u2019effondrement des conservateurs, rest\u00e9s au pouvoir pendant quatorze ans avant leur d\u00e9faite face au Labour. Reform UK devrait \u00e9galement engranger des gains significatifs d\u00e8s les \u00e9lections locales de mai, notamment en \u00c9cosse, au pays de Galles et dans plusieurs r\u00e9gions d\u2019Angleterre.<\/p>\n<p>La r\u00e9action des conservateurs ne s\u2019est pas fait attendre. Un porte-parole a estim\u00e9 que Reform UK \u00e9tait \u00ab en passe de devenir le parti des politiques has been \u00bb, rappelant par ailleurs que Nadhim Zahawi avait lui-m\u00eame qualifi\u00e9 Nigel Farage de \u00ab raciste \u00bb par le pass\u00e9. Un \u00e9pisode britannique qui n&rsquo;est pas sans rappeler les p\u00e9rip\u00e9ties du mouvement Maga aux \u00c9tats-Unis avant l&rsquo;\u00e9lection de Donald Trump.<\/p>\n<p>Pour les milieux \u00e9conomiques, cette mont\u00e9e en puissance nourrit des interrogations sur l\u2019avenir budg\u00e9taire et commercial du pays. Le parcours de Nadhim Zahawi reste toutefois controvers\u00e9 : limog\u00e9 en 2023 pour des d\u00e9m\u00eal\u00e9s fiscaux, il est le vingti\u00e8me cadre des Tories \u00e0 rejoindre Reform UK. N\u00e9 en Irak et naturalis\u00e9 britannique, il a occup\u00e9 le poste de chancelier de l\u2019\u00c9chiquier entre juillet et septembre 2022, \u00e0 la toute fin du mandat de Boris Johnson, une p\u00e9riode marqu\u00e9e par une forte instabilit\u00e9 \u00e9conomique et politique.<\/p>\n<p>Incertitude \u00e9conomique&#13;\n<\/p>\n<p>Au-del\u00e0 des jeux d\u2019appareils, les positions \u00e9conomiques de Nigel Farage continuent d\u2019inqui\u00e9ter une partie des acteurs du march\u00e9. Lors de la m\u00eame conf\u00e9rence de presse, il a r\u00e9it\u00e9r\u00e9 son opposition \u00e0 tout rapprochement avec l\u2019Union europ\u00e9enne, alors que le Premier ministre travailliste Keir Starmer envisage un alignement accru sur certaines r\u00e8gles du march\u00e9 unique. Pour les investisseurs, cette radicalit\u00e9 assum\u00e9e renforce l\u2019incertitude sur la trajectoire \u00e9conomique du Royaume-Uni \u00e0 moyen terme, \u00e0 mesure que le parti confirme sa perc\u00e9e \u00e9lectorale.<\/p>\n<p>Le leader de Reform UK a \u00e9galement vivement r\u00e9agi \u00e0 des informations de la presse britannique \u00e9voquant l\u2019existence d\u2019une \u00ab clause Farage \u00bb dans un accord agroalimentaire entre Londres et Bruxelles, destin\u00e9e \u00e0 emp\u00eacher une ren\u00e9gociation en cas d\u2019alternance politique. Une telle disposition serait, selon lui, \u00ab tra\u00eetre \u00bb et \u00ab contraire \u00e0 l\u2019int\u00e9r\u00eat national \u00bb.<\/p>\n","protected":false},"excerpt":{"rendered":"Au fil des jours, le constat s&rsquo;impose doucement mais s\u00fbrement : la recomposition politique britannique s\u2019acc\u00e9l\u00e8re et Reform&hellip;\n","protected":false},"author":2,"featured_media":658732,"comment_status":"","ping_status":"","sticky":false,"template":"","format":"standard","meta":{"footnotes":""},"categories":[1588],"tags":[5734,11,3031,76096,33,1777,674,76097,18086,9467,12,51589,473,1853,1851,1850,1852],"class_list":{"0":"post-658731","1":"post","2":"type-post","3":"status-publish","4":"format-standard","5":"has-post-thumbnail","7":"category-royaume-uni","8":"tag-5734","9":"tag-actualites","10":"tag-au","11":"tag-debauche","12":"tag-economie","13":"tag-eu","14":"tag-europe","15":"tag-ex-ministre","16":"tag-farage","17":"tag-finances","18":"tag-news","19":"tag-nigel","20":"tag-royaume-uni","21":"tag-royaume-uni-de-grande-bretagne-et-dirlande-du-nord","22":"tag-uk","23":"tag-united-kingdom","24":"tag-united-kingdom-of-great-britain-and-northern-ireland"},"share_on_mastodon":{"url":"https:\/\/pubeurope.com\/@fr\/115883122679019991","error":""},"_links":{"self":[{"href":"https:\/\/www.europesays.com\/fr\/wp-json\/wp\/v2\/posts\/658731","targetHints":{"allow":["GET"]}}],"collection":[{"href":"https:\/\/www.europesays.com\/fr\/wp-json\/wp\/v2\/posts"}],"about":[{"href":"https:\/\/www.europesays.com\/fr\/wp-json\/wp\/v2\/types\/post"}],"author":[{"embeddable":true,"href":"https:\/\/www.europesays.com\/fr\/wp-json\/wp\/v2\/users\/2"}],"replies":[{"embeddable":true,"href":"https:\/\/www.europesays.com\/fr\/wp-json\/wp\/v2\/comments?post=658731"}],"version-history":[{"count":0,"href":"https:\/\/www.europesays.com\/fr\/wp-json\/wp\/v2\/posts\/658731\/revisions"}],"wp:featuredmedia":[{"embeddable":true,"href":"https:\/\/www.europesays.com\/fr\/wp-json\/wp\/v2\/media\/658732"}],"wp:attachment":[{"href":"https:\/\/www.europesays.com\/fr\/wp-json\/wp\/v2\/media?parent=658731"}],"wp:term":[{"taxonomy":"category","embeddable":true,"href":"https:\/\/www.europesays.com\/fr\/wp-json\/wp\/v2\/categories?post=658731"},{"taxonomy":"post_tag","embeddable":true,"href":"https:\/\/www.europesays.com\/fr\/wp-json\/wp\/v2\/tags?post=658731"}],"curies":[{"name":"wp","href":"https:\/\/api.w.org\/{rel}","templated":true}]}}