{"id":658739,"date":"2026-01-12T16:44:09","date_gmt":"2026-01-12T16:44:09","guid":{"rendered":"https:\/\/www.europesays.com\/fr\/658739\/"},"modified":"2026-01-12T16:44:09","modified_gmt":"2026-01-12T16:44:09","slug":"euro-2026-nedim-remili-est-bien-dans-la-liste-de-lequipe-de-france-arthur-lenne-et-aymeric-zaepfel-quittent-le-groupe-lequipe","status":"publish","type":"post","link":"https:\/\/www.europesays.com\/fr\/658739\/","title":{"rendered":"Euro 2026 : Nedim Remili est bien dans la liste de l&#039;\u00e9quipe de France, Arthur Lenne et Aymeric Zaepfel quittent le groupe &#8211; L&#039;\u00c9quipe"},"content":{"rendered":"<ol>\n<li><a href=\"https:\/\/news.google.com\/rss\/articles\/CBMi_gFBVV95cUxQc0w1Sjl3YmRQa2RGWFVFVUxBWGw5bkw4bzJmZmhTcldLQlZPQ2FUTm9aY1VDeS1PRE8zYWEwN1NDWERIanAtbHpuQzFsTE44U3NVZXJLNW9oZ2FvRWlVZGRJUUIydXVMNVZsR1dTSnVnUERsQXJmamdrUnhfLW00c3VKemREN0pSTHR2eXVPbEFKUTJrLXlZeWhxanVNaUN0dVQ0Nm1uaW9jeEpKb3pvWWJCRnQ0WHhWZ1FWaU45Z0t0dEloMi1ZWjE5VkJGTzBvTU44UFdaZTJNTEs1MWxuY3hEVjZQWVZxYWMyaUI5OFN4UGlNVkRYZ0dFRlNSQQ?oc=5\" target=\"_blank\" rel=\"noopener\">Euro 2026 : Nedim Remili est bien dans la liste de l&rsquo;\u00e9quipe de France, Arthur Lenne et Aymeric Zaepfel quittent le groupe<\/a>&nbsp;&nbsp;L&rsquo;\u00c9quipe<\/li>\n<li><a href=\"https:\/\/news.google.com\/rss\/articles\/CBMi7gFBVV95cUxPRGFzbTdDVURORWktNTlTbGFTYUt5Wk5LSlpkblJiQ3M3SUt3eW50aEJGbVpkZmdZY2lxVXJxeHVIU242d2Y3QTNCRjV4R3NJZGxLY0JrSEtZb05Sa0tUQ0xiMFl6VGNtd1p6N3Y5ZnRXcUdEZ2dqZHN3RlpzNnB6SEh6Rjh5eXhaZF9YYnRLN2FSN1c4Uk9sdjRGcHB4ODNYcFJoVkZFVjd3MlFndEk0ZF9GSkxWUVNlNFJURUNzZ0o2MDhpTnZZTlJ6QktPdHlaSXBYeW04YWw4NWo4clFwOHJtcy1aUlB2czlOb21R?oc=5\" target=\"_blank\" rel=\"noopener\">La F\u00e9d\u00e9ration fran\u00e7aise de handball d\u00e9voile le dispositif de diffusion des championnats d&rsquo;Europe 2026<\/a>&nbsp;&nbsp;F\u00e9d\u00e9ration Fran\u00e7aise de Handball<\/li>\n<li><a href=\"https:\/\/news.google.com\/rss\/articles\/CBMi-wFBVV95cUxObUhnbVFGZEdRSjNkQ0RROGszcGdEd3kzVnlBU09ZR1RYODBFMkhrRXU0Z3JmQjR4d2ZpV1BUNm1vMmFFTG90ckJteHBfZU1yMl9RUXJqNmFJZkJ3R2hjaHd4WjNqR3QwdUl4YkN2emNnUU9ka0VTYlQtWEZqM3JhUkpMSzhZLWUybjJ6UG9LeWVYU3VqQUNyQklUalk1RnRfc3VRRWM5TmNzTUtFOHdjRHA1NmNZb1M2UUV2cTA2Q1QzUFYyaW9JVEhwMXpBQ2Z1NXpFVmxINzJKek5aaVBpN0hpSmF2ZTZSQ1V2T1d4Unh4ckQ2Zk9iSWlCTQ?oc=5\" target=\"_blank\" rel=\"noopener\">\u00c9quipe de France I Liste I Les Bleus avec 18 joueurs \u00e0 l&rsquo;Euro 2026, dont Nedim Remili<\/a>&nbsp;&nbsp;Eurosport<\/li>\n<li><a href=\"https:\/\/news.google.com\/rss\/articles\/CBMi_wFBVV95cUxNbjM3aU9oMjhHZ2gwZ2pKd1VaRmUtR0lXMFRMUG9WYVVISkNsUGVJMnlULThxRTlBMm5BRS1Vc0tFaUdWV2ttNVhic0Fmbng0SGxGTUZvb2NaMEdFdi1HTTQ1MXRCc2pwbF9ldV83QlhlOVZlRFZKOGNWWlhvX2NpSl9ERGhZYVpWUGU3Wm9SLWVrUllkNTN6V2JLazl4UUlXeXZWODlybjZMM1F4LXQ3Z25uT3RQQ0hMZ2R5ZjhOb2tkRnB2Q21rVDdDUGsxdmo5TnZtbXdlaTFjM1BTWEtTeUNXUl83dldmQXpoTUhsTi04NHdHd3JsSlFEN0JXRjg?oc=5\" target=\"_blank\" rel=\"noopener\">Euro de handball. Changement majeur pour la diffusion des matches de l\u2019\u00e9quipe de France<\/a>&nbsp;&nbsp;Ouest-France<\/li>\n<li><a href=\"https:\/\/news.google.com\/rss\/articles\/CBMifEFVX3lxTFBzZUFCWVI3S3FDcHJweEszLV85VkVKSGlRTzFES1pKcGxKSnhENkcxU0wxWHdUaExHZHpDZFo4ZmkwOTFURjhuU1gzNmhGWXFSNGdsMWhYcVl6dHdDRUthNUZ3ZHVvemQxUWxQSXZYRWE0Z1BrTFVrRVdMM1Q?oc=5\" target=\"_blank\" rel=\"noopener\">La liste des Bleus pour l\u2019Euro<\/a>&nbsp;&nbsp;Sports.fr<\/li>\n<\/ol>\n","protected":false},"excerpt":{"rendered":"Euro 2026 : Nedim Remili est bien dans la liste de l&rsquo;\u00e9quipe de France, Arthur Lenne et Aymeric&hellip;\n","protected":false},"author":2,"featured_media":395849,"comment_status":"","ping_status":"","sticky":false,"template":"","format":"standard","meta":{"footnotes":""},"categories":[2],"tags":[11,1011,27,12,25],"class_list":{"0":"post-658739","1":"post","2":"type-post","3":"status-publish","4":"format-standard","5":"has-post-thumbnail","7":"category-actualites","8":"tag-actualites","9":"tag-fr","10":"tag-france","11":"tag-news","12":"tag-republique-francaise"},"share_on_mastodon":{"url":"https:\/\/pubeurope.com\/@fr\/115883138332840578","error":""},"_links":{"self":[{"href":"https:\/\/www.europesays.com\/fr\/wp-json\/wp\/v2\/posts\/658739","targetHints":{"allow":["GET"]}}],"collection":[{"href":"https:\/\/www.europesays.com\/fr\/wp-json\/wp\/v2\/posts"}],"about":[{"href":"https:\/\/www.europesays.com\/fr\/wp-json\/wp\/v2\/types\/post"}],"author":[{"embeddable":true,"href":"https:\/\/www.europesays.com\/fr\/wp-json\/wp\/v2\/users\/2"}],"replies":[{"embeddable":true,"href":"https:\/\/www.europesays.com\/fr\/wp-json\/wp\/v2\/comments?post=658739"}],"version-history":[{"count":0,"href":"https:\/\/www.europesays.com\/fr\/wp-json\/wp\/v2\/posts\/658739\/revisions"}],"wp:featuredmedia":[{"embeddable":true,"href":"https:\/\/www.europesays.com\/fr\/wp-json\/wp\/v2\/media\/395849"}],"wp:attachment":[{"href":"https:\/\/www.europesays.com\/fr\/wp-json\/wp\/v2\/media?parent=658739"}],"wp:term":[{"taxonomy":"category","embeddable":true,"href":"https:\/\/www.europesays.com\/fr\/wp-json\/wp\/v2\/categories?post=658739"},{"taxonomy":"post_tag","embeddable":true,"href":"https:\/\/www.europesays.com\/fr\/wp-json\/wp\/v2\/tags?post=658739"}],"curies":[{"name":"wp","href":"https:\/\/api.w.org\/{rel}","templated":true}]}}