{"id":658751,"date":"2026-01-12T16:56:11","date_gmt":"2026-01-12T16:56:11","guid":{"rendered":"https:\/\/www.europesays.com\/fr\/658751\/"},"modified":"2026-01-12T16:56:11","modified_gmt":"2026-01-12T16:56:11","slug":"kylie-jenner-et-timothee-chalamet-se-sont-ils-disputes-pendant-la-ceremonie-des-golden-globes-une-video-fait-le-buzz","status":"publish","type":"post","link":"https:\/\/www.europesays.com\/fr\/658751\/","title":{"rendered":"Kylie Jenner et Timoth\u00e9e Chalamet se sont-ils disput\u00e9s pendant la c\u00e9r\u00e9monie des Golden Globes\u00a0? Une vid\u00e9o fait le buzz"},"content":{"rendered":"<p>Souvent consid\u00e9r\u00e9e comme \u00e9tant l&rsquo;antichambre des Oscars, la <strong>c\u00e9r\u00e9monie des Golden Globes<\/strong> est toujours scrut\u00e9e de pr\u00e8s par les amateurs du 7e Art. Ainsi, lors de cette <strong>83e \u00e9dition<\/strong> qui s&rsquo;est tenue \u00e0 Los Angeles devant un parterre de stars, c&rsquo;est <strong>le film Une bataille apr\u00e8s l&rsquo;autre de Paul Thomas Anderson <\/strong>qui s&rsquo;est largement impos\u00e9. Au total, cette com\u00e9die satirique s&rsquo;est vue remettre <strong>quatre troph\u00e9es<\/strong> : meilleure com\u00e9die, meilleur r\u00e9alisateur, meilleure actrice dans un second r\u00f4le et meilleur sc\u00e9nario.<\/p>\n<p>Pour le reste\u00a0? Cocorico\u00a0! <strong><a href=\"https:\/\/www.public.fr\/kylie-jenner-et-timothee-chalamet-vacances-en-france-dans-le-var-avec-un-nouveau-look-capillaire\" target=\"_blank\" rel=\"noopener\">Un acteur franco-am\u00e9ricain<\/a><\/strong> s&rsquo;est vu d\u00e9cerner le Golden Globe du meilleur acteur dans une com\u00e9die. Il s&rsquo;agit de <strong>Timoth\u00e9e Chalamet <\/strong>pour son r\u00f4le dans Marty Supreme de Joshua Safdie. Non seulement <a href=\"https:\/\/www.public.fr\/kylie-jenner-et-timothee-chalamet-le-couple-officialise-sur-le-tapis-rouge-en-italie\" target=\"_blank\" rel=\"noopener\">le jeune homme de 30 ans<\/a> a devanc\u00e9 l&rsquo;immense Leonardo di Caprio mais, en plus, il a pu savourer cette victoire en compagnie de <a href=\"https:\/\/www.public.fr\/kylie-jenner-et-timothee-chalamet-surpris-a-bord-dun-jet-prive-ce-detail-qui-choque-la-toile\" target=\"_blank\" rel=\"noopener\">sa ch\u00e9rie<\/a>. En effet, \u00e0 sa table, Kylie Jenner n&rsquo;a pas boud\u00e9 son plaisir de voir sa moiti\u00e9 l&#8217;emporter.<\/p>\n<p>Si tous les deux ont \u00e9chang\u00e9 <strong>un timide baiser <\/strong>avant que Timoth\u00e9e Chalamet ne se pr\u00e9cipite sur le podium, <a href=\"https:\/\/www.public.fr\/je-t-aime-kylie-jenner-et-timothee-chalamet-la-grosse-declaration-aux-golden-globes\" target=\"_blank\" rel=\"noopener\">le couple qui ne se quitte plus depuis 2023<\/a>, est apparu <strong>tr\u00e8s complice<\/strong> s&#8217;embrassant tendrement \u00e0 plusieurs reprises. Des sc\u00e8nes largement diffus\u00e9es sur les r\u00e9seaux sociaux au cours de la soir\u00e9e et notamment sur X.<\/p>\n<p>Kylie Jenner et Timoth\u00e9e Chalamet\u00a0: y aurait-il de l&rsquo;eau dans le gaz entre les deux tourtereaux\u00a0?<\/p>\n<p>C&rsquo;est en tout cas ce qu&rsquo;a affirm\u00e9 une experte en lecture labiale \u00e0 nos confr\u00e8res du Daily Mail. Tout s&rsquo;est jou\u00e9 <strong>discr\u00e8tement \u00e0 leur table <\/strong>en pleine c\u00e9r\u00e9monie.  Ainsi, selon cette sp\u00e9cialiste pr\u00e9nomm\u00e9e Nicola Hickling, <a href=\"https:\/\/www.google.com\/url?sa=t&amp;source=web&amp;rct=j&amp;opi=89978449&amp;url=https:\/\/vsd.fr\/45250-kylie-jenner-et-timothee-chalamet-la-video-des-deux-tourtereaux-au-concert-de-beyonce-fait-reagir\/&amp;ved=2ahUKEwjt3v6p_4WSAxUdOfsDHfCxEbMQFnoECBoQAQ&amp;usg=AOvVaw1hU05N1M9oMvORwAQrpX5M\" target=\"_blank\" rel=\"noopener\">le com\u00e9dien<\/a> se serait d&rsquo;abord pench\u00e9 vers <a href=\"https:\/\/www.google.com\/url?sa=t&amp;source=web&amp;rct=j&amp;opi=89978449&amp;url=https:\/\/vsd.fr\/51215-kendall-jenner-et-createur-jacquemus-secouent-tradition-noel-avec-campagne-audacieuse\/&amp;ved=2ahUKEwjt3v6p_4WSAxUdOfsDHfCxEbMQFnoECC8QAQ&amp;usg=AOvVaw0XHIGb9hgvh15O5a7kha0w\" target=\"_blank\" rel=\"noopener\">sa belle<\/a>. Sans raison apparente, il lui aurait alors lanc\u00e9 un\u00a0: \u00ab\u00a0<strong>Tu dois me d\u00e9tester<\/strong>\u00ab\u00a0. Une petite phrase \u00e0 laquelle Kelly Jenner aurait r\u00e9pondu en souriant avant d&rsquo;ajouter un \u00ab\u00a0oui\u00a0\u00bb approbateur.<\/p>\n<p>Ensuite, Timoth\u00e9e Chalamet aurait demand\u00e9 \u00e0 <a href=\"https:\/\/www.google.com\/url?sa=t&amp;source=web&amp;rct=j&amp;opi=89978449&amp;url=https:\/\/www.public.fr\/kendall-et-kylie-jenner-mort-dans-un-accident-de-velo-la-manageuse-de-leur-pere-navait-que-29-ans&amp;ved=2ahUKEwjt3v6p_4WSAxUdOfsDHfCxEbMQFnoECDEQAQ&amp;usg=AOvVaw1agqup8jvr04hxyLQNViGf\" target=\"_blank\" rel=\"noopener\">la femme d&rsquo;affaires<\/a> si elle \u00e9tait contrari\u00e9e\u00a0; ce \u00e0 quoi elle aurait encore r\u00e9pondu par l&rsquo;affirmative avant que notre frenchy s&rsquo;en inqui\u00e8te. \u00ab\u00a0<strong>Tu as l&rsquo;air f\u00e2ch\u00e9e<\/strong>\u00ab\u00a0, aurait ajout\u00e9 la star d&rsquo;Hollywood toujours selon l&rsquo;experte en lecture labiale. Alors, <strong>y aurait-il des tensions<\/strong> au sein du couple Jenner-Chalamet\u00a0?<\/p>\n<p>\n          Hits &amp; People en continu\n        <\/p>\n<p>\n          Public Radio\n        <\/p>\n<p>      Mentionn\u00e9s dans cet article<\/p>\n<p>      Sur le m\u00eame sujet<\/p>\n","protected":false},"excerpt":{"rendered":"Souvent consid\u00e9r\u00e9e comme \u00e9tant l&rsquo;antichambre des Oscars, la c\u00e9r\u00e9monie des Golden Globes est toujours scrut\u00e9e de pr\u00e8s par&hellip;\n","protected":false},"author":2,"featured_media":658752,"comment_status":"","ping_status":"","sticky":false,"template":"","format":"standard","meta":{"footnotes":""},"categories":[1359],"tags":[1193,2392,58,59,1011,27,76028,19295,6116,973,13427],"class_list":{"0":"post-658751","1":"post","2":"type-post","3":"status-publish","4":"format-standard","5":"has-post-thumbnail","7":"category-people","8":"tag-couple","9":"tag-couple-de-stars","10":"tag-divertissement","11":"tag-entertainment","12":"tag-fr","13":"tag-france","14":"tag-golden-globes","15":"tag-kylie-jenner","16":"tag-los-angeles","17":"tag-people","18":"tag-timothee-chalamet"},"share_on_mastodon":{"url":"https:\/\/pubeurope.com\/@fr\/115883185511450078","error":""},"_links":{"self":[{"href":"https:\/\/www.europesays.com\/fr\/wp-json\/wp\/v2\/posts\/658751","targetHints":{"allow":["GET"]}}],"collection":[{"href":"https:\/\/www.europesays.com\/fr\/wp-json\/wp\/v2\/posts"}],"about":[{"href":"https:\/\/www.europesays.com\/fr\/wp-json\/wp\/v2\/types\/post"}],"author":[{"embeddable":true,"href":"https:\/\/www.europesays.com\/fr\/wp-json\/wp\/v2\/users\/2"}],"replies":[{"embeddable":true,"href":"https:\/\/www.europesays.com\/fr\/wp-json\/wp\/v2\/comments?post=658751"}],"version-history":[{"count":0,"href":"https:\/\/www.europesays.com\/fr\/wp-json\/wp\/v2\/posts\/658751\/revisions"}],"wp:featuredmedia":[{"embeddable":true,"href":"https:\/\/www.europesays.com\/fr\/wp-json\/wp\/v2\/media\/658752"}],"wp:attachment":[{"href":"https:\/\/www.europesays.com\/fr\/wp-json\/wp\/v2\/media?parent=658751"}],"wp:term":[{"taxonomy":"category","embeddable":true,"href":"https:\/\/www.europesays.com\/fr\/wp-json\/wp\/v2\/categories?post=658751"},{"taxonomy":"post_tag","embeddable":true,"href":"https:\/\/www.europesays.com\/fr\/wp-json\/wp\/v2\/tags?post=658751"}],"curies":[{"name":"wp","href":"https:\/\/api.w.org\/{rel}","templated":true}]}}