{"id":658755,"date":"2026-01-12T16:59:12","date_gmt":"2026-01-12T16:59:12","guid":{"rendered":"https:\/\/www.europesays.com\/fr\/658755\/"},"modified":"2026-01-12T16:59:12","modified_gmt":"2026-01-12T16:59:12","slug":"dna-spoiler-erica-prete-a-renouer-avec-son-passe-tf1","status":"publish","type":"post","link":"https:\/\/www.europesays.com\/fr\/658755\/","title":{"rendered":"DNA &#8211; [SPOILER] &#8211; \u00c9rica pr\u00eate \u00e0 renouer avec son pass\u00e9 ? &#8211; TF1+"},"content":{"rendered":"<ol>\n<li><a href=\"https:\/\/news.google.com\/rss\/articles\/CBMitgFBVV95cUxQMnY1MTcyZkp5MHRqaDV6OWdHdHJzUXN3cjBlam1UdE9ibVlkMkREbUVKLUtNd21YTmhHalNPdlJhYkhjRUNfd0IwdnFBc0hqZ1lxeUFKZnZMbHhOejE5SEh3OVVhWDRjb2dmaFFsMHBnRmE5Tmlzc3hxOFdHenRTT0FGUUdwNlZ1cFliMzlrdWJuZGlwREhWdEF1WmxsZEpmdGFyWVIya1l1LU5abC1IX1JLU2Nhdw?oc=5\" target=\"_blank\" rel=\"noopener\">DNA &#8211; [SPOILER] &#8211; \u00c9rica pr\u00eate \u00e0 renouer avec son pass\u00e9 ?<\/a>&nbsp;&nbsp;TF1+<\/li>\n<li><a href=\"https:\/\/news.google.com\/rss\/articles\/CBMifkFVX3lxTE90SnpsdHM3NThnQVRfSGNPTmpnZDlQcUlvZDJDLVlYY1c0ZHNvbGFLaVZhMi1vMFRHTEtzUVhHSFcycTRSTlBSR1hGMWpVbmpKZ0MxekRRWG1ieThfZW9hRHhWM2Qycmo1X0tOemRKa3Rlb0Q2NEJqSUZKUm1UQQ?oc=5\" target=\"_blank\" rel=\"noopener\">Demain nous appartient : et si Basile \u00e9tait en r\u00e9alit\u00e9 le stalker d&rsquo;Erica ?<\/a>&nbsp;&nbsp;AlloCin\u00e9<\/li>\n<li><a href=\"https:\/\/news.google.com\/rss\/articles\/CBMivwFBVV95cUxPWThIa1lXN0hYNDdYcVNLQTFyVnhLQ2xWNkZ1a3hGRWdNVmxOR0ZCcUFzek5TTllKY1RQN2swRXBwTEFtX0dYM1RJQ3lqMFBGNnhFTHJ4TWI5N2M5NlpTM3JsWUttUm4ta0U0OVpVRFBZSVlZZlRZa3ByTW95bmZEdU5tRFdfZnFrMzlaSUhIeXUzX1o1VUFOSERXRWpPdlpNM2pzT01tMGZKbWZlb1hjd3pSOVUtZHdWcWUwN3hHb9IBxAFBVV95cUxPNEJZMlFsQXR6SEhQWERKb090VFNnbllzOWhQbENtaVg2Z0MzdVVHd3ljYmhiYUwtTnAzR1FEZWo4bEotX1ROOWtVb3E3RkNXYkp5am1QQlF4ZTFkcER5ZjRBNEdtWW9pUy1GUTQ5a1pWbzh2SThRWmdTM1pnU2tYcndUWDhLenlVZVkxUDVVX0NfajBsQVRKdjczamI5MTRaMjduSkNGaHp5bGNUaHFtODg1UU1OTVZiVDdrcmtKbTlWUUs5?oc=5\" target=\"_blank\" rel=\"noopener\">Demain Nous Appartient spoilers : tensions, double vie, les r\u00e9sum\u00e9s jusqu\u2019au 30 janvier 2026<\/a>&nbsp;&nbsp;Stars Actu<\/li>\n<li><a href=\"https:\/\/news.google.com\/rss\/articles\/CBMi8AFBVV95cUxNM0M5OXRLSGg1M0Z1T2plX2hwbTI4Um90cXd6aVlnYWl3b3dzbEhuWFVYYWpRRFBPUDhqenN2WDZSbldtVnJwTUV0RTAtZjlxQTY1RWV6b1BVb3dXUVJnRFczTC1Dc29sdTh2N3ctRktKQmY1NjNkQmhEYm45SmlIWi1reUwzeUt0aWJ6Z2lCUGpHbURsbEpZdGFTVE1qMl9pQmtRdVBSTnZTNmhBZjJRelZlZ3Mwamp2eXNyV3JBSTJyMFFQbUtGR3UzSy1tcjhLMjVIODR5ODFPZTBpaTZSMmhZOExmUkdhXzJxZkdsWnI?oc=5\" target=\"_blank\" rel=\"noopener\">Erica et Basile traqu\u00e9s dans l&rsquo;ombre : le harceleur veut leur peau &#8211; Demain nous appartient en avance du 15 janvier 2026<\/a>&nbsp;&nbsp;Nouveaut\u00e9s-T\u00e9l\u00e9.com<\/li>\n<li><a href=\"https:\/\/news.google.com\/rss\/articles\/CBMi7gFBVV95cUxQODlJaU5vZEFLbHNSaGhxSklzanNhbVpwTlNpLVpfUHhoRFJTMGY0NTBBVExDdUhUZ0VCdW9oN3ZQVnljcXdGSzFQZnJOMm1DNEFRQXJTZVhJUVF2VXozSGlHTG1jZ0xFamdDVGxIc0VQN0NLYlpVZ2NwMW5Dcy1MaWtXel9SU1BTMjhxRzk2ZWhBOUxnaGlFWFR5RlllQVdUdzdQaERUU09XUkpvcm9HUG5Ibmw1Vm9QTU5HODdHbnVxa3lBNGUxOXBJX0kwX0tkZVY0eklRaEhwM2F1S3JZMEVHTkpzN25sUzhDMm9B?oc=5\" target=\"_blank\" rel=\"noopener\">Aaron cache un lourd secret, sa double vie enfin d\u00e9voil\u00e9e ? &#8211; Demain nous appartient (spoilers) du 26 au 30 janvier 2026<\/a>&nbsp;&nbsp;Nouveaut\u00e9s-T\u00e9l\u00e9.com<\/li>\n<\/ol>\n","protected":false},"excerpt":{"rendered":"DNA &#8211; [SPOILER] &#8211; \u00c9rica pr\u00eate \u00e0 renouer avec son pass\u00e9 ?&nbsp;&nbsp;TF1+ Demain nous appartient : et si&hellip;\n","protected":false},"author":2,"featured_media":658756,"comment_status":"","ping_status":"","sticky":false,"template":"","format":"standard","meta":{"footnotes":""},"categories":[1356],"tags":[4648,44229,58,59,3483,4647,44228,41321,1011,27,43001,43011,43015,43002,43012,43016,43008,43007,43013,43014,43009,43010,252,1364,43005,43006],"class_list":{"0":"post-658755","1":"post","2":"type-post","3":"status-publish","4":"format-standard","5":"has-post-thumbnail","7":"category-television","8":"tag-demain-nous-appartient-extrait","9":"tag-demain-nous-appartient-extrait-tf1","10":"tag-divertissement","11":"tag-entertainment","12":"tag-extrait","13":"tag-extrait-demain-nous-appartient","14":"tag-extrait-demain-nous-appartient-tf1","15":"tag-extrait-tf1","16":"tag-fr","17":"tag-france","18":"tag-serie-demain-nous-appartient","19":"tag-serie-demain-nous-appartient-streaming","20":"tag-serie-demain-nous-appartient-streaming-gratuit","21":"tag-serie-demain-nous-appartient-tf1","22":"tag-serie-demain-nous-appartient-tf1-streaming","23":"tag-serie-demain-nous-appartient-tf1-streaming-gratuit","24":"tag-serie-demain-nous-appartient-tf1-video","25":"tag-serie-demain-nous-appartient-video","26":"tag-streaming-gratuit-serie-demain-nous-appartient","27":"tag-streaming-gratuit-serie-demain-nous-appartient-tf1","28":"tag-streaming-serie-demain-nous-appartient","29":"tag-streaming-serie-demain-nous-appartient-tf1","30":"tag-television","31":"tag-tv","32":"tag-video-serie-demain-nous-appartient","33":"tag-video-serie-demain-nous-appartient-tf1"},"share_on_mastodon":{"url":"","error":"Validation failed: Text character limit of 500 exceeded"},"_links":{"self":[{"href":"https:\/\/www.europesays.com\/fr\/wp-json\/wp\/v2\/posts\/658755","targetHints":{"allow":["GET"]}}],"collection":[{"href":"https:\/\/www.europesays.com\/fr\/wp-json\/wp\/v2\/posts"}],"about":[{"href":"https:\/\/www.europesays.com\/fr\/wp-json\/wp\/v2\/types\/post"}],"author":[{"embeddable":true,"href":"https:\/\/www.europesays.com\/fr\/wp-json\/wp\/v2\/users\/2"}],"replies":[{"embeddable":true,"href":"https:\/\/www.europesays.com\/fr\/wp-json\/wp\/v2\/comments?post=658755"}],"version-history":[{"count":0,"href":"https:\/\/www.europesays.com\/fr\/wp-json\/wp\/v2\/posts\/658755\/revisions"}],"wp:featuredmedia":[{"embeddable":true,"href":"https:\/\/www.europesays.com\/fr\/wp-json\/wp\/v2\/media\/658756"}],"wp:attachment":[{"href":"https:\/\/www.europesays.com\/fr\/wp-json\/wp\/v2\/media?parent=658755"}],"wp:term":[{"taxonomy":"category","embeddable":true,"href":"https:\/\/www.europesays.com\/fr\/wp-json\/wp\/v2\/categories?post=658755"},{"taxonomy":"post_tag","embeddable":true,"href":"https:\/\/www.europesays.com\/fr\/wp-json\/wp\/v2\/tags?post=658755"}],"curies":[{"name":"wp","href":"https:\/\/api.w.org\/{rel}","templated":true}]}}