{"id":658757,"date":"2026-01-12T17:00:17","date_gmt":"2026-01-12T17:00:17","guid":{"rendered":"https:\/\/www.europesays.com\/fr\/658757\/"},"modified":"2026-01-12T17:00:17","modified_gmt":"2026-01-12T17:00:17","slug":"jean-jacques-goldman-de-retour-grande-annonce","status":"publish","type":"post","link":"https:\/\/www.europesays.com\/fr\/658757\/","title":{"rendered":"Jean-Jacques Goldman de retour : Grande annonce"},"content":{"rendered":"<p>&#13;<br \/>\n\t\t\t&#13;<br \/>\n\t\t\t\t&#13;<\/p>\n<ol class=\"w-full flex justify-start items-start mb-2 p-0 tdn-breadcrumb list-none text-base\" itemscope=\"\" itemtype=\"https:\/\/schema.org\/BreadcrumbList\">&#13;<br \/>\n&#13;<\/p>\n<li itemprop=\"itemListElement\" itemscope=\"\" itemtype=\"https:\/\/schema.org\/ListItem\" class=\"mr-1 flex items-center\">&#13;<br \/>\n\t\t<a itemprop=\"item\" class=\"text-gray-500 flex items-center\" href=\"https:\/\/www.letribunaldunet.fr\" target=\"_blank\" rel=\"noopener\">&#13;<br \/>\n\t\t\t<img loading=\"lazy\" decoding=\"async\" src=\"https:\/\/www.letribunaldunet.fr\/wp-content\/themes\/letribunaldunet-v2\/img\/icon-home-grey.svg\" alt=\"\" width=\"24\" height=\"24\"\/>&#13;<br \/>\n\t\t\tTDN &gt;&#13;<br \/>\n\t\t<\/a>&#13;<br \/>\n\t\t&#13;\n\t<\/li>\n<p>&#13;<br \/>\n&#13;<\/p>\n<li itemprop=\"itemListElement\" itemscope=\"\" itemtype=\"https:\/\/schema.org\/ListItem\" class=\"mr-1 flex items-center\">&#13;<br \/>\n\t\t\t\t\t<a itemprop=\"item\" class=\"text-gray-500 flex items-center\" href=\"https:\/\/www.letribunaldunet.fr\/people\" target=\"_blank\" rel=\"noopener\">&#13;<br \/>\n\t\t\t\t\t\tPeople&#13;<br \/>\n\t\t\t\t\t<\/a>&#13;<br \/>\n\t\t\t\t\t&#13;\n\t\t\t\t<\/li>\n<p>&#13;<br \/>\n\t\t\t&#13;<br \/>\n\t&#13;\n<\/ol>\n<p>&#13;<br \/>\n\t\t\t\t&#13;<br \/>\n&#13;<br \/>\n\t\t\t\t\t\t\t\t&#13;<\/p>\n<p>\t\t\t\t\t\tPubli\u00e9 par<br \/>\n\t\t\t\t\t\t<a href=\"https:\/\/www.letribunaldunet.fr\/author\/fanny\" target=\"_blank\" rel=\"noopener\">&#13;<br \/>\n\t\t\t\t\t\t\t<b class=\"text-blue\">&#13;<br \/>\n\t\t\t\t\t\t\t\tFanny Jacob\t\t\t\t\t\t\t<\/b>&#13;<br \/>\n\t\t\t\t\t\t<\/a><br \/>\n\t\t\t\t\t\t\t\t\t\t\t\t\t\t\t<b>le 12 Jan 2026 \u00e0 11:05<\/b><br \/>\n\t\t\t\t\t\t\t\t\t\t\t\t\t&#13;<br \/>\n&#13;<br \/>\n\t\t\t\t\t&#13;<br \/>\n&#13;<br \/>\n&#13;<br \/>\n&#13;<br \/>\n\t\t\t\t&#13;<\/p>\n<p>C\u2019est une tr\u00e8s bonne nouvelle qui vient de tomber pour les fans du chanteur<strong> Jean-Jacques Goldman<\/strong>. En effet, l\u2019artiste a fait son grand retour apr\u00e8s plusieurs ann\u00e9es d\u2019absence. Et, apparemment, il serait de retour pour une raison particuli\u00e8re. Voici ce que nous savons.<\/p>\n<p><img fetchpriority=\"high\" decoding=\"async\" width=\"762\" height=\"429\" src=\"data:image\/svg+xml,%3Csvg%20xmlns=\" http:=\"\" alt=\"goldman concert @DR\" data-lazy- data-lazy- data-lazy-src=\"https:\/\/www.europesays.com\/fr\/wp-content\/uploads\/2026\/01\/goldman-concert-@DR-762x429.jpg\"\/><\/p>\n<p>goldman concert @DR<br \/>\nJean-Jacques Goldman : la musique dans la peau<\/p>\n<p>Parmi les <a href=\"https:\/\/www.letribunaldunet.fr\/people\" target=\"_blank\" rel=\"noopener\">personnalit\u00e9s publiques<\/a> pr\u00e9f\u00e9r\u00e9es des Fran\u00e7ais, il y a certainement <strong>Jean-Jacques Goldman<\/strong>, un artiste de <a href=\"https:\/\/www.letribunaldunet.fr\/musique\" target=\"_blank\" rel=\"noopener\">musique<\/a> iconique en France, mais aussi connu \u00e0 l\u2019international. Il faut dire que l\u2019artiste a une tr\u00e8s longue carri\u00e8re musicale et artistique derri\u00e8re lui.<\/p>\n<p>D\u00e9sormais \u00e2g\u00e9 de<strong> 74 ans<\/strong>, Jean-Jacques Goldman est n\u00e9 en 1951 \u00e0 Paris. Son p\u00e8re \u00e9tait un juif polonais communiste qui faisait partie de la r\u00e9sistance durant la Seconde Guerre mondiale. Il partagera son foyer avec ses fr\u00e8res et s\u0153ur : <strong>Pierre, \u00c9velyne, et Robert<\/strong> (compositeur sous le nom de J.Kapler).<\/p>\n<p>Tr\u00e8s rapidement, il s\u2019int\u00e9resse \u00e0 la musique, notamment au piano, ou encore \u00e0 la guitare. Il jouera m\u00eame du violet, de l\u2019harmonica et de la cornemuse. Plus tard, son fr\u00e8re cadet, Robert, deviendra m\u00eame<strong> son manager<\/strong> pour superviser sa carri\u00e8re musicale florissante.<\/p>\n<p>La suite apr\u00e8s cette vid\u00e9o<\/p>\n<p><img loading=\"lazy\" decoding=\"async\" width=\"762\" height=\"429\" src=\"data:image\/svg+xml,%3Csvg%20xmlns=\" http:=\"\" alt=\"jean-jacques goldman concert @AFP\" data-lazy- data-lazy- data-lazy-src=\"https:\/\/www.europesays.com\/fr\/wp-content\/uploads\/2026\/01\/jean-jacques-goldman-concert-@AFP-762x429.jpg\"\/><\/p>\n<p>jean-jacques goldman concert @AFP<br \/>\nUne r\u00e9v\u00e9lation lors d\u2019un concert de L\u00e9o Ferr\u00e9<\/p>\n<p>Au d\u00e9but, il chante dans une chorale, o\u00f9 il jouera m\u00eame de l\u2019orgue num\u00e9rique. Par la suite, il commencera \u00e0 enregistrer des morceaux au studio en 1966 avec le groupe paroissien des <strong>Red Mountain Gospellers<\/strong>. Puis, il d\u00e9couvrira le <strong>rock<\/strong>, s\u2019inspirant notamment de Bob Dylan.<\/p>\n<p>Goldman fondera le groupe <strong>The Phalansters<\/strong> avant de rejoindre le groupe <strong>Ta\u00ef Phong<\/strong>. Il fera essentiellement du rock progressif. Puis, c\u2019est en assistant \u00e0 un concert de L\u00e9o Ferr\u00e9 qu\u2019il d\u00e9couvrira vraiment sa voie artistique.<\/p>\n<p><img loading=\"lazy\" decoding=\"async\" width=\"762\" height=\"429\" src=\"data:image\/svg+xml,%3Csvg%20xmlns=\" http:=\"\" alt=\"image jean-jacques goldman @AFP\" data-lazy- data-lazy- data-lazy-src=\"https:\/\/www.europesays.com\/fr\/wp-content\/uploads\/2026\/01\/image-jean-jacques-goldman-@AFP-762x429.jpg\"\/><\/p>\n<p>image jean-jacques goldman @AFP<\/p>\n<p>\u00ab\u00a0Et l\u00e0, je me suis retrouv\u00e9 <strong>clou\u00e9 sur ma chaise<\/strong>. Je n\u2019ai pas compris ce qui m\u2019arrivait. Et puis j\u2019ai compris que c\u2019\u00e9tait possible en fran\u00e7ais, qu\u2019il y a des mots qui peuvent tuer. Il m\u2019a vraiment eu. Il est inhumain. Devant Ferr\u00e9, qui que tu sois, tu es un petit gar\u00e7on\u00a0\u00bb, disait le chanteur. <\/p>\n<p>\u00ab\u00a0Tous les mots comme po\u00e9sie, mysticisme, dont quinze ans d\u2019\u00c9ducation nationale avaient r\u00e9ussi \u00e0 me d\u00e9go\u00fbter, je les ai compris. <strong>La force des mots, le choc des notes<\/strong>\u00ab\u00a0, avait aussi ajout\u00e9 Jean-Jacques Goldman. Et, finalement, il aura droit \u00e0 ses premiers succ\u00e8s dans les ann\u00e9es 1980.<\/p>\n<p><img loading=\"lazy\" decoding=\"async\" width=\"762\" height=\"429\" src=\"data:image\/svg+xml,%3Csvg%20xmlns=\" http:=\"\" alt=\"image goldman @AFP\" data-lazy- data-lazy- data-lazy-src=\"https:\/\/www.europesays.com\/fr\/wp-content\/uploads\/2026\/01\/image-goldman-@AFP-762x429.jpg\"\/><\/p>\n<p>image goldman @AFP<br \/>\nDes chansons \u00e0 succ\u00e8s et de tr\u00e8s belles rencontres artistiques<\/p>\n<p>Un succ\u00e8s dans les ann\u00e9es 1980 qui s\u2019explique par le succ\u00e8s de plusieurs chansons comme : Il suffira d\u2019un signe, Quand la musique est bonne, Comme toi, ou encore <strong>Au bout de mes r\u00eaves<\/strong>, mais aussi Encore un matin et <strong>Envole-moi.<\/strong><\/p>\n<p>Et finalement, au cours de sa carri\u00e8re, Jean-Jacques Goldman s\u2019est fait conna\u00eetre avec sa voix, ses compositions, au point de collaborer et de c\u00f4toyer de nombreux grands noms de la musique. Il a notamment<strong> <a href=\"https:\/\/www.letribunaldunet.fr\/people\/jean-jacques-goldman-celine-dion-font-retour-devant-scene.html\" target=\"_blank\" rel=\"noopener\">collabor\u00e9 avec C\u00e9line Dion<\/a><\/strong>, dont il est rest\u00e9 tr\u00e8s proche.<\/p>\n<p>Goldman fut m\u00eame une sorte de mentor pour certains artistes. Ce fut <a href=\"https:\/\/www.letribunaldunet.fr\/actualites\/jean-jacques-goldman-sauve-vie-marc-lavoine.html\" target=\"_blank\" rel=\"noopener\">le cas avec <\/a><strong><a href=\"https:\/\/www.letribunaldunet.fr\/actualites\/jean-jacques-goldman-sauve-vie-marc-lavoine.html\" target=\"_blank\" rel=\"noopener\">Marc Lavoine<\/a><\/strong>,<strong> <\/strong>qu\u2019il a beaucoup aid\u00e9 dans le d\u00e9but de sa carri\u00e8re. Et il a \u00e9galement d\u00e9j\u00e0 vol\u00e9 au second d\u2019un autre artiste de la musique fran\u00e7aise,<strong> <a href=\"https:\/\/www.letribunaldunet.fr\/people\/calogero-periode-compliquee-soutien-jean-jacques-goldman.html\" target=\"_blank\" rel=\"noopener\">Calogero<\/a>.<\/strong><\/p>\n<p><img loading=\"lazy\" decoding=\"async\" width=\"762\" height=\"429\" src=\"data:image\/svg+xml,%3Csvg%20xmlns=\" http:=\"\" alt=\"goldman jeune @DR\" data-lazy- data-lazy- data-lazy-src=\"https:\/\/www.europesays.com\/fr\/wp-content\/uploads\/2026\/01\/goldman-jeune-@DR-762x429.jpg\"\/><\/p>\n<p>goldman jeune @DR<\/p>\n<p>D\u2019autres collaborations marquantes et projets auxquels il a particip\u00e9 apr\u00e8s son retrait de la sc\u00e8ne<\/p>\n<p>Il fut aussi tr\u00e8s proche de ses amis Carole Fredericks et Michael Jones avec qui il fera d\u2019ailleurs<strong> Fredericks Goldman Jones<\/strong>. Et finalement, l\u2019artiste sortira son dernier album studio en 2001, Chansons pour les pieds, avant de <strong>se retirer de la sc\u00e8ne <\/strong>musicale et de la vie publique dans les ann\u00e9es 2000.<\/p>\n<p>En restant tr\u00e8s discret, il aura plusieurs projets, il composera plusieurs chansons pour d\u2019autres artistes et collaborera avec plusieurs chanteurs comme Calogero,<strong> Patrick Fiori<\/strong>, Gr\u00e9goire, ou encore B\u00e9nabar, Francis Cabrel et<strong> Alain Souchon<\/strong>.<\/p>\n<p>Par la suite, Goldman a \u00e9t\u00e9 sacr\u00e9 comme \u00e9tant l\u2019un des chanteurs pr\u00e9f\u00e9r\u00e9s des Fran\u00e7ais. Et, il sera engag\u00e9 dans la cause humanitaire, notamment<strong> <a href=\"https:\/\/www.letribunaldunet.fr\/people\/dans-lombre-le-coup-de-gueule-de-jean-jacques-goldman-sur-les-enfoires-comment-avez-vous-pu.html\" target=\"_blank\" rel=\"noopener\">chez Les Enfoir\u00e9s<\/a><\/strong> ou encore pour sa participation au <strong>Sidaction<\/strong>. Puis, pour le d\u00e9fil\u00e9 du <strong>14 juillet 2025<\/strong>, il composera aussi une chanson.<\/p>\n<p><img loading=\"lazy\" decoding=\"async\" width=\"762\" height=\"429\" src=\"data:image\/svg+xml,%3Csvg%20xmlns=\" http:=\"\" alt=\"concert goldman @AFP\" data-lazy- data-lazy- data-lazy-src=\"https:\/\/www.europesays.com\/fr\/wp-content\/uploads\/2026\/01\/concert-goldman-@AFP-762x429.jpg\"\/><\/p>\n<p>concert goldman @AFP<br \/>\nJean-Jacques Goldman est de retour en France<\/p>\n<p>Notez qu\u2019il a aussi fait des chansons pour des films, comme pour Ast\u00e9rix et Ob\u00e9lix contre C\u00e9sar, ou Pacific Palisades. Mais, mis \u00e0 part quelques projets r\u00e9cents r\u00e9alis\u00e9s dans l\u2019ombre, Jean-Jacques Goldman ne donne pas beaucoup de nouvelles et cela fait bien<strong> longtemps qu\u2019il n\u2019a pas sorti de chanson<\/strong>.<\/p>\n<p>D\u2019ailleurs, ses fans se demandent s\u2019ils auront un jour le plaisir de r\u00e9entendre sa voix en concert. Mais, heureusement pour les fans de Goldman, une tr\u00e8s bonne nouvelle vient de tomber. En effet, c\u2019est officiel : Jean-Jacques Goldman est de<strong> retour en France<\/strong>. Un bon d\u00e9but, non ?<\/p>\n<p><img loading=\"lazy\" decoding=\"async\" width=\"762\" height=\"429\" src=\"data:image\/svg+xml,%3Csvg%20xmlns=\" http:=\"\" alt=\"jean jacques goldman @AFP\" data-lazy- data-lazy- data-lazy-src=\"https:\/\/www.europesays.com\/fr\/wp-content\/uploads\/2026\/01\/jean-jacques-goldman-@AFP-1-762x429.jpg\"\/><\/p>\n<p>jean jacques goldman @AFP<br \/>\nPapa de six enfants, il vivait \u00e0 Londres depuis 2016<\/p>\n<p>Si vous ne le saviez pas, le chanteur ne vivait plus en France depuis plusieurs ann\u00e9es. Au cours de sa vie, il a d\u2019ailleurs beaucoup d\u00e9m\u00e9nag\u00e9. Jean-Jacques Goldman \u00e9pouse <strong>Catherine Morlet <\/strong>en 1975, avec qui il aura trois enfants : <strong>Nina, Michael et Caroline<\/strong>.<\/p>\n<p>Mais, avec sa seconde \u00e9pouse, <strong>Nathalie Thu Huong-Lagier<\/strong>, qu\u2019il \u00e9pouse en 2001, il d\u00e9m\u00e9nagera \u00e0 Marseille, puisqu\u2019elle est originaire de cette ville. Ils auront trois filles ensemble (<strong>Maya, Kimi et Rose<\/strong>), le papa de six enfants s\u2019installe alors dans un appartement \u00e0 Plan-de-Cuques.<\/p>\n<p>Puis, il d\u00e9m\u00e9nage dans une villa du Roucas-Blanc, un quartier chic de <strong>Marseille<\/strong>. Mais, en octobre 2016, le chanteur d\u00e9cide de changer d\u2019horizon et s\u2019installe dans une maison situ\u00e9e dans une banlieue r\u00e9sidentielle de <strong>Londres<\/strong>. <\/p>\n<p><img loading=\"lazy\" decoding=\"async\" width=\"762\" height=\"429\" src=\"data:image\/svg+xml,%3Csvg%20xmlns=\" http:=\"\" alt=\"jean-jacques goldman @AFP\" data-lazy- data-lazy- data-lazy-src=\"https:\/\/www.europesays.com\/fr\/wp-content\/uploads\/2026\/01\/jean-jacques-goldman-@AFP-762x429.jpg\"\/><\/p>\n<p>jean-jacques goldman @AFP<br \/>\nIl d\u00e9cide de quitter Londres pour revenir \u00e0 Marseille<\/p>\n<p>D\u2019ailleurs, la fille de chanteur avait fait quelques <a href=\"https:\/\/www.letribunaldunet.fr\/people\/jean-jacques-goldman-sa-fille-devoile-la-nouvelle-vie-de-lartiste.html\" target=\"_blank\" rel=\"noopener\">r\u00e9v\u00e9lations sur sa nouvelle vie<\/a>, \u00e0 la retraite et de retour dans l\u2019ombre. Et, il semble que la ville de<strong> Londres<\/strong> plaisait beaucoup \u00e0 Jean-Jacques Goldman, qui s\u2019est d\u2019ailleurs beaucoup inspir\u00e9 du<strong> rock anglais<\/strong> durant sa carri\u00e8re.<\/p>\n<p>Dans la ville de Londres, le chanteur retrouve une forme d\u2019anonymat, ce qui semble lui faire le plus grand bien. Toutefois, peu apr\u00e8s le confinement, le chanteur avait d\u00e9cid\u00e9 de refaire ses valises. <strong>En 2021<\/strong>, Jean-Jacques Goldman \u00e9tait effectivement parti de Londres pour <strong>retrouver Marseille<\/strong>.<\/p>\n<p>Marseille semble \u00eatre une ville qu\u2019il appr\u00e9cie particuli\u00e8rement, au bord de l\u2019eau. Goldman, qui est <a href=\"https:\/\/www.letribunaldunet.fr\/argent\/jean-jacques-goldman-retraite-fortune.html\" target=\"_blank\" rel=\"noopener\">actuellement \u00e0 la retraite<\/a>, est-il revenu en France pour une raison particuli\u00e8re. Au d\u00e9but, certains fans pensaient qu\u2019il \u00e9tait revenu \u00e0 cause du <strong>Covid <\/strong>ou encore du <strong>Brexit<\/strong>.<\/p>\n<p><img loading=\"lazy\" decoding=\"async\" width=\"762\" height=\"429\" src=\"data:image\/svg+xml,%3Csvg%20xmlns=\" http:=\"\" alt=\"photo goldman @AFP\" data-lazy- data-lazy- data-lazy-src=\"https:\/\/www.europesays.com\/fr\/wp-content\/uploads\/2026\/01\/photo-goldman-@AFP-762x429.jpg\"\/><\/p>\n<p>photo goldman @AFP<\/p>\n<p>La raison pour laquelle il a voulu revenir en France ?<\/p>\n<p>Mais, finalement, il semble que son retour sur le sol fran\u00e7ais soit d\u00fb \u00e0 une tout autre raison. Alors que l\u2019artiste a v\u00e9cu une <a href=\"https:\/\/www.letribunaldunet.fr\/people\/jean-jacques-goldman-plus-mal-famille-polemique.html\" target=\"_blank\" rel=\"noopener\">vraie pol\u00e9mique familiale<\/a> r\u00e9cemment, il vivrait donc actuellement en France, \u00e0 Marseille. Mais, pourquoi a-t-il voulu <strong>quitter Londres<\/strong>, o\u00f9 il habitait depuis 2016 ?<\/p>\n<p>L\u2019artiste, qui <a href=\"https:\/\/www.letribunaldunet.fr\/people\/pierre-palmade-jean-jacques-goldman-victime-travers-lhumoriste-enfoires.html\" target=\"_blank\" rel=\"noopener\">s\u2019est r\u00e9cemment exprim\u00e9 sur l\u2019affaire Pierre Palmade<\/a>, aurait voulu retourner \u00e0 Marseille pour des raisons familiales. Il aurait voulu<strong> se rapprocher de son fr\u00e8re<\/strong>, <a href=\"https:\/\/www.ohmymag.com\/people\/actu-people\/jean-jacques-goldman-les-vraies-raisons-de-son-retour-en-france-revelees_art176830.html\" target=\"_blank\" rel=\"noreferrer noopener\">comme le r\u00e9v\u00e8lent plusieurs m\u00e9dias<\/a>. Avec son fr\u00e8re,<strong> Robert Goldman<\/strong>, le chanteur aurait une relation tr\u00e8s fusionnelle.<\/p>\n<p><img loading=\"lazy\" decoding=\"async\" width=\"762\" height=\"429\" src=\"data:image\/svg+xml,%3Csvg%20xmlns=\" http:=\"\" alt=\"goldman @AFP\" data-lazy- data-lazy- data-lazy-src=\"https:\/\/www.europesays.com\/fr\/wp-content\/uploads\/2026\/01\/goldman-@AFP-762x429.jpg\"\/><\/p>\n<p>goldman @AFP<\/p>\n<p>Qui est son fr\u00e8re, Robert Goldman ?<\/p>\n<p>Pour rappel, Robert Goldman est donc le petit fr\u00e8re de Jean-Jacques Goldman. Ce dernier est devenu auteur-compositeur, comme son fr\u00e8re. Robert est surtout connu sous le pseudo de<strong> J. Kapler<\/strong> et il a compos\u00e9<strong> plus de 70 chansons<\/strong> dans toute sa carri\u00e8re.<\/p>\n<p>Maintenant, Robert Goldman est \u00e2g\u00e9 de <strong>72 ans<\/strong> et il est notamment connu pour avoir compos\u00e9 des chansons pour<strong> C\u00e9line Dion<\/strong> (notamment la chanson Je sais pas), Tina Arena (Aller plus haut, par exemple), mais aussi pour Isabelle Boulay, pour Chim\u00e8ne Badi, ou<strong> Marc Lavoine<\/strong>.<\/p>\n<p>Robert Goldman compose aussi pour Patricia Kaas, pour <strong>Yannick Noah <\/strong>(il fera plusieurs chansons pour lui, dont Angela), mais aussi pour Florent Pagny, Michel Sardou, Natasha St-Pier, Patrick Fiori, Francky Vincent, ou encore Chantal Goya.<\/p>\n<p>Notez qu\u2019il est aussi l\u2019auteur de deux chansons pour<strong> l\u2019Eurovision<\/strong> : Je n\u2019ai que mon \u00e2me pour Natasha St-Pier et N\u2019oubliez pas pour Lisa Angell en 2015. Et, il est aussi l\u2019un des producteurs du spectacle des Enfoir\u00e9s, m\u00eame s\u2019il reste un artiste tr\u00e8s discret.<\/p>\n<p>Un grand changement d\u2019air pour les trois filles de Jean-Jacques Goldman<\/p>\n<p>Ce serait donc pour se rapprocher de son fr\u00e8re, lui aussi artiste, que Jean-Jacques Goldman serait revenu en France, \u00e0 Marseille. Un gros changement pour ses trois filles, d\u00e9sormais adultes : <strong>Maya, Kimi et Rose<\/strong>. D\u2019ailleurs, les trois jeunes filles, de 18, 20 et 21 ans, sont d\u00e9sormais en \u00e9tudes en France.<\/p>\n<p><strong>Maya<\/strong> ferait des \u00e9tudes sup\u00e9rieures en commerce \u00e0 Lyon, <strong>Kimi <\/strong>serait partie pour Sciences Po, tandis que <strong>Rose <\/strong>aurait d\u00e9but une premi\u00e8re ann\u00e9e de m\u00e9decine. Et, m\u00eame si Goldman avait fait <a href=\"https:\/\/www.letribunaldunet.fr\/actualites\/jean-jacques-goldman-retour-television.html\" target=\"_blank\" rel=\"noopener\">son retour \u00e0 la t\u00e9l\u00e9vision<\/a>, beaucoup de fans s\u2019attendent d\u00e9sormais \u00e0 le revoir en musique. L\u2019avenir le dira.<\/p>\n<p>&#13;<br \/>\n\t\t\t\t&#13;<br \/>\n\t\t\t\t\t\t\t&#13;<br \/>\n\t\t\t&#13;<\/p>\n","protected":false},"excerpt":{"rendered":"&#13; &#13; &#13; &#13; &#13; &#13; &#13; &#13; TDN &gt;&#13; &#13; &#13; &#13; &#13; &#13; &#13; People&#13; &#13;&hellip;\n","protected":false},"author":2,"featured_media":658758,"comment_status":"","ping_status":"","sticky":false,"template":"","format":"standard","meta":{"footnotes":""},"categories":[1355],"tags":[58,59,1011,27,1361,873],"class_list":{"0":"post-658757","1":"post","2":"type-post","3":"status-publish","4":"format-standard","5":"has-post-thumbnail","7":"category-musique","8":"tag-divertissement","9":"tag-entertainment","10":"tag-fr","11":"tag-france","12":"tag-music","13":"tag-musique"},"share_on_mastodon":{"url":"https:\/\/pubeurope.com\/@fr\/115883201409777610","error":""},"_links":{"self":[{"href":"https:\/\/www.europesays.com\/fr\/wp-json\/wp\/v2\/posts\/658757","targetHints":{"allow":["GET"]}}],"collection":[{"href":"https:\/\/www.europesays.com\/fr\/wp-json\/wp\/v2\/posts"}],"about":[{"href":"https:\/\/www.europesays.com\/fr\/wp-json\/wp\/v2\/types\/post"}],"author":[{"embeddable":true,"href":"https:\/\/www.europesays.com\/fr\/wp-json\/wp\/v2\/users\/2"}],"replies":[{"embeddable":true,"href":"https:\/\/www.europesays.com\/fr\/wp-json\/wp\/v2\/comments?post=658757"}],"version-history":[{"count":0,"href":"https:\/\/www.europesays.com\/fr\/wp-json\/wp\/v2\/posts\/658757\/revisions"}],"wp:featuredmedia":[{"embeddable":true,"href":"https:\/\/www.europesays.com\/fr\/wp-json\/wp\/v2\/media\/658758"}],"wp:attachment":[{"href":"https:\/\/www.europesays.com\/fr\/wp-json\/wp\/v2\/media?parent=658757"}],"wp:term":[{"taxonomy":"category","embeddable":true,"href":"https:\/\/www.europesays.com\/fr\/wp-json\/wp\/v2\/categories?post=658757"},{"taxonomy":"post_tag","embeddable":true,"href":"https:\/\/www.europesays.com\/fr\/wp-json\/wp\/v2\/tags?post=658757"}],"curies":[{"name":"wp","href":"https:\/\/api.w.org\/{rel}","templated":true}]}}