{"id":658761,"date":"2026-01-12T17:02:13","date_gmt":"2026-01-12T17:02:13","guid":{"rendered":"https:\/\/www.europesays.com\/fr\/658761\/"},"modified":"2026-01-12T17:02:13","modified_gmt":"2026-01-12T17:02:13","slug":"3-medicaments-que-vous-avez-surement-chez-vous-sont-desormais-classes-comme-plus-dangereux-quutiles","status":"publish","type":"post","link":"https:\/\/www.europesays.com\/fr\/658761\/","title":{"rendered":"3 m\u00e9dicaments que vous avez s\u00fbrement chez vous sont d\u00e9sormais class\u00e9s comme \u00ab\u00a0plus dangereux qu\u2019utiles\u00a0\u00bb"},"content":{"rendered":"<p>Compl\u00e8tement ind\u00e9pendante de <a href=\"https:\/\/www.presse-citron.net\/le-secteur-pharmaceutique-passe-un-cap-lilly-devient-le-plus-gros-groupe-de-lhistoire\/\" target=\"_blank\" rel=\"noopener\">l\u2019industrie pharmaceutique<\/a>, la revue Prescrire actualise chaque ann\u00e9e la liste des m\u00e9dicaments <strong>qu\u2019elle estime comme peu utiles, voire dangereux<\/strong>. Reconnue pour son exigence m\u00e9thodologique, elle combine \u00e9tudes, m\u00e9ta-analyses, comptes-rendus d\u2019essais cliniques et de pharmacovigilance pour les pointer du doigt, quels que soient les discours commerciaux accompagnant la vente de ces compos\u00e9s.<\/p>\n<p>Cette liste, intitul\u00e9e M\u00e9dicaments \u00e0 \u00e9carter pour mieux soigner, (<a href=\"https:\/\/www.prescrire.org\/medicaments-et-evaluations\/medicaments-a-ecarter\" target=\"_blank\" rel=\"false noopener\">t\u00e9l\u00e9chargeable sur cette page<\/a>) est dress\u00e9e depuis 2013 dans le but de \u00ab\u00a0choisir des soins de qualit\u00e9, de ne pas nuire aux patients et d\u2019\u00e9viter de leur faire courir des risques disproportionn\u00e9s\u00a0\u00bb. En 2025, elle maintient dans sa liste plus d\u2019une centaine de traitements, dont <strong>trois tr\u00e8s courants, que des millions de Fran\u00e7ais utilisent sans en mesurer les risques<\/strong>.<\/p>\n<p> Pourquoi ces trois m\u00e9dicaments ont-il rejoint la \u00ab\u00a0liste noire\u00a0\u00bb\u00a0? <\/p>\n<p>Le premier concern\u00e9 est le diclof\u00e9nac, principe actif du Voltar\u00e8ne (et de nombreux autres g\u00e9n\u00e9riques), un m\u00e9dicament class\u00e9 parmi les anti-inflammatoires non st\u00e9ro\u00efdiens (AINS). Synth\u00e9tis\u00e9 pour la premi\u00e8re fois dans les ann\u00e9es 1970, on l\u2019utilise principalement pour soulager les douleurs ou les inflammations articulaires. Tr\u00e8s efficace, son potentiel toxique sur le syst\u00e8me cardiovasculaire est bien \u00e9tabli depuis 2013 (notamment gr\u00e2ce \u00e0 cette \u00e9tude publi\u00e9e dans <a href=\"https:\/\/www.thelancet.com\/journals\/lancet\/article\/PIIS0140-6736(13)60900-9\/fulltext\" target=\"_blank\" rel=\"false noopener\">The Lancet<\/a>), et reste beaucoup plus important que d\u2019autres compos\u00e9s de la m\u00eame famille (ibuprof\u00e8ne, aspirine, k\u00e9toprof\u00e8ne, etc.)<\/p>\n<p>Risques d\u2019infarctus, insuffisance cardiaque, accidents thrombotiques, cardiopathie isch\u00e9mique\u00a0: <strong>ses effets secondaires sont nombreux<\/strong>. Ce qui a amen\u00e9 Prescrire \u00e0 conclure\u00a0: \u00ab Puisqu\u2019il existe des anti-inflammatoires moins dangereux pour la m\u00eame efficacit\u00e9, le diclof\u00e9nac ne devrait plus \u00eatre utilis\u00e9 en premi\u00e8re intention\u00a0\u00bb.<\/p>\n<p>Deuxi\u00e8me pilier de nos armoires \u00e0 pharmacie\u00a0: la diosmectite, plus connue sous son nom commercial Smecta. Son action pharmacologique est principalement m\u00e9canique, car c\u2019est une poudre argileuse qui \u00ab\u00a0bloque\u00a0\u00bb le syst\u00e8me digestif en cas de diarrh\u00e9e.<\/p>\n<p>Quel est le probl\u00e8me dans ce cas\u00a0? <strong>L\u2019argile qu\u2019il contient est souvent contamin\u00e9e au plomb<\/strong>, <a href=\"https:\/\/www.presse-citron.net\/cancer-metaux-lourds-pollution-les-puffs-sont-une-vraie-bombe-a-retardement\/\" target=\"_blank\" rel=\"noopener\">un m\u00e9tal lourd<\/a> d\u00e9l\u00e9t\u00e8re pour l\u2019organisme humain\u00a0: neurotoxique, reprotoxique et mutag\u00e8ne, il peut aussi provoquer des atteintes r\u00e9nales et des troubles cardiovasculaires. Pour le moment, aucune \u00e9tude scientifique solide n\u2019a prouv\u00e9 qu\u2019il avait d\u00e9montr\u00e9 une efficacit\u00e9 sup\u00e9rieure au fait de s\u2019hydrater correctement lors d\u2019un \u00e9pisode diarrh\u00e9ique, le premier r\u00e9flexe \u00e0 adopter si l\u2019on en souffre.<\/p>\n<p>En l\u2019absence de b\u00e9n\u00e9fice prouv\u00e9 et face \u00e0 un risque, m\u00eame minime, d\u2019exposition \u00e0 un toxique, Prescrire l<strong>\u2018a logiquement plac\u00e9 sur sa liste des m\u00e9dicaments \u00e0 \u00e9carter<\/strong>.<\/p>\n<p>Enfin, le troisi\u00e8me compos\u00e9 : l\u2019alpha-amylase, vendue sous la forme <strong>d\u2019un sirop tr\u00e8s utilis\u00e9 contre les maux de gorge, le Maxilase<\/strong>. Une enzyme digestive d\u00e9couverte en 1833, que l\u2019on retrouve dans les sucs pancr\u00e9atiques et dans la salive, mais qui n\u2019a jamais montr\u00e9 de r\u00e9elle efficacit\u00e9 par rapport \u00e0 un placebo. Dans certains cas, bien que rares, elle peut provoquer des r\u00e9actions cutan\u00e9es ou allergiques s\u00e9v\u00e8res.<\/p>\n<p>Voil\u00e0 pourquoi Prescrire a choisi de la lister \u00e0 c\u00f4t\u00e9 des autres compos\u00e9s, \u00e9tant donn\u00e9 qu\u2019il existe de nombreux autres traitements <strong>dont l\u2019efficacit\u00e9 est mieux \u00e9tablie et qui sont moins risqu\u00e9s<\/strong>, tels que les pastilles \u00e0 la chlorhexidine ou au c\u00e9tylpyridinium. Ils r\u00e9duisent l\u2019irritation convenablement et leur balance b\u00e9n\u00e9fices-risques est plus favorable.<\/p>\n<p>Si vous utilisez r\u00e9guli\u00e8rement ces trois m\u00e9dicaments,<strong> il est inutile de c\u00e9der \u00e0 la panique<\/strong>. Prescrire ne fait que <strong>des recommandations \u00e0 vis\u00e9e p\u00e9dagogique<\/strong>, en phase avec l\u2019un des principes les plus importants de la m\u00e9decine contemporaine\u00a0: il vaut mieux se tourner vers des solutions <strong>dont l\u2019efficacit\u00e9 et l\u2019utilit\u00e9 clinique sont incontestables<\/strong>, plut\u00f4t que de continuer \u00e0 <strong>consommer des substances en \u00e9tant guid\u00e9 uniquement par l\u2019habitude<\/strong>. Cette liste ne signifie en aucun cas que ces traitements sont soudainement devenus dangereux ; elle formalise simplement <strong>qu\u2019ils ne doivent plus \u00eatre consid\u00e9r\u00e9s comme des r\u00e9f\u00e9rences<\/strong>.<\/p>\n<blockquote>\n<p class=\"text-base text-neutral-700 dark:text-neutral-300\">\ud83d\udccd Pour ne manquer aucune actualit\u00e9 de Presse-citron, suivez-nous sur <a href=\"https:\/\/news.google.com\/publications\/CAAqBggKMIPiNTC70wU?hl=fr&amp;gl=FR&amp;ceid=FR%3Afr\" target=\"_blank\" rel=\"noopener\">Google Actualit\u00e9s<\/a> et <a href=\"https:\/\/whatsapp.com\/channel\/0029VaCkGuz4NViitBXbEr0b\" target=\"_blank\" rel=\"noopener\">WhatsApp<\/a>.<\/p>\n<\/blockquote>\n<p>            <img decoding=\"async\" src=\"https:\/\/www.europesays.com\/fr\/wp-content\/uploads\/2025\/03\/tous-anti-covid.png\" alt=\"TousAntiCovid\" loading=\"lazy\"\/>                            <\/p>\n","protected":false},"excerpt":{"rendered":"Compl\u00e8tement ind\u00e9pendante de l\u2019industrie pharmaceutique, la revue Prescrire actualise chaque ann\u00e9e la liste des m\u00e9dicaments qu\u2019elle estime comme&hellip;\n","protected":false},"author":2,"featured_media":658762,"comment_status":"","ping_status":"","sticky":false,"template":"","format":"standard","meta":{"footnotes":""},"categories":[10],"tags":[1011,27,72,224,225,71,43],"class_list":{"0":"post-658761","1":"post","2":"type-post","3":"status-publish","4":"format-standard","5":"has-post-thumbnail","7":"category-sante","8":"tag-fr","9":"tag-france","10":"tag-health","11":"tag-medecine","12":"tag-medicament","13":"tag-sante","14":"tag-science"},"share_on_mastodon":{"url":"https:\/\/pubeurope.com\/@fr\/115883209256586873","error":""},"_links":{"self":[{"href":"https:\/\/www.europesays.com\/fr\/wp-json\/wp\/v2\/posts\/658761","targetHints":{"allow":["GET"]}}],"collection":[{"href":"https:\/\/www.europesays.com\/fr\/wp-json\/wp\/v2\/posts"}],"about":[{"href":"https:\/\/www.europesays.com\/fr\/wp-json\/wp\/v2\/types\/post"}],"author":[{"embeddable":true,"href":"https:\/\/www.europesays.com\/fr\/wp-json\/wp\/v2\/users\/2"}],"replies":[{"embeddable":true,"href":"https:\/\/www.europesays.com\/fr\/wp-json\/wp\/v2\/comments?post=658761"}],"version-history":[{"count":0,"href":"https:\/\/www.europesays.com\/fr\/wp-json\/wp\/v2\/posts\/658761\/revisions"}],"wp:featuredmedia":[{"embeddable":true,"href":"https:\/\/www.europesays.com\/fr\/wp-json\/wp\/v2\/media\/658762"}],"wp:attachment":[{"href":"https:\/\/www.europesays.com\/fr\/wp-json\/wp\/v2\/media?parent=658761"}],"wp:term":[{"taxonomy":"category","embeddable":true,"href":"https:\/\/www.europesays.com\/fr\/wp-json\/wp\/v2\/categories?post=658761"},{"taxonomy":"post_tag","embeddable":true,"href":"https:\/\/www.europesays.com\/fr\/wp-json\/wp\/v2\/tags?post=658761"}],"curies":[{"name":"wp","href":"https:\/\/api.w.org\/{rel}","templated":true}]}}