{"id":658781,"date":"2026-01-12T17:13:32","date_gmt":"2026-01-12T17:13:32","guid":{"rendered":"https:\/\/www.europesays.com\/fr\/658781\/"},"modified":"2026-01-12T17:13:32","modified_gmt":"2026-01-12T17:13:32","slug":"retour-en-images-sur-ses-passages-en-lorraine","status":"publish","type":"post","link":"https:\/\/www.europesays.com\/fr\/658781\/","title":{"rendered":"retour en images sur ses passages\u00a0en Lorraine"},"content":{"rendered":"<p>&#13;<br \/>\n              L&rsquo;Est R\u00e9publicain  &#8211; &#13;<br \/>\n        &#13;<br \/>\n          Aujourd&rsquo;hui \u00e0 17:00&#13;<br \/>\n    &#13;<br \/>\n                  | mis \u00e0 jour aujourd&rsquo;hui \u00e0 17:50&#13;<br \/>\n              &#8211; Temps de lecture : &#13;<br \/>\n  &#13;\n<\/p>\n<ul class=\"galerieContent carousel-wrapper__slides\" id=\"b1875d8c-c878-4050-9826-80b4df02d1f0\">        &#13;<\/p>\n<li class=\"carousel-wrapper__slides--slide item\" id=\"slide-1\">&#13;<br \/>\n                                    &#13;<br \/>\n                        <a class=\"chocolat-image GA-tracking\" data-ga_type=\"click\" data-ga_category=\"D\u00e9tail\" data-ga_action=\"zoomer\" data-ga_label=\"aggrandir image\" href=\"https:\/\/cdn-s-www.estrepublicain.fr\/images\/3A88EE0D-666B-4C20-BF05-7097FF67D8BD\/NW_raw\/le-24-juillet-1980-rolland-courbis-et-monaco-debarquent-a-nancy-lors-de-la-premiere-journee-de-d1-victoire-3-2-de-l-asm-photo-jacques-glory-1768221546.jpg\" title=\"Le 24 juillet 1980, Rolland Courbis et Monaco d\u00e9barquent \u00e0 Nancy lors de la premi\u00e8re journ\u00e9e de D1. Victoire 3-2 de l&#039;ASM. Photo Jacques Glory\" target=\"_blank\" rel=\"noopener\">&#13;<br \/>\n                            <img decoding=\"async\" src=\"https:\/\/www.europesays.com\/fr\/wp-content\/uploads\/2026\/01\/le-24-juillet-1980-rolland-courbis-et-monaco-debarquent-a-nancy-lors-de-la-premiere-journee-de-d1-vi.jpeg\"   alt=\"Le 24 juillet 1980, Rolland Courbis et Monaco d\u00e9barquent \u00e0 Nancy lors de la premi\u00e8re journ\u00e9e de D1. Victoire 3-2 de l'ASM. Photo Jacques Glory\" fetchpriority=\"high\" data-mobile=\"NW_detail_M|1768221546\" data-base=\"NW_detail|1768221546\"\/>&#13;<br \/>\n                        <\/a>&#13;<\/p>\n<p>Le 24 juillet 1980, Rolland Courbis et Monaco d\u00e9barquent \u00e0 Nancy lors de la premi\u00e8re journ\u00e9e de D1. Victoire 3-2 de l&rsquo;ASM. Photo Jacques Glory<\/p>\n<p>                        &#13;<br \/>\n                                           &#13;\n                <\/li>\n<p>&#13;<br \/>\n            &#13;<\/p>\n<li class=\"carousel-wrapper__slides--slide item slideWithPub\" id=\"slide-2\">&#13;<br \/>\n                        &#13;<br \/>\n                            <a class=\"chocolat-image\" title=\"Publicit\u00e9\" href=\"data:image\/gif;base64,R0lGODlhAQABAAD\/ACwAAAAAAQABAAACADs=\">&#13;<br \/>\n                                <img decoding=\"async\" src=\"data:image\/gif;base64,R0lGODlhAQABAAD\/ACwAAAAAAQABAAACADs=\" alt=\"Publicit\u00e9\" loading=\"lazy\" fetchpriority=\"low\"\/>&#13;<br \/>\n                            <\/a>&#13;<br \/>\n                        &#13;\n                    <\/li>\n<p>&#13;<\/p>\n<li class=\"carousel-wrapper__slides--slide item\" id=\"slide-3\">&#13;<br \/>\n                                    &#13;<br \/>\n                        <a class=\"chocolat-image GA-tracking\" data-ga_type=\"click\" data-ga_category=\"D\u00e9tail\" data-ga_action=\"zoomer\" data-ga_label=\"aggrandir image\" href=\"https:\/\/cdn-s-www.estrepublicain.fr\/images\/B698E61F-3E1F-4AA7-866F-DE0E4FD82287\/NW_raw\/la-premiere-de-rolland-courbis-en-tant-qu-entraineur-a-nancy-se-deroule-le-18-aout-1990-avec-toulon-il-s-incline-2-1-photo-roger-claudin-1768221546.jpg\" title=\"La premi\u00e8re de Rolland Courbis en tant qu&#039;entra\u00eeneur \u00e0 Nancy se d\u00e9roule le 18\u00a0ao\u00fbt 1990. Avec Toulon, il s&#039;incline 2-1. Photo Roger Claudin\" target=\"_blank\" rel=\"noopener\">&#13;<br \/>\n                            <img decoding=\"async\" src=\"https:\/\/www.europesays.com\/fr\/wp-content\/uploads\/2026\/01\/la-premiere-de-rolland-courbis-en-tant-qu-entraineur-a-nancy-se-deroule-le-18-aout-1990-avec-toulon-.jpeg\"   alt=\"La premi\u00e8re de Rolland Courbis en tant qu'entra\u00eeneur \u00e0 Nancy se d\u00e9roule le 18\u00a0ao\u00fbt 1990. Avec Toulon, il s'incline 2-1. Photo Roger Claudin\" loading=\"lazy\" fetchpriority=\"low\" data-mobile=\"NW_detail_M|1768221546\" data-base=\"NW_detail|1768221546\"\/>&#13;<br \/>\n                        <\/a>&#13;<\/p>\n<p>La premi\u00e8re de Rolland Courbis en tant qu&rsquo;entra\u00eeneur \u00e0 Nancy se d\u00e9roule le 18\u00a0ao\u00fbt 1990. Avec Toulon, il s&rsquo;incline 2-1. Photo Roger Claudin<\/p>\n<p>                        &#13;<br \/>\n                                           &#13;\n                <\/li>\n<p>&#13;<br \/>\n            &#13;<\/p>\n<li class=\"carousel-wrapper__slides--slide item\" id=\"slide-4\">&#13;<br \/>\n                                    &#13;<br \/>\n                        <a class=\"chocolat-image GA-tracking\" data-ga_type=\"click\" data-ga_category=\"D\u00e9tail\" data-ga_action=\"zoomer\" data-ga_label=\"aggrandir image\" href=\"https:\/\/cdn-s-www.estrepublicain.fr\/images\/F13A9836-3C6A-41D4-8590-FB06DFFBE3F9\/NW_raw\/rolland-courbis-en-fevrier-1994-lors-d-un-passage-a-saint-symphorien-ce-jour-la-les-girondins-s-inclinent-1-0-photo-roger-claudin-1768221546.jpg\" title=\"Rolland Courbis en f\u00e9vrier 1994 lors d&#039;un passage \u00e0 Saint-Symphorien : ce jour-l\u00e0, les Girondins s&#039;inclinent 1-0. Photo Roger Claudin\" target=\"_blank\" rel=\"noopener\">&#13;<br \/>\n                            <img decoding=\"async\" src=\"https:\/\/www.europesays.com\/fr\/wp-content\/uploads\/2026\/01\/rolland-courbis-en-fevrier-1994-lors-d-un-passage-a-saint-symphorien-ce-jour-la-les-girondins-s-incl.jpeg\"   alt=\"Rolland Courbis en f\u00e9vrier 1994 lors d'un passage \u00e0 Saint-Symphorien : ce jour-l\u00e0, les Girondins s'inclinent 1-0. Photo Roger Claudin\" loading=\"lazy\" fetchpriority=\"low\" data-mobile=\"NW_detail_M|1768221546\" data-base=\"NW_detail|1768221546\"\/>&#13;<br \/>\n                        <\/a>&#13;<\/p>\n<p>Rolland Courbis en f\u00e9vrier 1994 lors d&rsquo;un passage \u00e0 Saint-Symphorien : ce jour-l\u00e0, les Girondins s&rsquo;inclinent 1-0. Photo Roger Claudin<\/p>\n<p>                        &#13;<br \/>\n                                           &#13;\n                <\/li>\n<p>&#13;<br \/>\n            &#13;<\/p>\n<li class=\"carousel-wrapper__slides--slide item\" id=\"slide-5\">&#13;<br \/>\n                                    &#13;<br \/>\n                        <a class=\"chocolat-image GA-tracking\" data-ga_type=\"click\" data-ga_category=\"D\u00e9tail\" data-ga_action=\"zoomer\" data-ga_label=\"aggrandir image\" href=\"https:\/\/cdn-s-www.estrepublicain.fr\/images\/EA0BDBED-A483-48D2-9D32-5D6BE675B723\/NW_raw\/le-22-mars-1997-rolland-courbis-revient-a-picot-lors-de-son-second-passage-sur-le-banc-des-girondins-les-deux-formations-se-seprent-sur-un-score-nul-(1-1)-photo-roger-claudin-1768227354.jpg\" title=\"Le 22 mars 1997, Rolland Courbis revient \u00e0 Picot lors de son second passage sur le banc des Girondins. Les deux formations se s\u00e9prent sur un score nul (1-1). Photo Roger Claudin\" target=\"_blank\" rel=\"noopener\">&#13;<br \/>\n                            <img decoding=\"async\" src=\"https:\/\/www.europesays.com\/fr\/wp-content\/uploads\/2026\/01\/le-22-mars-1997-rolland-courbis-revient-a-picot-lors-de-son-second-passage-sur-le-banc-des-girondins.jpeg\"   alt=\"Le 22 mars 1997, Rolland Courbis revient \u00e0 Picot lors de son second passage sur le banc des Girondins. Les deux formations se s\u00e9prent sur un score nul (1-1). Photo Roger Claudin\" loading=\"lazy\" fetchpriority=\"low\" data-mobile=\"NW_detail_M|1768227354\" data-base=\"NW_detail|1768227354\"\/>&#13;<br \/>\n                        <\/a>&#13;<\/p>\n<p>Le 22 mars 1997, Rolland Courbis revient \u00e0 Picot lors de son second passage sur le banc des Girondins. Les deux formations se s\u00e9prent sur un score nul (1-1). Photo Roger Claudin<\/p>\n<p>                        &#13;<br \/>\n                                           &#13;\n                <\/li>\n<p>&#13;<br \/>\n            &#13;<\/p>\n<li class=\"carousel-wrapper__slides--slide item\" id=\"slide-6\">&#13;<br \/>\n                                    &#13;<br \/>\n                        <a class=\"chocolat-image GA-tracking\" data-ga_type=\"click\" data-ga_category=\"D\u00e9tail\" data-ga_action=\"zoomer\" data-ga_label=\"aggrandir image\" href=\"https:\/\/cdn-s-www.estrepublicain.fr\/images\/441F6DC0-153B-4D70-A9B5-4EE57D69811C\/NW_raw\/rolland-courbis-avec-le-president-de-l-om-robert-louis-dreyfus-en-1998-lors-d-un-deplacement-a-metz-l-om-s-imposera-0-1-sur-un-but-de-jocelyn-gourvennec-photo-alexandre-marchi-1768236973.jpg\" title=\"Rolland Courbis avec le pr\u00e9sident de l&#039;OM Robert Louis-Dreyfus en 1998, lors d&#039;un d\u00e9placement \u00e0 Metz. L&#039;OM s&#039;imposera 0-1 sur un but de Jocelyn Gourvennec. Photo Alexandre Marchi\" target=\"_blank\" rel=\"noopener\">&#13;<br \/>\n                            <img decoding=\"async\" src=\"https:\/\/www.europesays.com\/fr\/wp-content\/uploads\/2026\/01\/rolland-courbis-avec-le-president-de-l-om-robert-louis-dreyfus-en-1998-lors-d-un-deplacement-a-metz-.jpeg\"   alt=\"Rolland Courbis avec le pr\u00e9sident de l'OM Robert Louis-Dreyfus en 1998, lors d'un d\u00e9placement \u00e0 Metz. L'OM s'imposera 0-1 sur un but de Jocelyn Gourvennec. Photo Alexandre Marchi\" loading=\"lazy\" fetchpriority=\"low\" data-mobile=\"NW_detail_M|1768236973\" data-base=\"NW_detail|1768236973\"\/>&#13;<br \/>\n                        <\/a>&#13;<\/p>\n<p>Rolland Courbis avec le pr\u00e9sident de l&rsquo;OM Robert Louis-Dreyfus en 1998, lors d&rsquo;un d\u00e9placement \u00e0 Metz. L&rsquo;OM s&rsquo;imposera 0-1 sur un but de Jocelyn Gourvennec. Photo Alexandre Marchi<\/p>\n<p>                        &#13;<br \/>\n                                           &#13;\n                <\/li>\n<p>&#13;<br \/>\n            &#13;<\/p>\n<li class=\"carousel-wrapper__slides--slide item slideWithPub\" id=\"slide-7\">&#13;<br \/>\n                        &#13;<br \/>\n                            <a class=\"chocolat-image\" title=\"Publicit\u00e9\" href=\"data:image\/gif;base64,R0lGODlhAQABAAD\/ACwAAAAAAQABAAACADs=\">&#13;<br \/>\n                                <img decoding=\"async\" src=\"data:image\/gif;base64,R0lGODlhAQABAAD\/ACwAAAAAAQABAAACADs=\" alt=\"Publicit\u00e9\" loading=\"lazy\" fetchpriority=\"low\"\/>&#13;<br \/>\n                            <\/a>&#13;<br \/>\n                        &#13;\n                    <\/li>\n<p>&#13;<\/p>\n<li class=\"carousel-wrapper__slides--slide item\" id=\"slide-8\">&#13;<br \/>\n                                    &#13;<br \/>\n                        <a class=\"chocolat-image GA-tracking\" data-ga_type=\"click\" data-ga_category=\"D\u00e9tail\" data-ga_action=\"zoomer\" data-ga_label=\"aggrandir image\" href=\"https:\/\/cdn-s-www.estrepublicain.fr\/images\/B21487E1-D545-4B77-A9A8-D3C12C92F647\/NW_raw\/toujours-sur-le-banc-de-marseille-et-toujours-lors-de-la-saison-1998-99-le-10-novembre-l-om-de-rolland-courbis-l-emportera-3-2-a-picot-photo-alexandre-marchi-1768227354.jpg\" title=\"Toujours sur le banc de Marseille et toujours lors de la saison 1998\/99. Le 10 novembre, l&#039;OM de Rolland Courbis l&#039;emportera 3-2 \u00e0 Picot. Photo Alexandre Marchi\" target=\"_blank\" rel=\"noopener\">&#13;<br \/>\n                            <img decoding=\"async\" src=\"https:\/\/www.europesays.com\/fr\/wp-content\/uploads\/2026\/01\/toujours-sur-le-banc-de-marseille-et-toujours-lors-de-la-saison-1998-99-le-10-novembre-l-om-de-rolla.jpeg\"   alt=\"Toujours sur le banc de Marseille et toujours lors de la saison 1998\/99. Le 10 novembre, l'OM de Rolland Courbis l'emportera 3-2 \u00e0 Picot. Photo Alexandre Marchi\" loading=\"lazy\" fetchpriority=\"low\" data-mobile=\"NW_detail_M|1768227354\" data-base=\"NW_detail|1768227354\"\/>&#13;<br \/>\n                        <\/a>&#13;<\/p>\n<p>Toujours sur le banc de Marseille et toujours lors de la saison 1998\/99. Le 10 novembre, l&rsquo;OM de Rolland Courbis l&#8217;emportera 3-2 \u00e0 Picot. Photo Alexandre Marchi<\/p>\n<p>                        &#13;<br \/>\n                                           &#13;\n                <\/li>\n<p>&#13;<br \/>\n            &#13;<\/p>\n<li class=\"carousel-wrapper__slides--slide item\" id=\"slide-9\">&#13;<br \/>\n                                    &#13;<br \/>\n                        <a class=\"chocolat-image GA-tracking\" data-ga_type=\"click\" data-ga_category=\"D\u00e9tail\" data-ga_action=\"zoomer\" data-ga_label=\"aggrandir image\" href=\"https:\/\/cdn-s-www.estrepublicain.fr\/images\/C7914DB9-2270-4F25-8C82-98281167955D\/NW_raw\/toujours-sur-le-banc-de-marseille-et-toujours-lors-de-la-saison-1998-99-le-10-novembre-l-om-de-rolland-courbis-l-emportera-3-2-a-picot-photo-alexandre-marchi-1768236998.jpg\" title=\"Toujours sur le banc de Marseille et toujours lors de la saison 1998\/99. Le 10 novembre, l&#039;OM de Rolland Courbis l&#039;emportera 3-2 \u00e0 Picot. Photo Alexandre Marchi\" target=\"_blank\" rel=\"noopener\">&#13;<br \/>\n                            <img decoding=\"async\" src=\"https:\/\/www.europesays.com\/fr\/wp-content\/uploads\/2026\/01\/1768238004_557_toujours-sur-le-banc-de-marseille-et-toujours-lors-de-la-saison-1998-99-le-10-novembre-l-om-de-rolla.jpeg\"   alt=\"Toujours sur le banc de Marseille et toujours lors de la saison 1998\/99. Le 10 novembre, l'OM de Rolland Courbis l'emportera 3-2 \u00e0 Picot. Photo Alexandre Marchi\" loading=\"lazy\" fetchpriority=\"low\" data-mobile=\"NW_detail_M|1768236998\" data-base=\"NW_detail|1768236998\"\/>&#13;<br \/>\n                        <\/a>&#13;<\/p>\n<p>Toujours sur le banc de Marseille et toujours lors de la saison 1998\/99. Le 10 novembre, l&rsquo;OM de Rolland Courbis l&#8217;emportera 3-2 \u00e0 Picot. Photo Alexandre Marchi<\/p>\n<p>                        &#13;<br \/>\n                                           &#13;\n                <\/li>\n<p>&#13;<br \/>\n            &#13;<\/p>\n<li class=\"carousel-wrapper__slides--slide item\" id=\"slide-10\">&#13;<br \/>\n                                    &#13;<br \/>\n                        <a class=\"chocolat-image GA-tracking\" data-ga_type=\"click\" data-ga_category=\"D\u00e9tail\" data-ga_action=\"zoomer\" data-ga_label=\"aggrandir image\" href=\"https:\/\/cdn-s-www.estrepublicain.fr\/images\/EBBA834C-C67E-4CB7-A882-70A1BA285F98\/NW_raw\/le-3-mai-2002-lors-de-la-derniere-journee-du-championnat-de-d2-rolland-courbis-revient-a-nancy-a-la-tete-de-l-ac-ajaccio-leader-et-deja-assure-de-monter-en-d1-nancy-l-emporte-1-0-sur-un-but-de-sebastien-chabaud-pour-terminer-cette-saison-a-la-9e-place-photo-alexandre-marchi-1768221546.jpg\" title=\"Le 3 mai 2002, lors de la derni\u00e8re journ\u00e9e du championnat de D2, Rolland Courbis revient \u00e0 Nancy \u00e0 la t\u00eate de l&#039;AC Ajaccio, leader et d\u00e9j\u00e0 assur\u00e9 de monter en D1. Nancy l&#039;emporte 1-0 sur un but de S\u00e9bastien Chabaud, pour terminer cette saison \u00e0 la 9e place. Photo Alexandre Marchi\" target=\"_blank\" rel=\"noopener\">&#13;<br \/>\n                            <img decoding=\"async\" src=\"https:\/\/www.europesays.com\/fr\/wp-content\/uploads\/2026\/01\/le-3-mai-2002-lors-de-la-derniere-journee-du-championnat-de-d2-rolland-courbis-revient-a-nancy-a-la-.jpeg\"   alt=\"Le 3 mai 2002, lors de la derni\u00e8re journ\u00e9e du championnat de D2, Rolland Courbis revient \u00e0 Nancy \u00e0 la t\u00eate de l'AC Ajaccio, leader et d\u00e9j\u00e0 assur\u00e9 de monter en D1. Nancy l'emporte 1-0 sur un but de S\u00e9bastien Chabaud, pour terminer cette saison \u00e0 la 9e place. Photo Alexandre Marchi\" loading=\"lazy\" fetchpriority=\"low\" data-mobile=\"NW_detail_M|1768221546\" data-base=\"NW_detail|1768221546\"\/>&#13;<br \/>\n                        <\/a>&#13;<\/p>\n<p>Le 3 mai 2002, lors de la derni\u00e8re journ\u00e9e du championnat de D2, Rolland Courbis revient \u00e0 Nancy \u00e0 la t\u00eate de l&rsquo;AC Ajaccio, leader et d\u00e9j\u00e0 assur\u00e9 de monter en D1. Nancy l&#8217;emporte 1-0 sur un but de S\u00e9bastien Chabaud, pour terminer cette saison \u00e0 la 9e place. Photo Alexandre Marchi<\/p>\n<p>                        &#13;<br \/>\n                                           &#13;\n                <\/li>\n<p>&#13;<br \/>\n            &#13;<\/p>\n<li class=\"carousel-wrapper__slides--slide item\" id=\"slide-11\">&#13;<br \/>\n                                    &#13;<br \/>\n                        <a class=\"chocolat-image GA-tracking\" data-ga_type=\"click\" data-ga_category=\"D\u00e9tail\" data-ga_action=\"zoomer\" data-ga_label=\"aggrandir image\" href=\"https:\/\/cdn-s-www.estrepublicain.fr\/images\/BE12BCF8-59C3-4CB2-B84A-588BDFD431CF\/NW_raw\/le-3-mai-2002-lors-de-la-derniere-journee-du-championnat-de-d2-rolland-courbis-revient-a-nancy-a-la-tete-de-l-ac-ajaccio-leader-et-deja-assure-de-monter-en-d1-la-rencontre-est-precedee-d-une-minute-de-silence-en-hommage-aux-victimes-du-drame-de-furiani-photo-alexandre-marchi-1768221546.jpg\" title=\"Le 3 mai 2002, lors de la derni\u00e8re journ\u00e9e du championnat de D2, Rolland Courbis revient \u00e0 Nancy \u00e0 la t\u00eate de l&#039;AC Ajaccio, leader et d\u00e9j\u00e0 assur\u00e9 de monter en D1. La rencontre est pr\u00e9c\u00e9d\u00e9e d&#039;une minute de silence en hommage aux victimes du drame de Furiani.\u00a0Photo Alexandre Marchi\" target=\"_blank\" rel=\"noopener\">&#13;<br \/>\n                            <img decoding=\"async\" src=\"https:\/\/www.europesays.com\/fr\/wp-content\/uploads\/2026\/01\/1768238007_203_le-3-mai-2002-lors-de-la-derniere-journee-du-championnat-de-d2-rolland-courbis-revient-a-nancy-a-la-.jpeg\"   alt=\"Le 3 mai 2002, lors de la derni\u00e8re journ\u00e9e du championnat de D2, Rolland Courbis revient \u00e0 Nancy \u00e0 la t\u00eate de l'AC Ajaccio, leader et d\u00e9j\u00e0 assur\u00e9 de monter en D1. La rencontre est pr\u00e9c\u00e9d\u00e9e d'une minute de silence en hommage aux victimes du drame de Furiani.\u00a0Photo Alexandre Marchi\" loading=\"lazy\" fetchpriority=\"low\" data-mobile=\"NW_detail_M|1768221546\" data-base=\"NW_detail|1768221546\"\/>&#13;<br \/>\n                        <\/a>&#13;<\/p>\n<p>Le 3 mai 2002, lors de la derni\u00e8re journ\u00e9e du championnat de D2, Rolland Courbis revient \u00e0 Nancy \u00e0 la t\u00eate de l&rsquo;AC Ajaccio, leader et d\u00e9j\u00e0 assur\u00e9 de monter en D1. La rencontre est pr\u00e9c\u00e9d\u00e9e d&rsquo;une minute de silence en hommage aux victimes du drame de Furiani.\u00a0Photo Alexandre Marchi<\/p>\n<p>                        &#13;<br \/>\n                                           &#13;\n                <\/li>\n<p>&#13;<br \/>\n            &#13;<\/p>\n<li class=\"carousel-wrapper__slides--slide item slideWithPub\" id=\"slide-12\">&#13;<br \/>\n                        &#13;<br \/>\n                            <a class=\"chocolat-image\" title=\"Publicit\u00e9\" href=\"data:image\/gif;base64,R0lGODlhAQABAAD\/ACwAAAAAAQABAAACADs=\">&#13;<br \/>\n                                <img decoding=\"async\" src=\"data:image\/gif;base64,R0lGODlhAQABAAD\/ACwAAAAAAQABAAACADs=\" alt=\"Publicit\u00e9\" loading=\"lazy\" fetchpriority=\"low\"\/>&#13;<br \/>\n                            <\/a>&#13;<br \/>\n                        &#13;\n                    <\/li>\n<p>&#13;<\/p>\n<li class=\"carousel-wrapper__slides--slide item\" id=\"slide-13\">&#13;<br \/>\n                                    &#13;<br \/>\n                        <a class=\"chocolat-image GA-tracking\" data-ga_type=\"click\" data-ga_category=\"D\u00e9tail\" data-ga_action=\"zoomer\" data-ga_label=\"aggrandir image\" href=\"https:\/\/cdn-s-www.estrepublicain.fr\/images\/F4BCDB5D-0904-443F-89E4-4FBD9210FB00\/NW_raw\/le-7-janvier-2005-l-ac-ajaccio-de-rolland-courbis-vient-eliminer-l-asnl-de-pablo-correa-a-picot-en-32e-de-finale-de-la-coupe-de-france-score-a-la-fin-de-temps-reglementaire-2-2-l-aca-se-qualifiera-4-5-aux-tab-photo-pierre-mathis-1768214874.jpg\" title=\"Le 7 janvier 2005, l&#039;AC Ajaccio de Rolland Courbis vient \u00e9liminer l&#039;ASNL de Pablo Correa \u00e0 Picot, en 32e de finale de la Coupe de France. Score \u00e0 la fin de temps r\u00e9glementaire : 2-2. L&#039;ACA se qualifiera 4-5 aux TAB. Photo Pierre Mathis\" target=\"_blank\" rel=\"noopener\">&#13;<br \/>\n                            <img decoding=\"async\" src=\"https:\/\/www.europesays.com\/fr\/wp-content\/uploads\/2026\/01\/le-7-janvier-2005-l-ac-ajaccio-de-rolland-courbis-vient-eliminer-l-asnl-de-pablo-correa-a-picot-en-3.jpeg\"   alt=\"Le 7 janvier 2005, l'AC Ajaccio de Rolland Courbis vient \u00e9liminer l'ASNL de Pablo Correa \u00e0 Picot, en 32e de finale de la Coupe de France. Score \u00e0 la fin de temps r\u00e9glementaire : 2-2. L'ACA se qualifiera 4-5 aux TAB. Photo Pierre Mathis\" loading=\"lazy\" fetchpriority=\"low\" data-mobile=\"NW_detail_M|1768214874\" data-base=\"NW_detail|1768214874\"\/>&#13;<br \/>\n                        <\/a>&#13;<\/p>\n<p>Le 7 janvier 2005, l&rsquo;AC Ajaccio de Rolland Courbis vient \u00e9liminer l&rsquo;ASNL de Pablo Correa \u00e0 Picot, en 32e de finale de la Coupe de France. Score \u00e0 la fin de temps r\u00e9glementaire : 2-2. L&rsquo;ACA se qualifiera 4-5 aux TAB. Photo Pierre Mathis<\/p>\n<p>                        &#13;<br \/>\n                                           &#13;\n                <\/li>\n<p>&#13;<br \/>\n            &#13;<\/p>\n<li class=\"carousel-wrapper__slides--slide item\" id=\"slide-14\">&#13;<br \/>\n                                    &#13;<br \/>\n                        <a class=\"chocolat-image GA-tracking\" data-ga_type=\"click\" data-ga_category=\"D\u00e9tail\" data-ga_action=\"zoomer\" data-ga_label=\"aggrandir image\" href=\"https:\/\/cdn-s-www.estrepublicain.fr\/images\/7C007558-42DA-4E34-8D99-E19B70D046DE\/NW_raw\/en-2005-06-l-ac-ajaccio-vit-une-saison-galere-au-terme-de-laquelle-le-club-replongera-en-ligue-2-rolland-courbis-sera-bien-du-deplacement-a-metz-le-5-novembre-(defaite-2-0)-mais-il-sera-evince-deux-mois-plus-tard-apres-une-defaite-a-domicile-face-a-nantes-(0-2)-quelques-jours-avant-un-voyage-a-nancy-qui-se-soldera-par-un-triste-0-0-photo-pierre-mathis-1768221546.jpg\" title=\"En\u00a02005\/06, l&#039;AC Ajaccio vit une saison gal\u00e8re... au terme de laquelle le club replongera en Ligue 2. Rolland Courbis sera bien du d\u00e9placement \u00e0 Metz le 5 novembre (d\u00e9faite 2-0), mais il sera \u00e9vinc\u00e9 deux mois plus tard, apr\u00e8s une d\u00e9faite \u00e0 domicile face \u00e0 Nantes (0-2)... quelques jours avant un voyage \u00e0 Nancy qui se soldera par un triste 0-0.\u00a0Photo Pierre Mathis\" target=\"_blank\" rel=\"noopener\">&#13;<br \/>\n                            <img decoding=\"async\" src=\"https:\/\/www.europesays.com\/fr\/wp-content\/uploads\/2026\/01\/en-2005-06-l-ac-ajaccio-vit-une-saison-galere-au-terme-de-laquelle-le-club-replongera-en-ligue-2-rol.jpeg\"   alt=\"En\u00a02005\/06, l'AC Ajaccio vit une saison gal\u00e8re... au terme de laquelle le club replongera en Ligue 2. Rolland Courbis sera bien du d\u00e9placement \u00e0 Metz le 5 novembre (d\u00e9faite 2-0), mais il sera \u00e9vinc\u00e9 deux mois plus tard, apr\u00e8s une d\u00e9faite \u00e0 domicile face \u00e0 Nantes (0-2)... quelques jours avant un voyage \u00e0 Nancy qui se soldera par un triste 0-0.\u00a0Photo Pierre Mathis\" loading=\"lazy\" fetchpriority=\"low\" data-mobile=\"NW_detail_M|1768221546\" data-base=\"NW_detail|1768221546\"\/>&#13;<br \/>\n                        <\/a>&#13;<\/p>\n<p>En\u00a02005\/06, l&rsquo;AC Ajaccio vit une saison gal\u00e8re&#8230; au terme de laquelle le club replongera en Ligue 2. Rolland Courbis sera bien du d\u00e9placement \u00e0 Metz le 5 novembre (d\u00e9faite 2-0), mais il sera \u00e9vinc\u00e9 deux mois plus tard, apr\u00e8s une d\u00e9faite \u00e0 domicile face \u00e0 Nantes (0-2)&#8230; quelques jours avant un voyage \u00e0 Nancy qui se soldera par un triste 0-0.\u00a0Photo Pierre Mathis<\/p>\n<p>                        &#13;<br \/>\n                                           &#13;\n                <\/li>\n<p>&#13;<br \/>\n            &#13;<\/p>\n<li class=\"carousel-wrapper__slides--slide item\" id=\"slide-15\">&#13;<br \/>\n                                    &#13;<br \/>\n                        <a class=\"chocolat-image GA-tracking\" data-ga_type=\"click\" data-ga_category=\"D\u00e9tail\" data-ga_action=\"zoomer\" data-ga_label=\"aggrandir image\" href=\"https:\/\/cdn-s-www.estrepublicain.fr\/images\/089526FC-423C-47E9-A1BE-AE14E658819C\/NW_raw\/le-11-octobre-2024-rolland-courbis-etait-invite-du-petit-club-mosellan-de-mouterhouse-dans-le-cadre-des-festivites-de-son-cinquantenaire-aux-cotes-de-sylvain-kastendeuch-luis-fernandez-ou-encore-carlo-molinari-1768236045.jpg\" title=\"Le 11 octobre 2024, Rolland Courbis \u00e9tait invit\u00e9 du petit club mosellan de Mouterhouse, dans le cadre des festivit\u00e9s de son cinquantenaire. Aux c\u00f4t\u00e9s de Sylvain Kastendeuch, Luis Fernandez ou encore Carlo Molinari.\" target=\"_blank\" rel=\"noopener\">&#13;<br \/>\n                            <img decoding=\"async\" src=\"https:\/\/www.europesays.com\/fr\/wp-content\/uploads\/2026\/01\/le-11-octobre-2024-rolland-courbis-etait-invite-du-petit-club-mosellan-de-mouterhouse-dans-le-cadre-.jpeg\"   alt=\"Le 11 octobre 2024, Rolland Courbis \u00e9tait invit\u00e9 du petit club mosellan de Mouterhouse, dans le cadre des festivit\u00e9s de son cinquantenaire. Aux c\u00f4t\u00e9s de Sylvain Kastendeuch, Luis Fernandez ou encore Carlo Molinari.\" loading=\"lazy\" fetchpriority=\"low\" data-mobile=\"NW_detail_M|1768236045\" data-base=\"NW_detail|1768236045\"\/>&#13;<br \/>\n                        <\/a>&#13;<\/p>\n<p>Le 11 octobre 2024, Rolland Courbis \u00e9tait invit\u00e9 du petit club mosellan de Mouterhouse, dans le cadre des festivit\u00e9s de son cinquantenaire. Aux c\u00f4t\u00e9s de Sylvain Kastendeuch, Luis Fernandez ou encore Carlo Molinari.<\/p>\n<p>                        &#13;<br \/>\n                                           &#13;\n                <\/li>\n<p>&#13;<br \/>\n            &#13;\n                <\/ul>\n","protected":false},"excerpt":{"rendered":"&#13; L&rsquo;Est R\u00e9publicain &#8211; &#13; &#13; Aujourd&rsquo;hui \u00e0 17:00&#13; &#13; | mis \u00e0 jour aujourd&rsquo;hui \u00e0 17:50&#13; &#8211;&hellip;\n","protected":false},"author":2,"featured_media":658782,"comment_status":"","ping_status":"","sticky":false,"template":"","format":"standard","meta":{"footnotes":""},"categories":[9635],"tags":[1111,11,3703,3602,1707,1704,1705,10174,1777,674,63,1011,27,5325,2798,9540,775,3457,1702,12,25,273,517,1700],"class_list":{"0":"post-658781","1":"post","2":"type-post","3":"status-publish","4":"format-standard","5":"has-post-thumbnail","7":"category-nancy","8":"tag-actu","9":"tag-actualites","10":"tag-asnl","11":"tag-edition-bar-le-duc","12":"tag-edition-luneville","13":"tag-edition-nancy-et-agglomeration","14":"tag-edition-toul","15":"tag-edition-verdun","16":"tag-eu","17":"tag-europe","18":"tag-football","19":"tag-fr","20":"tag-france","21":"tag-galerie-media","22":"tag-galerie-photo","23":"tag-galerie-sport","24":"tag-grand-est","25":"tag-meurthe-et-moselle","26":"tag-nancy","27":"tag-news","28":"tag-republique-francaise","29":"tag-selection-de-la-redaction","30":"tag-sport","31":"tag-sport-lorrain"},"share_on_mastodon":{"url":"https:\/\/pubeurope.com\/@fr\/115883253073884954","error":""},"_links":{"self":[{"href":"https:\/\/www.europesays.com\/fr\/wp-json\/wp\/v2\/posts\/658781","targetHints":{"allow":["GET"]}}],"collection":[{"href":"https:\/\/www.europesays.com\/fr\/wp-json\/wp\/v2\/posts"}],"about":[{"href":"https:\/\/www.europesays.com\/fr\/wp-json\/wp\/v2\/types\/post"}],"author":[{"embeddable":true,"href":"https:\/\/www.europesays.com\/fr\/wp-json\/wp\/v2\/users\/2"}],"replies":[{"embeddable":true,"href":"https:\/\/www.europesays.com\/fr\/wp-json\/wp\/v2\/comments?post=658781"}],"version-history":[{"count":0,"href":"https:\/\/www.europesays.com\/fr\/wp-json\/wp\/v2\/posts\/658781\/revisions"}],"wp:featuredmedia":[{"embeddable":true,"href":"https:\/\/www.europesays.com\/fr\/wp-json\/wp\/v2\/media\/658782"}],"wp:attachment":[{"href":"https:\/\/www.europesays.com\/fr\/wp-json\/wp\/v2\/media?parent=658781"}],"wp:term":[{"taxonomy":"category","embeddable":true,"href":"https:\/\/www.europesays.com\/fr\/wp-json\/wp\/v2\/categories?post=658781"},{"taxonomy":"post_tag","embeddable":true,"href":"https:\/\/www.europesays.com\/fr\/wp-json\/wp\/v2\/tags?post=658781"}],"curies":[{"name":"wp","href":"https:\/\/api.w.org\/{rel}","templated":true}]}}