{"id":658791,"date":"2026-01-12T17:18:15","date_gmt":"2026-01-12T17:18:15","guid":{"rendered":"https:\/\/www.europesays.com\/fr\/658791\/"},"modified":"2026-01-12T17:18:15","modified_gmt":"2026-01-12T17:18:15","slug":"2-900-personnes-sont-toujours-privees-delectricite","status":"publish","type":"post","link":"https:\/\/www.europesays.com\/fr\/658791\/","title":{"rendered":"2\u00a0900 personnes sont toujours priv\u00e9es d&rsquo;\u00e9lectricit\u00e9"},"content":{"rendered":"<p melodystyle=\"texte\">La Seine-Maritime n&rsquo;en a pas termin\u00e9 avec les stigmates de la temp\u00eate Goretti qui a d\u00e9ferl\u00e9 dans la nuit du jeudi au vendredi 9\u00a0janvier. Ce dimanche 11\u00a0janvier \u00e0 18\u00a0heures 2\u00a0900 clients sont toujours priv\u00e9s d&rsquo;\u00e9lectricit\u00e9 en Seine-Maritime. En Normandie, 2\u00a0400 foyers n&rsquo;ont pas de courant dans le Calvados, 1\u00a0850 dans l&rsquo;Eure, 5\u00a0850 dans la Manche et 300 dans l&rsquo;Orne.<\/p>\n<p>95\u00a0% des clients r\u00e9aliment\u00e9s<\/p>\n<p melodystyle=\"texte\">Enedis estime avoir r\u00e9aliment\u00e9 95\u00a0% des clients priv\u00e9s d&rsquo;\u00e9lectricit\u00e9 depuis les vents violents qui ont souffl\u00e9 \u00e0 plus de 200\u00a0km dans la Manche et plus de 150\u00a0km en Seine-Maritime. L&rsquo;entreprise a d\u00e9clench\u00e9 sa Force d&rsquo;Intervention Rapide Electricit\u00e9 (FIRE), des techniciens en provenance de toute la France ayant rejoint les r\u00e9gions les plus impact\u00e9es.<\/p>\n<p melodystyle=\"textnoprint\">3\u00a0000 techniciens dont 2\u00a0200 techniciens Enedis et 800 salari\u00e9s prestataires sont mobilis\u00e9s sur le\u00a0terrain. Les effectifs des centres d&rsquo;appels et d\u00e9pannage (CAD) ont \u00e9galement \u00e9t\u00e9 renforc\u00e9s.<\/p>\n","protected":false},"excerpt":{"rendered":"La Seine-Maritime n&rsquo;en a pas termin\u00e9 avec les stigmates de la temp\u00eate Goretti qui a d\u00e9ferl\u00e9 dans la&hellip;\n","protected":false},"author":2,"featured_media":658792,"comment_status":"","ping_status":"","sticky":false,"template":"","format":"standard","meta":{"footnotes":""},"categories":[9587],"tags":[1111,11,1777,674,1011,27,12,5161,25,9590],"class_list":{"0":"post-658791","1":"post","2":"type-post","3":"status-publish","4":"format-standard","5":"has-post-thumbnail","7":"category-rouen","8":"tag-actu","9":"tag-actualites","10":"tag-eu","11":"tag-europe","12":"tag-fr","13":"tag-france","14":"tag-news","15":"tag-normandie","16":"tag-republique-francaise","17":"tag-rouen"},"share_on_mastodon":{"url":"https:\/\/pubeurope.com\/@fr\/115883271906115149","error":""},"_links":{"self":[{"href":"https:\/\/www.europesays.com\/fr\/wp-json\/wp\/v2\/posts\/658791","targetHints":{"allow":["GET"]}}],"collection":[{"href":"https:\/\/www.europesays.com\/fr\/wp-json\/wp\/v2\/posts"}],"about":[{"href":"https:\/\/www.europesays.com\/fr\/wp-json\/wp\/v2\/types\/post"}],"author":[{"embeddable":true,"href":"https:\/\/www.europesays.com\/fr\/wp-json\/wp\/v2\/users\/2"}],"replies":[{"embeddable":true,"href":"https:\/\/www.europesays.com\/fr\/wp-json\/wp\/v2\/comments?post=658791"}],"version-history":[{"count":0,"href":"https:\/\/www.europesays.com\/fr\/wp-json\/wp\/v2\/posts\/658791\/revisions"}],"wp:featuredmedia":[{"embeddable":true,"href":"https:\/\/www.europesays.com\/fr\/wp-json\/wp\/v2\/media\/658792"}],"wp:attachment":[{"href":"https:\/\/www.europesays.com\/fr\/wp-json\/wp\/v2\/media?parent=658791"}],"wp:term":[{"taxonomy":"category","embeddable":true,"href":"https:\/\/www.europesays.com\/fr\/wp-json\/wp\/v2\/categories?post=658791"},{"taxonomy":"post_tag","embeddable":true,"href":"https:\/\/www.europesays.com\/fr\/wp-json\/wp\/v2\/tags?post=658791"}],"curies":[{"name":"wp","href":"https:\/\/api.w.org\/{rel}","templated":true}]}}