{"id":658793,"date":"2026-01-12T17:21:11","date_gmt":"2026-01-12T17:21:11","guid":{"rendered":"https:\/\/www.europesays.com\/fr\/658793\/"},"modified":"2026-01-12T17:21:11","modified_gmt":"2026-01-12T17:21:11","slug":"municipales-2026-les-oublies-de-la-republique-dans-la-campagne-a-grenoble","status":"publish","type":"post","link":"https:\/\/www.europesays.com\/fr\/658793\/","title":{"rendered":"Municipales 2026. \u00ab\u00a0Les oubli\u00e9s de la R\u00e9publique\u00a0\u00bb dans la campagne\u00a0\u00e0 Grenoble"},"content":{"rendered":"<p>\u00ab\u00a0\u00c0 Grenoble, nous voulons un logement qui permette de vivre, pas seulement de survivre [\u2026]. Nous habitons Grenoble. Nous voulons \u00eatre pleinement associ\u00e9s aux d\u00e9cisions qui nous concernent. Nous ne cherchons pas la compassion\u00a0: nous exigeons la consid\u00e9ration. Nos voix comptent, nos vies aussi.\u00a0\u00bb<\/p>\n<p>Des personnes directement concern\u00e9es par la pr\u00e9carit\u00e9 et l\u2019exclusion ont \u00e9crit une lettre ouverte \u00e0 destination des candidates et candidats \u00e0 la Mairie de Grenoble en 2026. \u00ab\u00a0Cette lettre, pr\u00e9cise un communiqu\u00e9, est issue du projet Voix de la Rue, une d\u00e9marche nationale port\u00e9e par Les Oubli\u00e9s de la R\u00e9publique, visant \u00e0 cr\u00e9er des espaces de participation citoyenne pour des personnes durablement \u00e9loign\u00e9es du d\u00e9bat public durant les municipales 2026.\u00a0\u00bb<\/p>\n","protected":false},"excerpt":{"rendered":"\u00ab\u00a0\u00c0 Grenoble, nous voulons un logement qui permette de vivre, pas seulement de survivre [\u2026]. Nous habitons Grenoble.&hellip;\n","protected":false},"author":2,"featured_media":658794,"comment_status":"","ping_status":"","sticky":false,"template":"","format":"standard","meta":{"footnotes":""},"categories":[9566],"tags":[1111,11,2430,112,4188,1777,674,1011,27,2731,2732,1908,12,316,25,801,104],"class_list":{"0":"post-658793","1":"post","2":"type-post","3":"status-publish","4":"format-standard","5":"has-post-thumbnail","7":"category-grenoble","8":"tag-actu","9":"tag-actualites","10":"tag-auvergne-rhone-alpes","11":"tag-edition-grenoble-agglomeration","12":"tag-elections-municipales","13":"tag-eu","14":"tag-europe","15":"tag-fr","16":"tag-france","17":"tag-grenoble","18":"tag-grenoble-bassin","19":"tag-logement","20":"tag-news","21":"tag-politique","22":"tag-republique-francaise","23":"tag-social","24":"tag-societe"},"share_on_mastodon":{"url":"https:\/\/pubeurope.com\/@fr\/115883283800598442","error":""},"_links":{"self":[{"href":"https:\/\/www.europesays.com\/fr\/wp-json\/wp\/v2\/posts\/658793","targetHints":{"allow":["GET"]}}],"collection":[{"href":"https:\/\/www.europesays.com\/fr\/wp-json\/wp\/v2\/posts"}],"about":[{"href":"https:\/\/www.europesays.com\/fr\/wp-json\/wp\/v2\/types\/post"}],"author":[{"embeddable":true,"href":"https:\/\/www.europesays.com\/fr\/wp-json\/wp\/v2\/users\/2"}],"replies":[{"embeddable":true,"href":"https:\/\/www.europesays.com\/fr\/wp-json\/wp\/v2\/comments?post=658793"}],"version-history":[{"count":0,"href":"https:\/\/www.europesays.com\/fr\/wp-json\/wp\/v2\/posts\/658793\/revisions"}],"wp:featuredmedia":[{"embeddable":true,"href":"https:\/\/www.europesays.com\/fr\/wp-json\/wp\/v2\/media\/658794"}],"wp:attachment":[{"href":"https:\/\/www.europesays.com\/fr\/wp-json\/wp\/v2\/media?parent=658793"}],"wp:term":[{"taxonomy":"category","embeddable":true,"href":"https:\/\/www.europesays.com\/fr\/wp-json\/wp\/v2\/categories?post=658793"},{"taxonomy":"post_tag","embeddable":true,"href":"https:\/\/www.europesays.com\/fr\/wp-json\/wp\/v2\/tags?post=658793"}],"curies":[{"name":"wp","href":"https:\/\/api.w.org\/{rel}","templated":true}]}}