{"id":658801,"date":"2026-01-12T17:25:09","date_gmt":"2026-01-12T17:25:09","guid":{"rendered":"https:\/\/www.europesays.com\/fr\/658801\/"},"modified":"2026-01-12T17:25:09","modified_gmt":"2026-01-12T17:25:09","slug":"pourquoi-la-majorite-a-schiltigheim-se-dechire","status":"publish","type":"post","link":"https:\/\/www.europesays.com\/fr\/658801\/","title":{"rendered":"pourquoi la majorit\u00e9 \u00e0 Schiltigheim se d\u00e9chire"},"content":{"rendered":"<p>                    Par<br \/>\n        <strong><br \/>\n            <a href=\"https:\/\/actu.fr\/auteur\/ivan-capecchi\" title=\"Consulter tous les articles de Ivan CAPECCHI\" target=\"_blank\" rel=\"noopener\">Ivan CAPECCHI<\/a><br \/>\n                    <\/strong><\/p>\n<p>        Publi\u00e9 le<\/p>\n<p>            12 janv. 2026 \u00e0 15h36        <\/p>\n<p>\u00c0 <a href=\"https:\/\/actu.fr\/grand-est\/schiltigheim_67447\/qualite-de-vie-cette-ville-moyenne-de-l-eurometropole-de-strasbourg-devient-elle-the-place-to-be_60605081.html\" target=\"_blank\" rel=\"noopener\">Schiltigheim<\/a>, la majorit\u00e9 municipale se fracture \u00e0 l\u2019approche des <a href=\"https:\/\/actu.fr\/elections-municipales\" target=\"_blank\" rel=\"noopener\">\u00e9lections municipales<\/a>. Vendredi 9 janvier 2026, la <strong>maire \u00e9cologiste Danielle Dambach<\/strong> a retir\u00e9 leurs d\u00e9l\u00e9gations \u00e0 deux adjoints, <strong>Patrick Maciejewski<\/strong> et<strong> Bernard Jenaste<\/strong>, officialisant une rupture politique au sein de son \u00e9quipe.<\/p>\n<p>Une \u00ab rupture politique \u00bb avec Patrick Maciejewski<\/p>\n<p class=\" wall-content\">Concernant Patrick Maciejewski, l\u2019\u00e9dile explique dans un communiqu\u00e9 avoir pris acte de <strong>sa d\u00e9cision de constituer une liste concurrente pour les prochaines municipales<\/strong>.<\/p>\n<p class=\" wall-content\">Elle \u00e9voque une <strong>\u00ab rupture politique \u00bb<\/strong> avec un \u00e9lu avec lequel elle travaillait \u00ab depuis plus de vingt ans \u00bb, et \u00e0 qui elle dit avoir accord\u00e9 \u00ab une confiance pleine et enti\u00e8re \u00bb en lui confiant \u00ab des responsabilit\u00e9s majeures \u00bb.<\/p>\n<p class=\" wall-content\">Pour Danielle Dambach, ce choix rendait <strong>\u00ab impossible la poursuite de ses fonctions ex\u00e9cutives \u00bb<\/strong>, estimant qu\u2019on ne peut \u00ab dans le m\u00eame temps revendiquer des responsabilit\u00e9s au sein d\u2019un ex\u00e9cutif municipal et organiser politiquement sa division \u00bb.<\/p>\n<p>Patrick Maciejewski d\u00e9ment une rupture de confiance<\/p>\n<p class=\" wall-content\">Contact\u00e9, Patrick Maciejewski <strong>conteste l\u2019existence d\u2019une rupture de confiance<\/strong>.<\/p>\n<p class=\" wall-content\">Il assure <strong>continuer \u00e0 mener ses dossiers<\/strong> \u00ab conform\u00e9ment aux orientations du conseil municipal et plus particuli\u00e8rement celles de la majorit\u00e9 actuelle \u00bb, citant notamment l\u2019urbanisme, le plan de circulation, le <a href=\"https:\/\/actu.fr\/grand-est\/schiltigheim_67447\/tram-nord-pourquoi-un-trace-le-long-du-site-de-heineken-a-schiltigheim-refait-surface_62213222.html\" target=\"_blank\" rel=\"noopener\">tram nord<\/a> ou le stationnement.<\/p>\n<p class=\" wall-content\">Son d\u00e9saccord, pr\u00e9cise-t-il, porte uniquement sur le soutien affich\u00e9 par la maire \u00e0 <strong>Nathalie Jampoc-Bertrand<\/strong> pour conduire la liste de la majorit\u00e9 en 2026, un choix qu\u2019il \u00ab <strong>ne valide pas <\/strong>\u00bb. \u00ab Elle m\u2019avait assur\u00e9 que j\u2019\u00e9tais un homme libre \u00bb, \u00e9crit-il, expliquant avoir d\u00e9cid\u00e9 de monter sa propre \u00e9quipe pour \u00ab accompagner les profondes mutations \u00e0 venir \u00bb de la commune.<\/p>\n<p>Votre r\u00e9gion, votre actu !<\/p>\n<p>Recevez chaque jour les infos qui comptent pour vous.<\/p>\n<p>\t<a href=\"https:\/\/actu.fr\/newsletter\" class=\"ac-btn ac-btn--corner ac-btn--medium ac-btn--blue800\" target=\"_blank\" rel=\"noopener\">S&rsquo;incrire<\/a><br \/>\nBernard Jenaste suspect\u00e9 de fautes graves<\/p>\n<p class=\" wall-content\">Le cas de Bernard Jenaste est d\u2019une autre nature.<\/p>\n<p class=\" wall-content\">Danielle Dambach \u00e9voque <strong>\u00ab des faits graves \u00bb<\/strong> port\u00e9s \u00e0 la connaissance de la Ville, concernant d\u2019une part<strong> l\u2019utilisation de donn\u00e9es personnelles de citoyens \u00e0 des fins politiques<\/strong>, et d\u2019autre part des <strong>d\u00e9marches de recrutement politique impliquant des agents municipaux sur leur temps de travail<\/strong> (voir encadr\u00e9).<\/p>\n<p class=\" wall-content\">La maire a saisi la procureure de la R\u00e9publique et convoqu\u00e9 un conseil municipal exceptionnel afin de proposer le retrait de son statut d\u2019adjoint.<\/p>\n<p>Ce que dit le signalement \u00e0 la justice<\/p>\n<p>Dans un courrier adress\u00e9 \u00e0 la procureure de la R\u00e9publique, la maire de Schiltigheim indique avoir \u00e9t\u00e9 saisie de plusieurs signalements internes visant Bernard Jenaste, alors adjoint \u00e0 l\u2019\u00e9tat civil et \u00e0 la mission \u00c9galit\u00e9. Un premier fait concerne l\u2019utilisation pr\u00e9sum\u00e9e de donn\u00e9es personnelles issues d\u2019un dossier administratif. Une administr\u00e9e aurait \u00e9t\u00e9 contact\u00e9e \u00e0 des fins politiques apr\u00e8s un mariage que l\u2019\u00e9lu avait c\u00e9l\u00e9br\u00e9 en tant qu\u2019adjoint \u00e0 l\u2019\u00e9tat civil, dans un cadre o\u00f9 il avait eu acc\u00e8s \u00e0 ses coordonn\u00e9es personnelles. La Ville estime qu\u2019il pourrait s\u2019agir d\u2019un d\u00e9tournement de donn\u00e9es \u00e0 des fins \u00e9lectorales. Un second volet porte sur des sollicitations politiques de plusieurs agents municipaux, notamment affect\u00e9s \u00e0 l\u2019\u00e9tat civil, sur leur temps et leur lieu de travail, qui auraient \u00e9t\u00e9 accompagn\u00e9es de propos laissant entendre l\u2019existence de contreparties, notamment en mati\u00e8re d\u2019\u00e9volution professionnelle.<\/p>\n<p class=\" wall-content\">Sollicit\u00e9, Bernard Jenaste n\u2019a pas r\u00e9pondu.<\/p>\n<p>Danielle Dambach pas candidate \u00e0 sa r\u00e9\u00e9lection<\/p>\n<p class=\" wall-content\">Ces d\u00e9cisions interviennent dans un contexte politique d\u00e9j\u00e0 mouvant \u00e0 Schiltigheim. En septembre 2025, Danielle Dambach a annonc\u00e9 <strong>qu\u2019elle ne se repr\u00e9senterait<\/strong> pas et qu\u2019elle soutiendrait sa deuxi\u00e8me adjointe, Nathalie Jampoc-Bertrand, \u00e0 la t\u00eate de la liste \u00ab Schilick en commun \u00bb, rassemblant une large partie de la majorit\u00e9 actuelle.<\/p>\n<p class=\" wall-content\">\u00c0 l\u2019approche du scrutin, la maire invoque <strong>la n\u00e9cessit\u00e9 de pr\u00e9server \u00ab la neutralit\u00e9 du service public \u00bb et \u00ab la clart\u00e9 politique \u00bb<\/strong>.\u00a0<\/p>\n<p class=\" wall-content\">Personnalisez votre actualit\u00e9 en ajoutant vos villes et m\u00e9dias en favori avec <a href=\"https:\/\/moncompte.actu.fr\" title=\"D\u00e9couvez Mon Actu\" rel=\"nofollow noopener\" data-trk=\"{&quot;cta&quot;:{&quot;action&quot;:&quot;https:\\\/\\\/moncompte.actu.fr&quot;,&quot;category&quot;:&quot;mon compte&quot;,&quot;from&quot;:&quot;article footer&quot;,&quot;name&quot;:&quot;Mon actu&quot;,&quot;type&quot;:&quot;cta&quot;}}\" target=\"_blank\">Mon Actu<\/a>.<\/p>\n","protected":false},"excerpt":{"rendered":"Par Ivan CAPECCHI Publi\u00e9 le 12 janv. 2026 \u00e0 15h36 \u00c0 Schiltigheim, la majorit\u00e9 municipale se fracture \u00e0&hellip;\n","protected":false},"author":2,"featured_media":658802,"comment_status":"","ping_status":"","sticky":false,"template":"","format":"standard","meta":{"footnotes":""},"categories":[2820],"tags":[1111,11,1777,674,1011,27,775,3434,12,316,25,640],"class_list":{"0":"post-658801","1":"post","2":"type-post","3":"status-publish","4":"format-standard","5":"has-post-thumbnail","7":"category-strasbourg","8":"tag-actu","9":"tag-actualites","10":"tag-eu","11":"tag-europe","12":"tag-fr","13":"tag-france","14":"tag-grand-est","15":"tag-municipales-2026","16":"tag-news","17":"tag-politique","18":"tag-republique-francaise","19":"tag-strasbourg"},"share_on_mastodon":{"url":"https:\/\/pubeurope.com\/@fr\/115883299969932374","error":""},"_links":{"self":[{"href":"https:\/\/www.europesays.com\/fr\/wp-json\/wp\/v2\/posts\/658801","targetHints":{"allow":["GET"]}}],"collection":[{"href":"https:\/\/www.europesays.com\/fr\/wp-json\/wp\/v2\/posts"}],"about":[{"href":"https:\/\/www.europesays.com\/fr\/wp-json\/wp\/v2\/types\/post"}],"author":[{"embeddable":true,"href":"https:\/\/www.europesays.com\/fr\/wp-json\/wp\/v2\/users\/2"}],"replies":[{"embeddable":true,"href":"https:\/\/www.europesays.com\/fr\/wp-json\/wp\/v2\/comments?post=658801"}],"version-history":[{"count":0,"href":"https:\/\/www.europesays.com\/fr\/wp-json\/wp\/v2\/posts\/658801\/revisions"}],"wp:featuredmedia":[{"embeddable":true,"href":"https:\/\/www.europesays.com\/fr\/wp-json\/wp\/v2\/media\/658802"}],"wp:attachment":[{"href":"https:\/\/www.europesays.com\/fr\/wp-json\/wp\/v2\/media?parent=658801"}],"wp:term":[{"taxonomy":"category","embeddable":true,"href":"https:\/\/www.europesays.com\/fr\/wp-json\/wp\/v2\/categories?post=658801"},{"taxonomy":"post_tag","embeddable":true,"href":"https:\/\/www.europesays.com\/fr\/wp-json\/wp\/v2\/tags?post=658801"}],"curies":[{"name":"wp","href":"https:\/\/api.w.org\/{rel}","templated":true}]}}