{"id":658803,"date":"2026-01-12T17:26:12","date_gmt":"2026-01-12T17:26:12","guid":{"rendered":"https:\/\/www.europesays.com\/fr\/658803\/"},"modified":"2026-01-12T17:26:12","modified_gmt":"2026-01-12T17:26:12","slug":"des-records-a-strasbourg-et-mulhouse-en-2025","status":"publish","type":"post","link":"https:\/\/www.europesays.com\/fr\/658803\/","title":{"rendered":"des records \u00e0 Strasbourg et Mulhouse en 2025"},"content":{"rendered":"<p>Le r\u00e9seau des Mus\u00e9es de Strasbourg communique traditionnellement un chiffre, celui de l\u2019ensemble des onze lieux concern\u00e9s\u00a0: il est pour 2025 de pr\u00e9cis\u00e9ment 696\u00a0174 visiteurs. En 2024, ils \u00e9taient 652\u00a0763, soit moins que les 688\u00a0000 entr\u00e9es de 2023, ann\u00e9e qui avait permis de renouer avec les chiffres d\u2019avant la pand\u00e9mie. Le Palais Rohan, v\u00e9ritable c\u0153ur du r\u00e9seau, avec\u00a0sa galerie Heitz, d\u00e9di\u00e9e aux expositions temporaires, son Mus\u00e9e des arts d\u00e9coratifs, qui comprend les grands appartements \u00e9piscopaux, celui des Beaux-Arts et celui d\u2019Arch\u00e9ologie, totalise 288\u00a0000 visiteurs &#8211; le bon d\u00e9marrage de <a href=\"https:\/\/www.lalsace.fr\/culture-loisirs\/2025\/11\/06\/au-musee-des-beaux-arts-le-souffle-de-la-nature-et-les-animaux-sauvages-de-vincent-munier\" target=\"_blank\" rel=\"nofollow noopener\"> l\u2019exposition de photographies de Vincent Munier<\/a> dans la collection des Beaux-arts y a contribu\u00e9. La hausse y est de 15\u00a0% par rapport \u00e0 2024. La r\u00e9ouverture attendue du Mus\u00e9e zoologique fin septembre a suscit\u00e9 la venue de 68\u00a0000 visiteurs.<\/p>\n<p>  Le mus\u00e9e Unterlinden poursuit sa baisse<\/p>\n<p>Pour le mus\u00e9e Unterlinden en revanche, la baisse, quoique l\u00e9g\u00e8re, est continue. En 2025, 164\u00a0269 visiteurs s\u2019y sont rendus, contre 172\u00a0000 en 2024, ann\u00e9e d\u00e9j\u00e0 en baisse par rapport \u00e0 la pr\u00e9c\u00e9dente. Il n\u2019y a pas eu de grande exposition en 2025 dans le mus\u00e9e qui a vu partir sa directrice et conservatrice en cheffe, Camille Broucke, au cours de l\u2019ann\u00e9e et seulement deux ans apr\u00e8s son arriv\u00e9e. <a href=\"https:\/\/www.lalsace.fr\/culture-loisirs\/2025\/12\/05\/nino-barattini-un-vent-de-jeunesse-sur-le-musee-unterlinden\" target=\"_blank\" rel=\"nofollow noopener\">Un conservateur pour l\u2019art moderne et contemporain vient d\u2019\u00eatre recrut\u00e9<\/a>. Le mus\u00e9e s\u2019\u00e9loigne encore de la moyenne esp\u00e9r\u00e9e de 200\u00a0000 visiteurs. En 2016, ann\u00e9e de sa r\u00e9ouverture apr\u00e8s une extension sign\u00e9e Herzog et De Meuron, le mus\u00e9e de l\u2019inestimable retable d\u2019Issenheim avait conquis 292\u00a0000 visiteurs.<\/p>\n<p>  Une fr\u00e9quentation historique au mus\u00e9e de l\u2019Automobile<\/p>\n<p>Du c\u00f4t\u00e9 du Mus\u00e9e national de l\u2019Automobile &#8211; Collection Schlumpf, <a href=\"https:\/\/www.lalsace.fr\/culture-loisirs\/2025\/04\/05\/au-musee-de-l-auto-de-mulhouse-tintin-au-pays-des-schlumpf\" target=\"_blank\" rel=\"nofollow noopener\">\u201cTintin\u201d<\/a> a d\u00e9pass\u00e9 les attentes\u00a0: avec 278\u00a0450 visiteurs en 2025, \u00ab\u00a0il obtient sa meilleure fr\u00e9quentation depuis plus de quarante ans\u00a0\u00bb. Et d\u2019appuyer\u00a0: \u00ab\u00a0Le mus\u00e9e s\u2019impose comme l\u2019un des sites cultuels et touristiques majeurs du Grand Est et une r\u00e9f\u00e9rence internationale pour le patrimoine automobile.\u00a0\u00bb L\u2019endroit avec sa collection de pr\u00e8s de 600 v\u00e9hicules d\u2019exception, labellis\u00e9 Mus\u00e9e de France en 2002, avait accueilli 247\u00a0235 visiteurs en 2024.<\/p>\n<p>De son c\u00f4t\u00e9, <a href=\"https:\/\/www.lalsace.fr\/culture-loisirs\/2024\/06\/02\/pour-le-nouveau-directeur-emmanuel-kakiel-la-priorite-est-de-renover-le-bati-existant\" target=\"_blank\" rel=\"nofollow noopener\">l\u2019\u00c9comus\u00e9e d\u2019Ungersheim<\/a> est repass\u00e9 sous la barre des 190\u00a0000 entr\u00e9es enregistr\u00e9es en 2024, avec un total de 183\u00a0000 visiteurs.<\/p>\n<p>  Un demi-million de visiteurs \u00e0 Beyeler<\/p>\n<p>La tendance nationale est \u00e0 la hausse, au diapason du bon chiffre du premier mus\u00e9e de France, le Louvre, avec 9\u00a0millions de visiteurs en 2025 (contre 8,7\u00a0millions en 2024). <a href=\"https:\/\/www.lalsace.fr\/social\/2026\/01\/07\/la-greve-est-suspendue-au-louvre-le-musee-a-rouvert-tous-ses-espaces\" target=\"_blank\" rel=\"nofollow noopener\">Gr\u00e8ves<\/a> \u00e0 r\u00e9p\u00e9tition et spectaculaire <a href=\"https:\/\/www.lalsace.fr\/culture-loisirs\/2025\/12\/19\/casse-du-siecle-au-louvre-deux-mois-apres-le-musee-toujours-en-plein-cauchemar\" target=\"_blank\" rel=\"nofollow noopener\">cambriolage<\/a> n\u2019auront pas eu raison de son succ\u00e8s. Quant au <a href=\"https:\/\/www.lalsace.fr\/p\/centre-pompidou-metz\" target=\"_blank\" rel=\"noopener\">Centre Pompidou-Metz<\/a>, plus pr\u00e8s de nous, il est aussi en augmentation avec 315\u00a0148 visiteurs.<\/p>\n<p>Difficile de conclure ce bilan sans \u00e9voquer enfin la belle ann\u00e9e de la Fondation Beyeler, \u00e0 Riehen, dans la banlieue de B\u00e2le. Le mus\u00e9e suisse a accueilli 508\u00a0000 visiteurs en 2025, ann\u00e9e d\u00e9marr\u00e9e avec la fin de l\u2019exposition Matisse et achev\u00e9e avec l\u2019artiste japonaise Yayoi Kusama, tr\u00e8s grand succ\u00e8s, pour lequel la Fondation a \u00e9largi les horaires et mis en place une billetterie en ligne.<\/p>\n","protected":false},"excerpt":{"rendered":"Le r\u00e9seau des Mus\u00e9es de Strasbourg communique traditionnellement un chiffre, celui de l\u2019ensemble des onze lieux concern\u00e9s\u00a0: il&hellip;\n","protected":false},"author":2,"featured_media":658804,"comment_status":"","ping_status":"","sticky":false,"template":"","format":"standard","meta":{"footnotes":""},"categories":[2820],"tags":[1111,11,2389,1687,1777,674,2271,107,1011,27,775,12,25,640],"class_list":{"0":"post-658803","1":"post","2":"type-post","3":"status-publish","4":"format-standard","5":"has-post-thumbnail","7":"category-strasbourg","8":"tag-actu","9":"tag-actualites","10":"tag-alsace","11":"tag-culture-loisirs","12":"tag-eu","13":"tag-europe","14":"tag-exposition-arts-plastiques","15":"tag-fil-info","16":"tag-fr","17":"tag-france","18":"tag-grand-est","19":"tag-news","20":"tag-republique-francaise","21":"tag-strasbourg"},"share_on_mastodon":{"url":"https:\/\/pubeurope.com\/@fr\/115883303465060247","error":""},"_links":{"self":[{"href":"https:\/\/www.europesays.com\/fr\/wp-json\/wp\/v2\/posts\/658803","targetHints":{"allow":["GET"]}}],"collection":[{"href":"https:\/\/www.europesays.com\/fr\/wp-json\/wp\/v2\/posts"}],"about":[{"href":"https:\/\/www.europesays.com\/fr\/wp-json\/wp\/v2\/types\/post"}],"author":[{"embeddable":true,"href":"https:\/\/www.europesays.com\/fr\/wp-json\/wp\/v2\/users\/2"}],"replies":[{"embeddable":true,"href":"https:\/\/www.europesays.com\/fr\/wp-json\/wp\/v2\/comments?post=658803"}],"version-history":[{"count":0,"href":"https:\/\/www.europesays.com\/fr\/wp-json\/wp\/v2\/posts\/658803\/revisions"}],"wp:featuredmedia":[{"embeddable":true,"href":"https:\/\/www.europesays.com\/fr\/wp-json\/wp\/v2\/media\/658804"}],"wp:attachment":[{"href":"https:\/\/www.europesays.com\/fr\/wp-json\/wp\/v2\/media?parent=658803"}],"wp:term":[{"taxonomy":"category","embeddable":true,"href":"https:\/\/www.europesays.com\/fr\/wp-json\/wp\/v2\/categories?post=658803"},{"taxonomy":"post_tag","embeddable":true,"href":"https:\/\/www.europesays.com\/fr\/wp-json\/wp\/v2\/tags?post=658803"}],"curies":[{"name":"wp","href":"https:\/\/api.w.org\/{rel}","templated":true}]}}