{"id":658825,"date":"2026-01-12T17:37:12","date_gmt":"2026-01-12T17:37:12","guid":{"rendered":"https:\/\/www.europesays.com\/fr\/658825\/"},"modified":"2026-01-12T17:37:12","modified_gmt":"2026-01-12T17:37:12","slug":"ce-que-les-habitants-des-1er-7e-attendent-de-leur-future-maire","status":"publish","type":"post","link":"https:\/\/www.europesays.com\/fr\/658825\/","title":{"rendered":"ce que les habitants des 1er-7e attendent de leur futur(e) maire"},"content":{"rendered":"<p class=\"rev-margin-0 rev-text-xs-normal\">De Belsunce (1er) au Roucas-Blanc (7e), les attentes des Marseillais ne sont pas les m\u00eames.<\/p>\n<p class=\"rev-margin-0 rev-text-xs-bold\">\/ Photo Philippe LAURENSON<\/p>\n<p>Anica Porkizek, 77 ans, retrait\u00e9e&#13;\n<\/p>\n<p><img alt=\"Anica Porzizec.\" loading=\"lazy\" decoding=\"async\" data-nimg=\"fill\" class=\" TwicCore_img__i9TC1 undefined  undefined\" style=\"position:absolute;height:100%;width:100%;left:0;top:0;right:0;bottom:0;color:transparent;background-size:cover;background-position:50% 50%;background-repeat:no-repeat;background-image:url(&quot;data:image\/svg+xml;charset=utf-8,%3Csvg xmlns='http:\/\/www.w3.org\/2000\/svg' %3E%3Cfilter id='b' color-interpolation-filters='sRGB'%3E%3CfeGaussianBlur stdDeviation='20'\/%3E%3CfeColorMatrix values='1 0 0 0 0 0 1 0 0 0 0 0 1 0 0 0 0 0 100 -1' result='s'\/%3E%3CfeFlood x='0' y='0' width='100%25' height='100%25'\/%3E%3CfeComposite operator='out' in='s'\/%3E%3CfeComposite in2='SourceGraphic'\/%3E%3CfeGaussianBlur stdDeviation='20'\/%3E%3C\/filter%3E%3Cimage width='100%25' height='100%25' x='0' y='0' preserveAspectRatio='none' style='filter: url(%23b);' href='data:image\/webp;base64,UklGRjYDAABXRUJQVlA4ICoDAABwOwCdASpYAjMBPkkkkEYipC2hIHHIYbAJCWlu4XY+BNqD18Y8NfsAGklspy5cuXLly5cuXLly5cuXLly5cuXLly5cuXLly5cuXLly5cuXLly5cuXLly5cuXLly5cuXLly5cuXLly5cuXLly5cuXLly5cOmSMpCYAqxrZTly5cuXLlb+kGzWSu8K3E1y5cuXLly5cuXLly586rC9hJ59veBEwBVjWynLly5cuXLug2VFzeerXpFBoE1DzVqRnK9boVWdU5uGOkJgCrGtlOXLl3LvfxUZpxwRcmsj79wb4EbKlE\/r22O42hBnpQFwx0hMAVY1spy4YzRxqGxu6c2HW2qsf0YBKFRSEwBVjWynLly5cuaOzYEbNk92seqt0qoLUhMAVY1spy5crUBhXE756j\/F5H4PuLhYztBdg85f1XvYrGtlOXLly5cuXLly8BqjFLIyVJAdajjWODMD9LlVAXDHSEwBVjWynLly9tbE8pMCyjcR7xcMdITAFWNbKcuXLly+D+fa3VF4N6KxrZTly5cuXLly5cuXLly5cuXLly5cuXLly5cuXLly5cuXLly5cuXLly5cuXLly5cuXLly5cuXLly5cuXLly5cuXLly5cuXLly5cuXLly5cuXLly5cuXLhAAAP7\/oF7\/uk\/U\/0X960XRsIAEB2AAAAAAN70kr1HHyAOX3hkoohV27A67FGK7ZDJxBrJxh4Ojbr\/WDeEfz\/7o3pHj59TQ8XGsQUhr3sN7hFK2Jryx8ktgST6T5ReQQ3\/8iFy18d24oI\/ehYDZRlXUy0Kupe8Eo1oGLy7EtnzszCA7wOSYi2TuBOTEajrI03t4X5RtPEfwApDODep6IxUiWEqwc10ClsN9PiXJYP\/ftxQ4kB\/fvVojv0hPD+UslrCvnBMHKjiIKuNWc2UVssi9Sc7OFkej4bXkVzuyn3wK6aai9cjlMoDj0aFvX1cABgc2Kb52QF9UStQKG7NBnYzqQyNQam2c8hYLfhjPkZw8Wtbagqpsowi5hfki1bc1bmdFsUiBCz012jpiep8diCSRABf4vizRKv35xIIAoAAAAAAAAAAAAAA='\/%3E%3C\/svg%3E&quot;)\"   src=\"https:\/\/www.europesays.com\/fr\/wp-content\/uploads\/2026\/01\/anita-porzizec-1768234823_b03bb16112696b43bb1611269883bbv_.jpg\"\/>Anica Porzizec. \/ Photo Ch.C.\u00a0\u00bbQue la ville soit enfin propre\u00a0\u00bb<\/p>\n<p>Question propret\u00e9, c&rsquo;est certain, on ne peut que constater une am\u00e9lioration de la situation. On sait que c&rsquo;est une histoire de comp\u00e9tence <a href=\"https:\/\/www.laprovence.com\/article\/region\/37853241406882\/centre-ville-de-marseille-sur-les-paves-la-crasse\" target=\"_blank\" rel=\"noopener\">et que la propret\u00e9 n&rsquo;appartient pas \u00e0 la municipalit\u00e9<\/a>. Marseille est une grande ville : les budgets sont contraints et le maire ne peut pas \u00eatre partout. Mais quand m\u00eame, <a href=\"https:\/\/www.laprovence.com\/article\/region\/1845357003553514\/salete-dans-les-quartiers-nord-de-marseille-ce-qu-on-supporte-ici-ca-ne-durerait-pas-5-minutes-a-endoume\" target=\"_blank\" rel=\"noopener\">toute cette salet\u00e9, ce n&rsquo;est pas possible<\/a>. Je participe comme beaucoup de b\u00e9n\u00e9voles aux ramassages des d\u00e9chets mais on doit trouver une solution. C&rsquo;est aussi une affaire de civisme et de p\u00e9dagogie, \u00e0 commencer par \u00e9duquer les propri\u00e9taires de chiens. J&rsquo;ai beau multiplier les pancartes et les affiches, tout le monde s&rsquo;en fout. J&rsquo;aimerais tellement que la ville soit enfin propre.<\/p>\n<p>Lionel Bourneuf, 62\u00a0ans, paysagiste&#13;\n<\/p>\n<p><img alt=\"Lionel Bourneuf.\" loading=\"lazy\" decoding=\"async\" data-nimg=\"fill\" class=\" TwicCore_img__i9TC1 undefined  undefined\" style=\"position:absolute;height:100%;width:100%;left:0;top:0;right:0;bottom:0;color:transparent;background-size:cover;background-position:50% 50%;background-repeat:no-repeat;background-image:url(&quot;data:image\/svg+xml;charset=utf-8,%3Csvg xmlns='http:\/\/www.w3.org\/2000\/svg' %3E%3Cfilter id='b' color-interpolation-filters='sRGB'%3E%3CfeGaussianBlur stdDeviation='20'\/%3E%3CfeColorMatrix values='1 0 0 0 0 0 1 0 0 0 0 0 1 0 0 0 0 0 100 -1' result='s'\/%3E%3CfeFlood x='0' y='0' width='100%25' height='100%25'\/%3E%3CfeComposite operator='out' in='s'\/%3E%3CfeComposite in2='SourceGraphic'\/%3E%3CfeGaussianBlur stdDeviation='20'\/%3E%3C\/filter%3E%3Cimage width='100%25' height='100%25' x='0' y='0' preserveAspectRatio='none' style='filter: url(%23b);' href='data:image\/webp;base64,UklGRjYDAABXRUJQVlA4ICoDAABwOwCdASpYAjMBPkkkkEYipC2hIHHIYbAJCWlu4XY+BNqD18Y8NfsAGklspy5cuXLly5cuXLly5cuXLly5cuXLly5cuXLly5cuXLly5cuXLly5cuXLly5cuXLly5cuXLly5cuXLly5cuXLly5cuXLly5cOmSMpCYAqxrZTly5cuXLlb+kGzWSu8K3E1y5cuXLly5cuXLly586rC9hJ59veBEwBVjWynLly5cuXLug2VFzeerXpFBoE1DzVqRnK9boVWdU5uGOkJgCrGtlOXLl3LvfxUZpxwRcmsj79wb4EbKlE\/r22O42hBnpQFwx0hMAVY1spy4YzRxqGxu6c2HW2qsf0YBKFRSEwBVjWynLly5cuaOzYEbNk92seqt0qoLUhMAVY1spy5crUBhXE756j\/F5H4PuLhYztBdg85f1XvYrGtlOXLly5cuXLly8BqjFLIyVJAdajjWODMD9LlVAXDHSEwBVjWynLly9tbE8pMCyjcR7xcMdITAFWNbKcuXLly+D+fa3VF4N6KxrZTly5cuXLly5cuXLly5cuXLly5cuXLly5cuXLly5cuXLly5cuXLly5cuXLly5cuXLly5cuXLly5cuXLly5cuXLly5cuXLly5cuXLly5cuXLly5cuXLhAAAP7\/oF7\/uk\/U\/0X960XRsIAEB2AAAAAAN70kr1HHyAOX3hkoohV27A67FGK7ZDJxBrJxh4Ojbr\/WDeEfz\/7o3pHj59TQ8XGsQUhr3sN7hFK2Jryx8ktgST6T5ReQQ3\/8iFy18d24oI\/ehYDZRlXUy0Kupe8Eo1oGLy7EtnzszCA7wOSYi2TuBOTEajrI03t4X5RtPEfwApDODep6IxUiWEqwc10ClsN9PiXJYP\/ftxQ4kB\/fvVojv0hPD+UslrCvnBMHKjiIKuNWc2UVssi9Sc7OFkej4bXkVzuyn3wK6aai9cjlMoDj0aFvX1cABgc2Kb52QF9UStQKG7NBnYzqQyNQam2c8hYLfhjPkZw8Wtbagqpsowi5hfki1bc1bmdFsUiBCz012jpiep8diCSRABf4vizRKv35xIIAoAAAAAAAAAAAAAA='\/%3E%3C\/svg%3E&quot;)\"   src=\"https:\/\/www.europesays.com\/fr\/wp-content\/uploads\/2026\/01\/lionel-bourneuf-1768234824_12e659469269626e6594692691ae65v_.jpg\"\/>Lionel Bourneuf. \/ Photo Ch.C.\u00a0\u00bbQue les services publics fonctionnent\u00a0\u00bb<\/p>\n<p>Marseille a \u00e9volu\u00e9, a chang\u00e9. Je suis arriv\u00e9 de Bretagne en 1998, \u00e0 une \u00e9poque <a href=\"https:\/\/www.laprovence.com\/article\/region\/1052915799407715\/corniche-a-marseille-six-mois-apres-des-places-de-stationnement-restent-privatisees-illegalement\" target=\"_blank\" rel=\"noopener\">o\u00f9 l&rsquo;on pouvait se garer n&rsquo;importe o\u00f9<\/a> ! Alors je ne suis pas d&rsquo;accord avec les rageux de Facebook : la ville s&rsquo;est am\u00e9lior\u00e9e, c&rsquo;est un fait. Mais, ici, on a l&rsquo;impression que la ville se sabote toute seule ! Quand on voit par exemple <a href=\"https:\/\/www.laprovence.com\/article\/region\/2430138981053215\/piscines-municipales-a-marseille-la-mairie-veut-enfin-sortir-la-tete-de-l-eau\" target=\"_blank\" rel=\"noopener\">l&rsquo;\u00e9tat et le nombre de nos piscines, c&rsquo;est ahurissant<\/a>. \u00c0 Pa&#8230;<\/p>\n","protected":false},"excerpt":{"rendered":"De Belsunce (1er) au Roucas-Blanc (7e), les attentes des Marseillais ne sont pas les m\u00eames. \/ Photo Philippe&hellip;\n","protected":false},"author":2,"featured_media":658826,"comment_status":"","ping_status":"","sticky":false,"template":"","format":"standard","meta":{"footnotes":""},"categories":[2814],"tags":[76100,5734,1111,11,154,1777,674,1011,27,4021,151,884,3554,12,316,882,746,25],"class_list":{"0":"post-658825","1":"post","2":"type-post","3":"status-publish","4":"format-standard","5":"has-post-thumbnail","7":"category-marseille","8":"tag-1er-7e","9":"tag-5734","10":"tag-actu","11":"tag-actualites","12":"tag-des","13":"tag-eu","14":"tag-europe","15":"tag-fr","16":"tag-france","17":"tag-habitants","18":"tag-les","19":"tag-marseille","20":"tag-municipales","21":"tag-news","22":"tag-politique","23":"tag-provence-alpes-cote-dazur","24":"tag-que","25":"tag-republique-francaise"},"share_on_mastodon":{"url":"https:\/\/pubeurope.com\/@fr\/115883346878027397","error":""},"_links":{"self":[{"href":"https:\/\/www.europesays.com\/fr\/wp-json\/wp\/v2\/posts\/658825","targetHints":{"allow":["GET"]}}],"collection":[{"href":"https:\/\/www.europesays.com\/fr\/wp-json\/wp\/v2\/posts"}],"about":[{"href":"https:\/\/www.europesays.com\/fr\/wp-json\/wp\/v2\/types\/post"}],"author":[{"embeddable":true,"href":"https:\/\/www.europesays.com\/fr\/wp-json\/wp\/v2\/users\/2"}],"replies":[{"embeddable":true,"href":"https:\/\/www.europesays.com\/fr\/wp-json\/wp\/v2\/comments?post=658825"}],"version-history":[{"count":0,"href":"https:\/\/www.europesays.com\/fr\/wp-json\/wp\/v2\/posts\/658825\/revisions"}],"wp:featuredmedia":[{"embeddable":true,"href":"https:\/\/www.europesays.com\/fr\/wp-json\/wp\/v2\/media\/658826"}],"wp:attachment":[{"href":"https:\/\/www.europesays.com\/fr\/wp-json\/wp\/v2\/media?parent=658825"}],"wp:term":[{"taxonomy":"category","embeddable":true,"href":"https:\/\/www.europesays.com\/fr\/wp-json\/wp\/v2\/categories?post=658825"},{"taxonomy":"post_tag","embeddable":true,"href":"https:\/\/www.europesays.com\/fr\/wp-json\/wp\/v2\/tags?post=658825"}],"curies":[{"name":"wp","href":"https:\/\/api.w.org\/{rel}","templated":true}]}}