{"id":658827,"date":"2026-01-12T17:38:09","date_gmt":"2026-01-12T17:38:09","guid":{"rendered":"https:\/\/www.europesays.com\/fr\/658827\/"},"modified":"2026-01-12T17:38:09","modified_gmt":"2026-01-12T17:38:09","slug":"deux-jeunes-permis-pulverisent-le-radar-des-gendarmes","status":"publish","type":"post","link":"https:\/\/www.europesays.com\/fr\/658827\/","title":{"rendered":"deux jeunes permis pulv\u00e9risent le radar des gendarmes"},"content":{"rendered":"<p>                    Par<br \/>\n        <strong><br \/>\n            <a href=\"https:\/\/actu.fr\/auteur\/fabien-binacchi\" title=\"Consulter tous les articles de Fabien Binacchi\" target=\"_blank\" rel=\"noopener\">Fabien Binacchi<\/a><br \/>\n                    <\/strong><\/p>\n<p>        Publi\u00e9 le<\/p>\n<p>            12 janv. 2026 \u00e0 17h03        <\/p>\n<p>Ils n\u2019avaient pas encore tous leurs points\u2009: ils les ont finalement perdus tous d\u2019un coup. Dans la soir\u00e9e du samedi 10\u00a0janvier 2026, deux jeunes conducteurs <strong>en permis probatoire<\/strong> ont \u00e9t\u00e9 contr\u00f4l\u00e9s \u00e0 des vitesses tr\u00e8s excessives sur l\u2019autoroute <a href=\"https:\/\/actu.fr\/tag\/autoroute-7-a7\" target=\"_blank\" rel=\"noopener\">A7<\/a>, \u00e0 hauteur des communes de Senas et de Cabannes (Bouches-du-Rh\u00f4ne), pr\u00e8s de Marseille, apprend-on des gendarmes.<\/p>\n<p class=\" wall-content\">Ils vont \u00eatre convoqu\u00e9s au tribunal.<\/p>\n<p>Pr\u00e8s de deux fois la vitesse autoris\u00e9e<\/p>\n<p class=\" wall-content\">Toujours plus vite, malgr\u00e9 leur manque d\u2019exp\u00e9rience. Comme, d\u00e9j\u00e0, <a href=\"https:\/\/actu.fr\/provence-alpes-cote-d-azur\/simiane-collongue_13107\/pres-de-marseille-cet-automobiliste-explose-le-radar-des-gendarmes-son-controle-revele-une-surprise_63439310.html\" target=\"_blank\" rel=\"noopener\">le 16\u00a0novembre<\/a> et <a href=\"https:\/\/actu.fr\/provence-alpes-cote-d-azur\/coudoux_13118\/pres-de-marseille-le-jeune-permis-explose-le-radar-des-gendarmes-avec-sa-puissante-mercedes_63478439.html\" target=\"_blank\" rel=\"noopener\">le 25\u00a0novembre 2025,<\/a> ce sont des jeunes conducteurs, cette fois-ci au volant <strong>de puissantes BMW,<\/strong> des s\u00e9ries 1 et 5, que les gendarmes ont arr\u00eat\u00e9 bien au-del\u00e0 des limitations.<\/p>\n<p class=\" wall-content\">Samedi soir, ils sont deux \u00e0 avoir \u00e9t\u00e9 contr\u00f4l\u00e9s \u00ab\u2009\u00e0 quelques minutes d\u2019intervalle\u2009\u00bb, vers 21h et \u00e0 22h, par l\u2019\u00e9quipe rapide d\u2019intervention du peloton motoris\u00e9 de Salon-de-Provence. \u00c0 <strong>212km\/h pour l\u2019un et 206\u00a0km\/h pour l\u2019autre.<\/strong> Soit pr\u00e8s de deux fois la vitesse autoris\u00e9e sur cette portion de l\u2019autoroute A7 avec leur permis probatoire\u2009: 110km\/h.<\/p>\n<p>    <a href=\"https:\/\/www.facebook.com\/plugins\/post.php?href=https%3A%2F%2Fwww.facebook.com%2Fgendarmeriedesbouchesdurhone%2Fposts%2Fpfbid0wPU82WtiD1H2ACd8Kz98iX7Er3zkLBu5B5U33PxR5xYYEBA6YNoyF9cpBjzArXmCl&amp;show_text=true&amp;width=350\" title=\"Ouvrie le lien\" target=\"_blank\" rel=\"noopener\">Cliquez ici pour visualiser le contenu<\/a><\/p>\n<p>Bient\u00f4t au tribunal<\/p>\n<p class=\" wall-content\">Les premi\u00e8res sanctions sont tomb\u00e9es tout de suite\u2009: leur petite carte rose a \u00e9t\u00e9 imm\u00e9diatement retenue et les voitures ont \u00e9t\u00e9 <strong>mises en fourri\u00e8re.<\/strong><\/p>\n<p class=\" wall-content\">Les deux chauffards en herbe \u00ab\u2009seront prochainement convoqu\u00e9s en justice pour r\u00e9pondre \u00e0 ce <strong>d\u00e9lit routier<\/strong>\u2009\u00bb, pr\u00e9cise \u00e9galement la gendarmerie des Bouches-du-Rh\u00f4ne.<\/p>\n<p>Votre r\u00e9gion, votre actu !<\/p>\n<p>Recevez chaque jour les infos qui comptent pour vous.<\/p>\n<p>\t<a href=\"https:\/\/actu.fr\/newsletter\" class=\"ac-btn ac-btn--corner ac-btn--medium ac-btn--blue800\" target=\"_blank\" rel=\"noopener\">S&rsquo;incrire<\/a><\/p>\n<p class=\" wall-content\">En plus de la perte de 6 points, ils risquent une contravention de 5e classe de 1500 euros, une suspension de permis de 3\u00a0ans maximum, une interdiction de conduire tout type de v\u00e9hicule, y compris une voiturette et l\u2019obligation de suivre un stage de sensibilisation.<\/p>\n<p class=\" wall-content\">Personnalisez votre actualit\u00e9 en ajoutant vos villes et m\u00e9dias en favori avec <a href=\"https:\/\/moncompte.actu.fr\" title=\"D\u00e9couvez Mon Actu\" rel=\"nofollow noopener\" data-trk=\"{&quot;cta&quot;:{&quot;action&quot;:&quot;https:\\\/\\\/moncompte.actu.fr&quot;,&quot;category&quot;:&quot;mon compte&quot;,&quot;from&quot;:&quot;article footer&quot;,&quot;name&quot;:&quot;Mon actu&quot;,&quot;type&quot;:&quot;cta&quot;}}\" target=\"_blank\">Mon Actu<\/a>.<\/p>\n","protected":false},"excerpt":{"rendered":"Par Fabien Binacchi Publi\u00e9 le 12 janv. 2026 \u00e0 17h03 Ils n\u2019avaient pas encore tous leurs points\u2009: ils&hellip;\n","protected":false},"author":2,"featured_media":658828,"comment_status":"","ping_status":"","sticky":false,"template":"","format":"standard","meta":{"footnotes":""},"categories":[2814],"tags":[1111,11,6423,1777,674,5915,118,1011,27,3381,884,12,882,25],"class_list":{"0":"post-658827","1":"post","2":"type-post","3":"status-publish","4":"format-standard","5":"has-post-thumbnail","7":"category-marseille","8":"tag-actu","9":"tag-actualites","10":"tag-autoroute-7-a7","11":"tag-eu","12":"tag-europe","13":"tag-exces-de-vitesse","14":"tag-faits-divers","15":"tag-fr","16":"tag-france","17":"tag-gendarmerie","18":"tag-marseille","19":"tag-news","20":"tag-provence-alpes-cote-dazur","21":"tag-republique-francaise"},"share_on_mastodon":{"url":"https:\/\/pubeurope.com\/@fr\/115883350819962293","error":""},"_links":{"self":[{"href":"https:\/\/www.europesays.com\/fr\/wp-json\/wp\/v2\/posts\/658827","targetHints":{"allow":["GET"]}}],"collection":[{"href":"https:\/\/www.europesays.com\/fr\/wp-json\/wp\/v2\/posts"}],"about":[{"href":"https:\/\/www.europesays.com\/fr\/wp-json\/wp\/v2\/types\/post"}],"author":[{"embeddable":true,"href":"https:\/\/www.europesays.com\/fr\/wp-json\/wp\/v2\/users\/2"}],"replies":[{"embeddable":true,"href":"https:\/\/www.europesays.com\/fr\/wp-json\/wp\/v2\/comments?post=658827"}],"version-history":[{"count":0,"href":"https:\/\/www.europesays.com\/fr\/wp-json\/wp\/v2\/posts\/658827\/revisions"}],"wp:featuredmedia":[{"embeddable":true,"href":"https:\/\/www.europesays.com\/fr\/wp-json\/wp\/v2\/media\/658828"}],"wp:attachment":[{"href":"https:\/\/www.europesays.com\/fr\/wp-json\/wp\/v2\/media?parent=658827"}],"wp:term":[{"taxonomy":"category","embeddable":true,"href":"https:\/\/www.europesays.com\/fr\/wp-json\/wp\/v2\/categories?post=658827"},{"taxonomy":"post_tag","embeddable":true,"href":"https:\/\/www.europesays.com\/fr\/wp-json\/wp\/v2\/tags?post=658827"}],"curies":[{"name":"wp","href":"https:\/\/api.w.org\/{rel}","templated":true}]}}