{"id":658837,"date":"2026-01-12T17:44:16","date_gmt":"2026-01-12T17:44:16","guid":{"rendered":"https:\/\/www.europesays.com\/fr\/658837\/"},"modified":"2026-01-12T17:44:16","modified_gmt":"2026-01-12T17:44:16","slug":"nouvelle-sensation-rap-rai-rnb-danyl-annonce-un-concert-au-zenith-de-paris-en-novembre-2026","status":"publish","type":"post","link":"https:\/\/www.europesays.com\/fr\/658837\/","title":{"rendered":"Nouvelle sensation rap-ra\u00ef-r&rsquo;n&rsquo;b, Danyl annonce un concert au Z\u00e9nith de Paris en novembre 2026"},"content":{"rendered":"<p>                                <a href=\"https:\/\/www.infoconcert.com\/artiste\/danyl-181848\/concerts.html?departement_id=75\" target=\"_blank\" rel=\"noopener\"><img decoding=\"async\" style=\"max-width: 100%;\" src=\"https:\/\/www.europesays.com\/fr\/wp-content\/uploads\/2026\/01\/danyl_zmig_concert-zenith-de-paris_visunews0126.jpg\" alt=\"\"\/><\/a><\/p>\n<p>S&rsquo;il a d\u00e9j\u00e0 \u00e9cum\u00e9 de nombreuses salles de concerts parisiennes (Cigale, Bataclan, Elys\u00e9e Montmartre, etc.), <strong>Danyl<\/strong> n&rsquo;avait pas encore \u00e0 son palmar\u00e8s le <strong>Z\u00e9nith de Paris<\/strong> ! Ce sera chose faite <strong>le 19 novembre 2026<\/strong>. Ce jour-l\u00e0, le rappeur franco-alg\u00e9rien sera \u00e0 l&rsquo;affiche de la salle du Parc de la Villette. Il y pr\u00e9sentera les titres de son <strong>premier album \u00ab\u00a0Zmig\u00a0\u00bb<\/strong> disponible ce 16 janvier.\u00a0<\/p>\n<p><a href=\"https:\/\/www.infoconcert.com\/ticket\/concert-danyl-paris\/1874043.html\" target=\"_blank\" rel=\"noopener\"><strong>Danyl en concert au Z\u00e9nith de Paris : activer l&rsquo;alerte r\u00e9servation<br \/><\/strong><\/a>Mise en vente des billets le mardi 13 janvier \u00e0 12h00<\/p>\n<\/p>\n<p>Le 22 janvier prochain, <strong>Danyl pr\u00e9sentera \u00e0 la Machine du Moulin Rouge son premier album \u00ab\u00a0Zmig\u00a0\u00bb<\/strong>. Inutile de vous dire que le concert est sold out depuis longtemps tout comme l&rsquo;a \u00e9t\u00e9 sa s\u00e9rie de concerts \u00e0 Paris l&rsquo;automne dernier (Cigale, Bataclan et Elys\u00e9e Montmartre).\u00a0<br \/>R\u00e9v\u00e9l\u00e9 sur la plateforme Twitch puis sur les r\u00e9seaux sociaux, le franco-alg\u00e9rien a vite voulu se frotter \u00e0 son public dans les salles de concerts. Sa musique dans laquelle se croise musiques urbaines et son traditionnels et son \u00e9nergie r\u00e9ussissent \u00e0 faire de chacun de ses concerts une f\u00eate. A n&rsquo;en pas douter, il en sera de m\u00eame lors de sa <strong><a href=\"https:\/\/www.infoconcert.com\/artiste\/danyl-181848\/concerts.html\" target=\"_blank\" rel=\"noopener\">tourn\u00e9e en r\u00e9gion<\/a> de janvier \u00e0 avril<\/strong> (Lyon, Toulouse, Rennes, Bordeaux, Marseille, N\u00eemes, etc.) et plus encore au Z\u00e9nith de Paris le 19 novembre 2026.\u00a0\u00a0<\/p><\/p>\n","protected":false},"excerpt":{"rendered":"S&rsquo;il a d\u00e9j\u00e0 \u00e9cum\u00e9 de nombreuses salles de concerts parisiennes (Cigale, Bataclan, Elys\u00e9e Montmartre, etc.), Danyl n&rsquo;avait pas&hellip;\n","protected":false},"author":2,"featured_media":658838,"comment_status":"","ping_status":"","sticky":false,"template":"","format":"standard","meta":{"footnotes":""},"categories":[1888],"tags":[1111,1928,11,1927,1777,674,1011,27,12,1926,626,1925,25],"class_list":{"0":"post-658837","1":"post","2":"type-post","3":"status-publish","4":"format-standard","5":"has-post-thumbnail","7":"category-paris","8":"tag-actu","9":"tag-actu-paris","10":"tag-actualites","11":"tag-actualites-paris","12":"tag-eu","13":"tag-europe","14":"tag-fr","15":"tag-france","16":"tag-news","17":"tag-news-paris","18":"tag-paris","19":"tag-paris-news","20":"tag-republique-francaise"},"share_on_mastodon":{"url":"https:\/\/pubeurope.com\/@fr\/115883374314820115","error":""},"_links":{"self":[{"href":"https:\/\/www.europesays.com\/fr\/wp-json\/wp\/v2\/posts\/658837","targetHints":{"allow":["GET"]}}],"collection":[{"href":"https:\/\/www.europesays.com\/fr\/wp-json\/wp\/v2\/posts"}],"about":[{"href":"https:\/\/www.europesays.com\/fr\/wp-json\/wp\/v2\/types\/post"}],"author":[{"embeddable":true,"href":"https:\/\/www.europesays.com\/fr\/wp-json\/wp\/v2\/users\/2"}],"replies":[{"embeddable":true,"href":"https:\/\/www.europesays.com\/fr\/wp-json\/wp\/v2\/comments?post=658837"}],"version-history":[{"count":0,"href":"https:\/\/www.europesays.com\/fr\/wp-json\/wp\/v2\/posts\/658837\/revisions"}],"wp:featuredmedia":[{"embeddable":true,"href":"https:\/\/www.europesays.com\/fr\/wp-json\/wp\/v2\/media\/658838"}],"wp:attachment":[{"href":"https:\/\/www.europesays.com\/fr\/wp-json\/wp\/v2\/media?parent=658837"}],"wp:term":[{"taxonomy":"category","embeddable":true,"href":"https:\/\/www.europesays.com\/fr\/wp-json\/wp\/v2\/categories?post=658837"},{"taxonomy":"post_tag","embeddable":true,"href":"https:\/\/www.europesays.com\/fr\/wp-json\/wp\/v2\/tags?post=658837"}],"curies":[{"name":"wp","href":"https:\/\/api.w.org\/{rel}","templated":true}]}}