{"id":658839,"date":"2026-01-12T17:45:10","date_gmt":"2026-01-12T17:45:10","guid":{"rendered":"https:\/\/www.europesays.com\/fr\/658839\/"},"modified":"2026-01-12T17:45:10","modified_gmt":"2026-01-12T17:45:10","slug":"soiree-hommage-a-fernando-arrabal","status":"publish","type":"post","link":"https:\/\/www.europesays.com\/fr\/658839\/","title":{"rendered":"Soir\u00e9e hommage \u00e0 Fernando Arrabal"},"content":{"rendered":"<p>\n  Figure majeure de la litt\u00e9rature et du th\u00e9\u00e2tre contemporains, Fernando Arrabal sera \u00e0 l\u2019honneur lors d\u2019une soir\u00e9e exceptionnelle organis\u00e9e par la Mairie du 17e, le lundi 2 f\u00e9vrier \u00e0 19h en salle Jacques Chirac.\n<\/p>\n<p>\n  \u00c9crivain, po\u00e8te, dramaturge, peintre et cin\u00e9aste espagnol n\u00e9 en 1932, Fernando Arrabal vit aujourd\u2019hui dans le 17e. Son \u0153uvre, profond\u00e9ment marqu\u00e9e par l\u2019histoire politique de l\u2019Espagne franquiste, a travers\u00e9 les fronti\u00e8res et les d\u00e9cennies, faisant de lui une voix essentielle de la cr\u00e9ation artistique du XX\u1d49 si\u00e8cle.\n<\/p>\n<p>\n  Tr\u00e8s t\u00f4t confront\u00e9 \u00e0 la violence du r\u00e9gime franquiste, son p\u00e8re ayant \u00e9t\u00e9 condamn\u00e9 \u00e0 mort puis emprisonn\u00e9, Fernando Arrabal a fait de l\u2019engagement et de la libert\u00e9 d\u2019expression des piliers de son travail. En 1967, il est lui-m\u00eame jug\u00e9 et emprisonn\u00e9 par le r\u00e9gime de Franco en raison de ses \u00e9crits, avant de publier la c\u00e9l\u00e8bre \u00ab\u00a0Lettre au g\u00e9n\u00e9ral Franco\u00a0\u00bb, texte embl\u00e9matique de r\u00e9sistance intellectuelle. Longtemps consid\u00e9r\u00e9 comme ind\u00e9sirable par la dictature, il sera finalement reconnu et c\u00e9l\u00e9br\u00e9 dans une Espagne devenue d\u00e9mocratique.\n<\/p>\n<p>\n  \u00c0 travers cette soir\u00e9e hommage, la Mairie du 17e souhaite saluer le parcours, l\u2019\u0153uvre et l\u2019engagement d\u2019un artiste qui a su faire de la cr\u00e9ation un acte de libert\u00e9.\n<\/p>\n<p>  Programme de la soir\u00e9e<\/p>\n<p>\n  &#8211; Mise en sc\u00e8ne\u00a0: <strong>J\u00e9r\u00e9my Lemaitre<\/strong><br \/>&#8211; Interpr\u00e9tation\u00a0: <strong>Fr\u00e9d\u00e9ric Rubio<\/strong><\/p>\n","protected":false},"excerpt":{"rendered":"Figure majeure de la litt\u00e9rature et du th\u00e9\u00e2tre contemporains, Fernando Arrabal sera \u00e0 l\u2019honneur lors d\u2019une soir\u00e9e exceptionnelle&hellip;\n","protected":false},"author":2,"featured_media":658840,"comment_status":"","ping_status":"","sticky":false,"template":"","format":"standard","meta":{"footnotes":""},"categories":[1888],"tags":[11,1777,674,1011,27,12,626,25],"class_list":{"0":"post-658839","1":"post","2":"type-post","3":"status-publish","4":"format-standard","5":"has-post-thumbnail","7":"category-paris","8":"tag-actualites","9":"tag-eu","10":"tag-europe","11":"tag-fr","12":"tag-france","13":"tag-news","14":"tag-paris","15":"tag-republique-francaise"},"share_on_mastodon":{"url":"https:\/\/pubeurope.com\/@fr\/115883378215728905","error":""},"_links":{"self":[{"href":"https:\/\/www.europesays.com\/fr\/wp-json\/wp\/v2\/posts\/658839","targetHints":{"allow":["GET"]}}],"collection":[{"href":"https:\/\/www.europesays.com\/fr\/wp-json\/wp\/v2\/posts"}],"about":[{"href":"https:\/\/www.europesays.com\/fr\/wp-json\/wp\/v2\/types\/post"}],"author":[{"embeddable":true,"href":"https:\/\/www.europesays.com\/fr\/wp-json\/wp\/v2\/users\/2"}],"replies":[{"embeddable":true,"href":"https:\/\/www.europesays.com\/fr\/wp-json\/wp\/v2\/comments?post=658839"}],"version-history":[{"count":0,"href":"https:\/\/www.europesays.com\/fr\/wp-json\/wp\/v2\/posts\/658839\/revisions"}],"wp:featuredmedia":[{"embeddable":true,"href":"https:\/\/www.europesays.com\/fr\/wp-json\/wp\/v2\/media\/658840"}],"wp:attachment":[{"href":"https:\/\/www.europesays.com\/fr\/wp-json\/wp\/v2\/media?parent=658839"}],"wp:term":[{"taxonomy":"category","embeddable":true,"href":"https:\/\/www.europesays.com\/fr\/wp-json\/wp\/v2\/categories?post=658839"},{"taxonomy":"post_tag","embeddable":true,"href":"https:\/\/www.europesays.com\/fr\/wp-json\/wp\/v2\/tags?post=658839"}],"curies":[{"name":"wp","href":"https:\/\/api.w.org\/{rel}","templated":true}]}}