{"id":658841,"date":"2026-01-12T17:46:11","date_gmt":"2026-01-12T17:46:11","guid":{"rendered":"https:\/\/www.europesays.com\/fr\/658841\/"},"modified":"2026-01-12T17:46:11","modified_gmt":"2026-01-12T17:46:11","slug":"laugmentation-de-tarif-qui-ne-passe-pas","status":"publish","type":"post","link":"https:\/\/www.europesays.com\/fr\/658841\/","title":{"rendered":"l\u2019augmentation de tarif qui ne passe pas"},"content":{"rendered":"<p>La communication de la SNCF qui se f\u00e9licite, sur son site, de contenir l\u2019augmentation de billets de TGV Inou\u00ef et Ouigo \u00e0 1\u00a0% en moyenne n\u2019aura pas trouv\u00e9 l\u2019oreille des abonn\u00e9s de la ligne Tours-Paris. Dans un courrier envoy\u00e9 aux \u00e9lus, l\u2019Association de d\u00e9fense des <a target=\"_self\" href=\"http:\/\/www.tgv-tours-paris.fr\/\" rel=\"noopener\">usagers<\/a> de la SNCF des lignes Tours-Paris d\u00e9nonce une nouvelle augmentation des abonnements \u00ab\u00a0Max actif\u00a0\u00bb et \u00ab\u00a0Max actif plus\u00a0\u00bb \u2013 que la SNCF entend \u00ab\u00a0r\u00e9\u00e9valuer de mani\u00e8re diff\u00e9renci\u00e9e en fonction des destinations\u00a0\u00bb \u00e0 partir d\u2019avril\u00a0\u2013\u00a0et en appelle aux \u00ab\u00a0\u00e9lus et candidats aux municipales\u00a0\u00bb.<\/p>\n<p>Selon les calculs du collectif d\u2019usagers, les abonnements de la ligne Tours-Paris auraient augment\u00e9 \u00ab\u00a0de 20\u00a0% \u00e0 pr\u00e8s de 30\u00a0%\u00a0\u00bb entre\u00a02023 et\u00a02026, \u00ab\u00a0soit plus de 1.100\u00a0\u20ac \u00e0 1.300\u00a0\u20ac euros par an et par abonn\u00e9s\u00a0\u00bb. Une augmentation qui toucherait selon l\u2019association \u00ab\u00a0plus de 2.500 Tourangeaux qui utilisent le TGV au quotidien\u00a0\u00bb pour travailler.<\/p>\n<p>Un impact sur \u00ab\u00a0l\u2019attractivit\u00e9 de Tours\u00a0\u00bb\u00a0?<\/p>\n<p>Consid\u00e9rant que ces augmentations peuvent avoir un impact sur \u00ab\u00a0l\u2019attractivit\u00e9 de Tours et de la Touraine\u00a0\u00bb, ils interpellent les \u00e9lus et candidats aux municipales pour que ces derniers prennent le sujet \u00ab\u00a0\u00e0 bras-le-corps\u00a0\u00bb. Ils rappellent que la ligne TGV qui relie Tours \u00e0 Paris est l\u2019une des plus ch\u00e8re de France au kilom\u00e8tre.<\/p>\n","protected":false},"excerpt":{"rendered":"La communication de la SNCF qui se f\u00e9licite, sur son site, de contenir l\u2019augmentation de billets de TGV&hellip;\n","protected":false},"author":2,"featured_media":658842,"comment_status":"","ping_status":"","sticky":false,"template":"","format":"standard","meta":{"footnotes":""},"categories":[1888],"tags":[1392,11,1777,674,1011,27,1387,12,626,25,1390,800],"class_list":{"0":"post-658841","1":"post","2":"type-post","3":"status-publish","4":"format-standard","5":"has-post-thumbnail","7":"category-paris","8":"tag-a-la-une-local","9":"tag-actualites","10":"tag-eu","11":"tag-europe","12":"tag-fr","13":"tag-france","14":"tag-indre-et-loire","15":"tag-news","16":"tag-paris","17":"tag-republique-francaise","18":"tag-tours","19":"tag-transports"},"share_on_mastodon":{"url":"https:\/\/pubeurope.com\/@fr\/115883382135573473","error":""},"_links":{"self":[{"href":"https:\/\/www.europesays.com\/fr\/wp-json\/wp\/v2\/posts\/658841","targetHints":{"allow":["GET"]}}],"collection":[{"href":"https:\/\/www.europesays.com\/fr\/wp-json\/wp\/v2\/posts"}],"about":[{"href":"https:\/\/www.europesays.com\/fr\/wp-json\/wp\/v2\/types\/post"}],"author":[{"embeddable":true,"href":"https:\/\/www.europesays.com\/fr\/wp-json\/wp\/v2\/users\/2"}],"replies":[{"embeddable":true,"href":"https:\/\/www.europesays.com\/fr\/wp-json\/wp\/v2\/comments?post=658841"}],"version-history":[{"count":0,"href":"https:\/\/www.europesays.com\/fr\/wp-json\/wp\/v2\/posts\/658841\/revisions"}],"wp:featuredmedia":[{"embeddable":true,"href":"https:\/\/www.europesays.com\/fr\/wp-json\/wp\/v2\/media\/658842"}],"wp:attachment":[{"href":"https:\/\/www.europesays.com\/fr\/wp-json\/wp\/v2\/media?parent=658841"}],"wp:term":[{"taxonomy":"category","embeddable":true,"href":"https:\/\/www.europesays.com\/fr\/wp-json\/wp\/v2\/categories?post=658841"},{"taxonomy":"post_tag","embeddable":true,"href":"https:\/\/www.europesays.com\/fr\/wp-json\/wp\/v2\/tags?post=658841"}],"curies":[{"name":"wp","href":"https:\/\/api.w.org\/{rel}","templated":true}]}}