{"id":65885,"date":"2025-05-01T02:52:12","date_gmt":"2025-05-01T02:52:12","guid":{"rendered":"https:\/\/www.europesays.com\/fr\/65885\/"},"modified":"2025-05-01T02:52:12","modified_gmt":"2025-05-01T02:52:12","slug":"tous-a-larret-ce-jeudi","status":"publish","type":"post","link":"https:\/\/www.europesays.com\/fr\/65885\/","title":{"rendered":"tous \u00e0 l&rsquo;arr\u00eat ce jeudi"},"content":{"rendered":"<p>            Par<br \/>\n        <strong><br \/>\n            <a href=\"https:\/\/actu.fr\/auteur\/guillaume-laurens\" title=\"Consulter tous les articles de Guillaume Laurens\" target=\"_blank\" rel=\"noopener\">Guillaume Laurens<\/a><br \/>\n        <\/strong><\/p>\n<p>        Publi\u00e9 le<\/p>\n<p>            30 avr. 2025 \u00e0 16h36        <\/p>\n<p>C\u2019est <strong>le seul jour<\/strong> de toute l\u2019ann\u00e9e o\u00f9 aucun transport en commun ne circule \u00e0 <a href=\"https:\/\/actu.fr\/toulouse\/\" target=\"_blank\" rel=\"noopener\"><strong>Toulouse<\/strong> <\/a>! Et ce <strong>jeudi 1\u1d49\u02b3\u00a0mai 2025,<\/strong> \u00e0 l\u2019occasion de la <strong>f\u00eate du Travail<\/strong>, ne d\u00e9rogera pas \u00e0 la r\u00e8gle.<\/p>\n<p>Tout le r\u00e9seau Tiss\u00e9o \u00e0 l\u2019arr\u00eat<\/p>\n<p class=\" wall-content\">En ce jour traditionnellement f\u00e9ri\u00e9, tout le <strong><a href=\"https:\/\/actu.fr\/tag\/tisseo\" target=\"_blank\" rel=\"noopener\">r\u00e9seau Tiss\u00e9o<\/a><\/strong> sera enti\u00e8rement interrompu. \u00ab\u00a0Les lignes de m\u00e9tro, tram, T\u00e9l\u00e9o, bus, TAD ainsi que les navettes ne circulent pas\u00a0\u00bb, confirme l\u2019autorit\u00e9 des transports en commun dans l\u2019agglom\u00e9ration de Toulouse.<\/p>\n<p>Attention \u00e0 l\u2019utilisation des parcs relais<\/p>\n<p class=\" wall-content\">\u00c0 savoir que cela reste possible <strong>d\u2019utiliser les parcs relais<\/strong> de Tiss\u00e9o, mais attention, alors que c\u2019est habituellement gratuit avec un titre de transport, cela risque de <strong>co\u00fbter cher<\/strong> \u00e0 l\u2019usager\u2026 Concr\u00e8tement, l\u2019utilisation des parcs relais reste possible dans deux cas de figure : pour les abonn\u00e9s parking nuits &amp; week-end, mais aussi pour <strong>le stationnement sans utilisation des transports en commun<\/strong>, selon la tarification suivante :<\/p>\n<ul class=\" wall-content\">\n<li>0,60 euro par quart d\u2019heure de 8h \u00e0 18h<\/li>\n<li>0,35 euro par quart d\u2019heure de 18h \u00e0 8h<\/li>\n<li>26,50 euros \u00e0 la journ\u00e9e (24h cons\u00e9cutives).<\/li>\n<\/ul>\n<p class=\" wall-content\">\u00c0 noter aussi que toutes les <strong>agences Tiss\u00e9o<\/strong> sont ferm\u00e9es pour cette journ\u00e9e.\u00a0<\/p>\n<p>Vid\u00e9os : en ce moment sur Actu<\/p>\n<p class=\" wall-content\">Suivez toute l\u2019actualit\u00e9 de vos villes et m\u00e9dias favoris en vous inscrivant \u00e0 <a href=\"https:\/\/moncompte.actu.fr\" title=\"D\u00e9couvez Mon Actu\" rel=\"nofollow noopener\" data-trk=\"{&quot;cta&quot;:{&quot;action&quot;:&quot;https:\\\/\\\/moncompte.actu.fr&quot;,&quot;category&quot;:&quot;mon compte&quot;,&quot;from&quot;:&quot;article footer&quot;,&quot;name&quot;:&quot;Mon actu&quot;,&quot;type&quot;:&quot;cta&quot;}}\" target=\"_blank\">Mon Actu<\/a>.<\/p>\n","protected":false},"excerpt":{"rendered":"Par Guillaume Laurens Publi\u00e9 le 30 avr. 2025 \u00e0 16h36 C\u2019est le seul jour de toute l\u2019ann\u00e9e o\u00f9&hellip;\n","protected":false},"author":2,"featured_media":65886,"comment_status":"","ping_status":"","sticky":false,"template":"","format":"standard","meta":{"footnotes":""},"categories":[2816],"tags":[1111,11,1777,674,1011,27,10596,12,2680,25,104,5400,2312,2803],"class_list":{"0":"post-65885","1":"post","2":"type-post","3":"status-publish","4":"format-standard","5":"has-post-thumbnail","7":"category-toulouse","8":"tag-actu","9":"tag-actualites","10":"tag-eu","11":"tag-europe","12":"tag-fr","13":"tag-france","14":"tag-metro-de-toulouse","15":"tag-news","16":"tag-occitanie","17":"tag-republique-francaise","18":"tag-societe","19":"tag-tisseo","20":"tag-toulouse","21":"tag-transport"},"share_on_mastodon":{"url":"https:\/\/pubeurope.com\/@fr\/114430315414408201","error":""},"_links":{"self":[{"href":"https:\/\/www.europesays.com\/fr\/wp-json\/wp\/v2\/posts\/65885","targetHints":{"allow":["GET"]}}],"collection":[{"href":"https:\/\/www.europesays.com\/fr\/wp-json\/wp\/v2\/posts"}],"about":[{"href":"https:\/\/www.europesays.com\/fr\/wp-json\/wp\/v2\/types\/post"}],"author":[{"embeddable":true,"href":"https:\/\/www.europesays.com\/fr\/wp-json\/wp\/v2\/users\/2"}],"replies":[{"embeddable":true,"href":"https:\/\/www.europesays.com\/fr\/wp-json\/wp\/v2\/comments?post=65885"}],"version-history":[{"count":0,"href":"https:\/\/www.europesays.com\/fr\/wp-json\/wp\/v2\/posts\/65885\/revisions"}],"wp:featuredmedia":[{"embeddable":true,"href":"https:\/\/www.europesays.com\/fr\/wp-json\/wp\/v2\/media\/65886"}],"wp:attachment":[{"href":"https:\/\/www.europesays.com\/fr\/wp-json\/wp\/v2\/media?parent=65885"}],"wp:term":[{"taxonomy":"category","embeddable":true,"href":"https:\/\/www.europesays.com\/fr\/wp-json\/wp\/v2\/categories?post=65885"},{"taxonomy":"post_tag","embeddable":true,"href":"https:\/\/www.europesays.com\/fr\/wp-json\/wp\/v2\/tags?post=65885"}],"curies":[{"name":"wp","href":"https:\/\/api.w.org\/{rel}","templated":true}]}}