{"id":658859,"date":"2026-01-12T17:55:13","date_gmt":"2026-01-12T17:55:13","guid":{"rendered":"https:\/\/www.europesays.com\/fr\/658859\/"},"modified":"2026-01-12T17:55:13","modified_gmt":"2026-01-12T17:55:13","slug":"alsace-apres-une-matinee-glissante-la-circulation-revient-a-la-normale-dans-la-region","status":"publish","type":"post","link":"https:\/\/www.europesays.com\/fr\/658859\/","title":{"rendered":"Alsace. Apr\u00e8s une matin\u00e9e glissante,\u00a0la circulation revient \u00e0 la normale dans la r\u00e9gion"},"content":{"rendered":"<p>Un camion est rest\u00e9 bloqu\u00e9 en travers de la route d\u00e9partementale 466 et\u00a0la route du Ballon d&rsquo;Alsace. Le col de la Gentiane\u00a0a \u00e9t\u00e9 ferm\u00e9 \u00e0 la circulation, dans les deux sens de circulation, puis rouvert \u00e0 18h20.<\/p>\n<p>Un autre poids lourd est immobilis\u00e9 entre le col du Donon et la Moselle, sur la route d\u00e9partementale 993. La route a \u00e9t\u00e9 barr\u00e9e dans les deux sens puis\u00a0rouverte \u00e0 18h24.<\/p>\n","protected":false},"excerpt":{"rendered":"Un camion est rest\u00e9 bloqu\u00e9 en travers de la route d\u00e9partementale 466 et\u00a0la route du Ballon d&rsquo;Alsace. Le&hellip;\n","protected":false},"author":2,"featured_media":658860,"comment_status":"","ping_status":"","sticky":false,"template":"","format":"standard","meta":{"footnotes":""},"categories":[2],"tags":[11,2389,12255,107,1011,27,8423,12,25,2803],"class_list":{"0":"post-658859","1":"post","2":"type-post","3":"status-publish","4":"format-standard","5":"has-post-thumbnail","7":"category-actualites","8":"tag-actualites","9":"tag-alsace","10":"tag-direct-actualite","11":"tag-fil-info","12":"tag-fr","13":"tag-france","14":"tag-meteorologie-climat","15":"tag-news","16":"tag-republique-francaise","17":"tag-transport"},"share_on_mastodon":{"url":"https:\/\/pubeurope.com\/@fr\/115883417553355777","error":""},"_links":{"self":[{"href":"https:\/\/www.europesays.com\/fr\/wp-json\/wp\/v2\/posts\/658859","targetHints":{"allow":["GET"]}}],"collection":[{"href":"https:\/\/www.europesays.com\/fr\/wp-json\/wp\/v2\/posts"}],"about":[{"href":"https:\/\/www.europesays.com\/fr\/wp-json\/wp\/v2\/types\/post"}],"author":[{"embeddable":true,"href":"https:\/\/www.europesays.com\/fr\/wp-json\/wp\/v2\/users\/2"}],"replies":[{"embeddable":true,"href":"https:\/\/www.europesays.com\/fr\/wp-json\/wp\/v2\/comments?post=658859"}],"version-history":[{"count":0,"href":"https:\/\/www.europesays.com\/fr\/wp-json\/wp\/v2\/posts\/658859\/revisions"}],"wp:featuredmedia":[{"embeddable":true,"href":"https:\/\/www.europesays.com\/fr\/wp-json\/wp\/v2\/media\/658860"}],"wp:attachment":[{"href":"https:\/\/www.europesays.com\/fr\/wp-json\/wp\/v2\/media?parent=658859"}],"wp:term":[{"taxonomy":"category","embeddable":true,"href":"https:\/\/www.europesays.com\/fr\/wp-json\/wp\/v2\/categories?post=658859"},{"taxonomy":"post_tag","embeddable":true,"href":"https:\/\/www.europesays.com\/fr\/wp-json\/wp\/v2\/tags?post=658859"}],"curies":[{"name":"wp","href":"https:\/\/api.w.org\/{rel}","templated":true}]}}