{"id":658867,"date":"2026-01-12T18:04:13","date_gmt":"2026-01-12T18:04:13","guid":{"rendered":"https:\/\/www.europesays.com\/fr\/658867\/"},"modified":"2026-01-12T18:04:13","modified_gmt":"2026-01-12T18:04:13","slug":"dix-jours-apres-sa-chute-wout-van-aert-est-deja-de-retour-a-lentrainement","status":"publish","type":"post","link":"https:\/\/www.europesays.com\/fr\/658867\/","title":{"rendered":"Dix jours apr\u00e8s sa chute, Wout van Aert est d\u00e9j\u00e0 de retour \u00e0 l\u2019entra\u00eenement"},"content":{"rendered":"<p><strong>Wout van Aert<\/strong> est remont\u00e9 en selle pour une courte sortie d\u2019une heure. Il a boucl\u00e9 une trentaine de kilom\u00e8tres dans la r\u00e9gion d\u2019Herentals ce lundi matin. Il est attendu dans les prochains jours en Espagne o\u00f9 Visma Lease a bike organise son stage. La pr\u00e9sentation de l\u2019\u00e9quipe n\u00e9erlandaise est programm\u00e9e ce mardi.<\/p>\n<p>Op\u00e9r\u00e9 \u00e0 la cheville apr\u00e8s sa chute au Zilvermeecross, WVA a tir\u00e9 un trait sur sa saison de cyclocross. Cette intervention a suscit\u00e9 l\u2019inqui\u00e9tude en vue du printemps et de la campagne des classiques. Sans entrer dans les d\u00e9tails m\u00e9dicaux, Visma Lease a bike a pr\u00f4n\u00e9 le calme et un certain optimisme. Voir l\u2019ancien champion de Belgique sur le v\u00e9lo une dizaine de jours apr\u00e8s sa chute est plut\u00f4t rassurant.<\/p>\n<p>Van Aert a \u00e9galement partag\u00e9 quelques clich\u00e9s de sa cheville meurtrie sur Instagram. On peut voir l\u2019\u00e9volution de sa blessure. On d\u00e9couvre un pied d\u2019abord gonfl\u00e9 puis bleui et enfin consolid\u00e9 par une vis. Le coureur de Visma Lease a bike partage \u00e9galement les premiers jours de sa revalidation avec quelques s\u00e9ances de rouleau en famille.<\/p>\n","protected":false},"excerpt":{"rendered":"Wout van Aert est remont\u00e9 en selle pour une courte sortie d\u2019une heure. Il a boucl\u00e9 une trentaine&hellip;\n","protected":false},"author":2,"featured_media":658868,"comment_status":"","ping_status":"","sticky":false,"template":"","format":"standard","meta":{"footnotes":""},"categories":[1411],"tags":[1154,207,1011,27,60],"class_list":{"0":"post-658867","1":"post","2":"type-post","3":"status-publish","4":"format-standard","5":"has-post-thumbnail","7":"category-cyclisme","8":"tag-cycling","9":"tag-cyclisme","10":"tag-fr","11":"tag-france","12":"tag-sports"},"share_on_mastodon":{"url":"https:\/\/pubeurope.com\/@fr\/115883452914459556","error":""},"_links":{"self":[{"href":"https:\/\/www.europesays.com\/fr\/wp-json\/wp\/v2\/posts\/658867","targetHints":{"allow":["GET"]}}],"collection":[{"href":"https:\/\/www.europesays.com\/fr\/wp-json\/wp\/v2\/posts"}],"about":[{"href":"https:\/\/www.europesays.com\/fr\/wp-json\/wp\/v2\/types\/post"}],"author":[{"embeddable":true,"href":"https:\/\/www.europesays.com\/fr\/wp-json\/wp\/v2\/users\/2"}],"replies":[{"embeddable":true,"href":"https:\/\/www.europesays.com\/fr\/wp-json\/wp\/v2\/comments?post=658867"}],"version-history":[{"count":0,"href":"https:\/\/www.europesays.com\/fr\/wp-json\/wp\/v2\/posts\/658867\/revisions"}],"wp:featuredmedia":[{"embeddable":true,"href":"https:\/\/www.europesays.com\/fr\/wp-json\/wp\/v2\/media\/658868"}],"wp:attachment":[{"href":"https:\/\/www.europesays.com\/fr\/wp-json\/wp\/v2\/media?parent=658867"}],"wp:term":[{"taxonomy":"category","embeddable":true,"href":"https:\/\/www.europesays.com\/fr\/wp-json\/wp\/v2\/categories?post=658867"},{"taxonomy":"post_tag","embeddable":true,"href":"https:\/\/www.europesays.com\/fr\/wp-json\/wp\/v2\/tags?post=658867"}],"curies":[{"name":"wp","href":"https:\/\/api.w.org\/{rel}","templated":true}]}}