{"id":65887,"date":"2025-05-01T02:53:16","date_gmt":"2025-05-01T02:53:16","guid":{"rendered":"https:\/\/www.europesays.com\/fr\/65887\/"},"modified":"2025-05-01T02:53:16","modified_gmt":"2025-05-01T02:53:16","slug":"portrait-esther-de-climmer-safran-a-roubaix","status":"publish","type":"post","link":"https:\/\/www.europesays.com\/fr\/65887\/","title":{"rendered":"[Portrait] Esther de Climmer, \u00ab\u00a0Safran\u00a0\u00bb \u00e0 Roubaix"},"content":{"rendered":"<p class=\"introduction\">Esther de Climmer dirige La Grand-Plage, m\u00e9diath\u00e8que ouverte, vivante et ancr\u00e9e dans la ville. Pour avoir insuffl\u00e9 une dynamique nouvelle \u00e0 cet \u00e9quipement municipal et pour saluer son parcours professionnel au service de la lecture publique et de la pr\u00e9servation du Patrimoine, elle a r\u00e9cemment \u00e9t\u00e9 faite Chevalier dans l&rsquo;Ordre des Arts et des Lettres.<\/p>\n<p>Si on vous dit \u00ab Biblioth\u00e8que \u00bb et \u00ab Biblioth\u00e9caire \u00bb \u00e0 quoi pensez-vous ? Des rayonnages imposants, une obscurit\u00e9 poussi\u00e9reuse, des figures aust\u00e8res qui imposent le silence\u2026 Or en entrant \u00e0 la M\u00e9diath\u00e8que de Roubaix, la bien nomm\u00e9e \u00ab La Grand-Plage \u00bb, on est saisi par l\u2019espace, la lumi\u00e8re, les couleurs. On vient y lire et travailler, bien s\u00fbr, mais on s\u2019y pose et on y cause, parfois m\u00eame au soleil, sur la terrasse ou au Caf\u00e9. A la t\u00eate de la sympathique \u00e9quipe en marini\u00e8re qui vous accueille et vous conseille, Esther de Climmer, directrice depuis 2003, a insuffl\u00e9 une dynamique nouvelle \u00e0 cet \u00e9quipement municipal. Pour saluer son parcours professionnel au service de la lecture publique et de la pr\u00e9servation du Patrimoine, elle a r\u00e9cemment \u00e9t\u00e9 faite Chevalier dans l\u2019Ordre des Arts et des Lettres.<\/p>\n<p>En 1972, dans <a href=\"https:\/\/youtu.be\/EMoi_m2G6XU?si=zdrXZytXu4tkkEYN\" target=\"_blank\" rel=\"noopener\">le morceau \u00ab Tumbling Dice \u00bb<\/a>, les Rolling Stones chantaient : \u00ab Always in a hurry, I never stop to worry, don\u2019t see the time flashin\u2019 by \u00bb (\u00ab Toujours press\u00e9, je n\u2019ai pas le temps de m\u2019en faire, je ne vois pas le temps passer\u2026 \u00bb). C\u2019est le morceau pr\u00e9f\u00e9r\u00e9 d\u2019Esther de Climmer, fan du groupe depuis toujours. Ce texte \u00e9crit par Mick Jagger (lui aussi Chevalier\u2026 de la Couronne britannique !), r\u00e9sonne bien \u00e0 la lecture des \u00e9tapes de la carri\u00e8re de la directrice de \u00ab La Grand-Plage \u00bb. Depuis ses d\u00e9buts en Isra\u00ebl jusqu\u2019\u00e0 la m\u00e9diath\u00e8que de Roubaix, en passant par la Biblioth\u00e8que nationale de France, elle a accompagn\u00e9 les \u00e9volutions rapides et spectaculaires du monde des biblioth\u00e8ques. Un monde qu\u2019elle ne d\u00e9couvre pourtant que sur le tard.<\/p>\n<p>Etudiante \u00e0 Jussieu, passionn\u00e9e d\u2019Histoire, ce sont les soubresauts de celle-ci qui l\u2019am\u00e8nent en Isra\u00ebl, au d\u00e9but des ann\u00e9es 80, o\u00f9 commence sa vie professionnelle, apr\u00e8s une reprise d\u2019\u00e9tude pour devenir \u00ab safran \u00bb (mot h\u00e9breu qui signifie biblioth\u00e9caire). Elle exerce \u00e0 la biblioth\u00e8que de sciences sociales de l\u2019Universit\u00e9 de Tel Aviv. Elle y apprend toutes les facette de ce m\u00e9tier et y trouve le \u00ab feu sacr\u00e9 \u00bb, celui qui l\u2019anime encore : le service et l\u2019accueil du public.<\/p>\n<p class=\"description\">\u00ab Je suis biblioth\u00e9caire, je suis jardini\u00e8re, je suis tricoteuse, je suis promeneuse, j\u2019aime les animaux, je suis lectrice\u2026 \u00bb Esther de Climmer<\/p>\n<p>De retour en France, au d\u00e9but des ann\u00e9es 90, elle int\u00e8gre le Centre de coordination bibliographique et technique de la nouvelle Biblioth\u00e8que nationale de France: \u00ab C\u2019\u00e9tait un peu \u00e9trange de passer d\u2019une vie dans l\u2019Orient lointain et sauvage, o\u00f9 les cultures et les m\u0153urs sont parfois un peu rudes, \u00e0 ce milieu extraordinaire, splendide, la Biblioth\u00e8que nationale, le centre de Paris, le Palais Royal, le mus\u00e9e du Louvre\u2026 Un monde polic\u00e9 et courtois, o\u00f9 j\u2019ai pass\u00e9 de tr\u00e8s belles ann\u00e9es, mais o\u00f9 je m\u2019ennuyais un peu dans un boulot tr\u00e8s scientifique o\u00f9 on ne voyait jamais le public \u2026 \u00bb<\/p>\n<p>En 1995, \u00e0 la recherche d\u2019un poste dans le Nord, elle va int\u00e9grer la m\u00e9diath\u00e8que de Roubaix en tant que responsable des collections audiovisuelles et patrimoniales. Sur la petite annonce d\u2019\u00e9poque, elle a soulign\u00e9 une qualit\u00e9 requise : \u00ab diplomatie \u00bb. Quel souvenir garde-t-elle de sa premi\u00e8re rencontre avec Roubaix ? \u00ab J\u2019ai pass\u00e9 l\u2019entretien sans trop y croire\u2026 J\u2019avais visit\u00e9 Roubaix la veille, un week-end d\u2019octobre tristounet. La Grand Place \u00e9tait en travaux, des trous et du goudron partout. J\u2019arrive devant cette grande biblioth\u00e8que, ferm\u00e9e. Il pleuvait. Mais l\u2019entretien se passe bien et le soir m\u00eame, on m\u2019appelait pour me dire que c\u2019\u00e9tait bon\u2026 Et l\u00e0, vraiment, je commence \u00e0 me r\u00e9interroger : quitter Paris, la Biblioth\u00e8que Nationale\u2026 je n\u2019\u00e9tais plus tr\u00e8s s\u00fbre. Finalement, je suis arriv\u00e9e 3 mois plus tard, et j\u2019y suis toujours, 30 ans apr\u00e8s. \u00bb<\/p>\n<p>En charge du p\u00f4le patrimoine, elle va d\u00e9couvrir l\u2019histoire de la ville, pour la comprendre et s\u2019y enraciner. Nomm\u00e9e Conservateur (\u00ab Un mot important pour moi : collecter, conserver, transmettre, \u00e7a fait partie des choses qui font le bonheur de ce m\u00e9tier \u00bb), elle joue un r\u00f4le cl\u00e9 dans l\u2019informatisation des services et le d\u00e9cloisonnement des diff\u00e9rents d\u00e9partements, \u00e0 une \u00e9poque o\u00f9 il faut d\u00e9poussi\u00e9rer les m\u00e9thodes et les usages h\u00e9rit\u00e9s des ann\u00e9es 70.<\/p>\n<p>R\u00e9veiller la belle endormie<\/p>\n<p>En 2003, elle se voit confier la direction de l\u2019\u00e9tablissement et s\u2019attelle \u00e0 structurer et rendre plus qualitative la programmation culturelle, toujours au service des publics : \u00ab Une m\u00e9diath\u00e8que, ce n\u2019est pas uniquement des livres, ce sont des livres ET des lecteurs. Ce sont des publics. \u00bb. A Roubaix, o\u00f9 les r\u00e9alit\u00e9s sociales sont parfois dures, o\u00f9 cohabitent de nombreuses cultures et o\u00f9 les in\u00e9galit\u00e9s peuvent peser, elle d\u00e9veloppe des actions \u00ab\u00a0hors les murs\u00a0\u00bb pour aller \u00e0 la rencontre des publics \u00e9loign\u00e9s de la culture. <a href=\"https:\/\/www.roubaixxl.fr\/juliette-le-nouveau-sourire-du-zebre\/\" target=\"_blank\" rel=\"noopener\">Le \u00ab\u00a0Z\u00e8bre\u00a0\u00bb<\/a> remplace alors le vieux bibliobus, et bient\u00f4t \u00ab\u00a0La Sardine\u00a0\u00bb, le mobilivre, viendra le rejoindre pour sillonner les quartiers.<\/p>\n<p>Parmi les projets dont elle est fi\u00e8re, il y a l\u2019action \u00ab Livre comme l\u2019air \u00bb entre 2001 et 2011, dans le cadre du contrat \u00ab\u00a0Ville Lecture\u00a0\u00bb visant \u00e0 promouvoir la lecture publique \u00e0 Roubaix. \u00ab Un travail continu avec les \u00e9coles et un auteur-illustrateur qui nous suivait pendant toute l\u2019ann\u00e9e, jusqu\u2019au dernier dimanche de juin, o\u00f9 on faisait la f\u00eate du livre dans le square Catteau \u00bb. Elle souligne la chance d\u2019avoir aupr\u00e8s d\u2019elle des \u00e9quipes compos\u00e9es de professionnels \u00e0 la fois tr\u00e8s impliqu\u00e9s et tr\u00e8s s\u00e9rieux dans leur domaine. Des coll\u00e8gues en qui elle a toute confiance et qui lui permettent de se concentrer d\u2019une part sur l\u2019\u00e9volution de l\u2019organisation et de l\u2019autre sur des probl\u00e9matiques de conservation de documents anciens, et de constitution du patrimoine documentaire.<\/p>\n<p>Une mission qu\u2019elle va entreprendre d\u00e8s 2010, o\u00f9 elle int\u00e8gre les archives municipales \u00e0 l\u2019organigramme de la m\u00e9diath\u00e8que, posant ainsi les bases de La Grand-Plage. Elle initie \u00e9galement la cr\u00e9ation de la Biblioth\u00e8que Num\u00e9rique de Roubaix ( voir le site : <a href=\"https:\/\/www.bn-r.fr\/\" target=\"_blank\" rel=\"noopener\">Bn-r <\/a>) en 2008, facilitant l\u2019acc\u00e8s en ligne aux documents patrimoniaux et archivistiques de la ville.<\/p>\n<p>Une mission qu\u2019elle continue de porter avec \u00e9nergie, en posant les jalons de \u00ab\u00a0<strong>La Grand-Plage 2030<\/strong>\u00ab\u00a0, projet de mise aux normes des archives municipales et de leur relocalisation dans un nouveau b\u00e2timent attenant \u00e0 la m\u00e9diath\u00e8que. \u00ab Avec cette extension c\u2019est presque 700 m\u00e8tres carr\u00e9s qu\u2019on peut redonner au public et ainsi augmenter, et enrichir les services.\u00bb nous confie-t-elle avec enthousiasme.<\/p>\n<p>En 2022, elle pilotera le projet d\u2019ouverture de la m\u00e9diath\u00e8que le dimanche, augmentant ainsi l\u2019amplitude horaire \u00e0 54 heures par semaine. Cette initiative, v\u00e9ritable succ\u00e8s qui rencontre une tr\u00e8s forte adh\u00e9sion chez les Roubaisiens a \u00e9t\u00e9 construite avec l\u2019ensemble du personnel de la M\u00e9diath\u00e8que. Ce personnel qu\u2019elle a tenu \u00e0 associer \u00e0 l\u2019honneur de recevoir le titre de Chevalier dans l\u2019Ordre des Arts et des Lettres.<\/p>\n<p>\u00ab Always in a hurry, I never stop to worry, don\u2019t see the time flashin\u2019 by \u00bb (\u00ab Toujours press\u00e9, je n\u2019ai pas le temps de m\u2019en faire, je ne vois pas le temps passer\u2026 \u00bb) chantait Mick Jagger en 1972. En 2025, apr\u00e8s 30 ans \u00e0 Roubaix, pas de lassitude pour Esther ? \u00ab Je ne me suis absolument jamais ennuy\u00e9e un quart de seconde ici. J\u2019ai toujours l\u2019impression qu\u2019on a des montagnes \u00e0 gravir, des choses \u00e0 faire, \u00e0 inventer et \u00e0 r\u00e9inventer. Je n\u2019ai jamais eu envie de partir. Je passe une grande partie de ma journ\u00e9e dans cette M\u00e9diath\u00e8que, autant que j\u2019en sois enti\u00e8rement et concr\u00e8tement, du premier moment au dernier moment, satisfaite. Et c\u2019est le cas. Je fais partie des gens heureux, heureux au boulot. \u00bb<\/p>\n","protected":false},"excerpt":{"rendered":"Esther de Climmer dirige La Grand-Plage, m\u00e9diath\u00e8que ouverte, vivante et ancr\u00e9e dans la ville. Pour avoir insuffl\u00e9 une&hellip;\n","protected":false},"author":2,"featured_media":65888,"comment_status":"","ping_status":"","sticky":false,"template":"","format":"standard","meta":{"footnotes":""},"categories":[2815],"tags":[1111,11,251,1777,674,1011,27,811,16581,1307,16582,12,9026,25],"class_list":{"0":"post-65887","1":"post","2":"type-post","3":"status-publish","4":"format-standard","5":"has-post-thumbnail","7":"category-lille","8":"tag-actu","9":"tag-actualites","10":"tag-culture","11":"tag-eu","12":"tag-europe","13":"tag-fr","14":"tag-france","15":"tag-hauts-de-france","16":"tag-la-grand-plage","17":"tag-lille","18":"tag-mediatheque","19":"tag-news","20":"tag-portrait","21":"tag-republique-francaise"},"share_on_mastodon":{"url":"https:\/\/pubeurope.com\/@fr\/114430319324674465","error":""},"_links":{"self":[{"href":"https:\/\/www.europesays.com\/fr\/wp-json\/wp\/v2\/posts\/65887","targetHints":{"allow":["GET"]}}],"collection":[{"href":"https:\/\/www.europesays.com\/fr\/wp-json\/wp\/v2\/posts"}],"about":[{"href":"https:\/\/www.europesays.com\/fr\/wp-json\/wp\/v2\/types\/post"}],"author":[{"embeddable":true,"href":"https:\/\/www.europesays.com\/fr\/wp-json\/wp\/v2\/users\/2"}],"replies":[{"embeddable":true,"href":"https:\/\/www.europesays.com\/fr\/wp-json\/wp\/v2\/comments?post=65887"}],"version-history":[{"count":0,"href":"https:\/\/www.europesays.com\/fr\/wp-json\/wp\/v2\/posts\/65887\/revisions"}],"wp:featuredmedia":[{"embeddable":true,"href":"https:\/\/www.europesays.com\/fr\/wp-json\/wp\/v2\/media\/65888"}],"wp:attachment":[{"href":"https:\/\/www.europesays.com\/fr\/wp-json\/wp\/v2\/media?parent=65887"}],"wp:term":[{"taxonomy":"category","embeddable":true,"href":"https:\/\/www.europesays.com\/fr\/wp-json\/wp\/v2\/categories?post=65887"},{"taxonomy":"post_tag","embeddable":true,"href":"https:\/\/www.europesays.com\/fr\/wp-json\/wp\/v2\/tags?post=65887"}],"curies":[{"name":"wp","href":"https:\/\/api.w.org\/{rel}","templated":true}]}}