{"id":658870,"date":"2026-01-12T18:06:11","date_gmt":"2026-01-12T18:06:11","guid":{"rendered":"https:\/\/www.europesays.com\/fr\/658870\/"},"modified":"2026-01-12T18:06:11","modified_gmt":"2026-01-12T18:06:11","slug":"elle-netait-pas-la-sarah-bernhardt-italienne-valeria-bruni-tedeschi-retablit-la-verite-sur-eleonora-duse","status":"publish","type":"post","link":"https:\/\/www.europesays.com\/fr\/658870\/","title":{"rendered":"\u00ab\u00a0Elle n\u2019\u00e9tait pas la Sarah Bernhardt italienne\u00a0\u00bb\u2026 Valeria Bruni\u00a0Tedeschi r\u00e9tablit la v\u00e9rit\u00e9 sur Eleonora Duse"},"content":{"rendered":"<p>Valeria Bruni\u00a0Tedeschi, qui incarne le r\u00f4le-titre du film Eleonora Duse de Pietro Marcello sorti ce mercredi, met les points sur les i dans l\u2019\u00e9mission <a href=\"https:\/\/www.20minutes.fr\/tv\/scope\/4195224-20260109-invitee-valeria-bruni\" class=\"c-link c-link--is-underlined\" target=\"_blank\" rel=\"noopener\">\u00ab\u00a0Scope\u00a0!\u00a0\u00bb de 20 Minutes TV dont elle est l\u2019invit\u00e9e<\/a>.<\/p>\n<p>\u00ab\u00a0Sur l\u2019affiche, il y a \u00e9crit, qu\u2019elle est la <a href=\"https:\/\/www.20minutes.fr\/arts-stars\/cinema\/4129037-20241217-sandrine-kiberlain-enfile-costume-premiere-influenceuse-sarah-bernhardt-divine\" class=\"c-link c-link--is-underlined\" target=\"_blank\" rel=\"noopener\">Sarah Bernhardt<\/a>\u00a0italienne, mais en fait, ce n\u2019est pas du tout \u00e7a. Elle a r\u00e9volutionn\u00e9 le jeu de l\u2019acteur, elle a compris quelque chose de la modernit\u00e9 du jeu de l\u2019acteur qui jusque-l\u00e0 \u00e9tait dans l\u2019imitation des \u00e9motions\u00a0\u00bb, explique l\u2019actrice.<\/p>\n<\/p>\n<p>Le film s\u2019ouvre \u00e0 la fin de la Premi\u00e8re Guerre mondiale, alors qu\u2019Eleonora Duse, star du th\u00e9\u00e2tre italien, entreprend de remonter sur sc\u00e8ne malgr\u00e9 sa maladie. Le biopic raconte ainsi une poign\u00e9e des derni\u00e8res ann\u00e9es de \u00ab\u00a0la divine\u00a0\u00bb au fort temp\u00e9rament, entre la gloire et les \u00e9checs alors que, en toile de fond, Benito Mussolini acc\u00e8de au pouvoir.<\/p>\n<p>Le compliment de Joachim Trier<\/p>\n<p>La performance de Valeria Bruni\u00a0Tedeschi lui vaut d\u2019\u00eatre en lice pour le troph\u00e9e de la meilleure actrice \u00e0 la c\u00e9r\u00e9monie des <a href=\"https:\/\/www.europeanfilmawards.eu\/\" rel=\"nofollow noopener\" target=\"_blank\" class=\"c-link c-link--is-underlined\">European Film Awards<\/a> qui seront d\u00e9cern\u00e9s \u00e0 Berlin le 17\u00a0janvier. Dans cette m\u00eame cat\u00e9gorie, elle se retrouve notamment en comp\u00e9tition au c\u00f4t\u00e9 de la Norv\u00e9gienne Renate Reinsve nomm\u00e9e pour <a href=\"https:\/\/www.20minutes.fr\/arts-stars\/cinema\/4164553-20250721-valeur-sentimentale-2025\" class=\"c-link c-link--is-underlined\" target=\"_blank\" rel=\"noopener\">Valeur sentimentale<\/a> de Joachim Trier.<\/p>\n<p><a href=\"https:\/\/www.20minutes.fr\/tv\/scope\/\" class=\"c-link c-btn c-btn--primary\" target=\"_blank\" rel=\"noopener\">L&rsquo;\u00e9mission \u00ab\u00a0Scope !\u00a0\u00bb sur 20 Minutes TV<\/a><\/p>\n<p>Valeria Bruni\u00a0Tedeschi a confi\u00e9 \u00e0 \u00ab\u00a0Scope\u00a0!\u00a0\u00bb le compliment que lui a adress\u00e9 Joachim Trier au sujet d\u2019un film qu\u2019elle a r\u00e9alis\u00e9\u2026 \u00ab\u00a0Il m\u2019a dit qu\u2019il aimait beaucoup <a href=\"https:\/\/www.20minutes.fr\/cinema\/4009020-20221114-amandiers-valeria-bruni-tedeschi-retrouve-jeunesse-eperdue-enfants-chereau\" class=\"c-link c-link--is-underlined\" target=\"_blank\" rel=\"noopener\">Les Amandiers<\/a> [sorti en\u00a02022] et qu\u2019il l\u2019avait vu avant de r\u00e9aliser Valeur sentimentale. J\u2019ai beaucoup aim\u00e9 Valeur sentimentale, donc s\u2019il dit vrai, \u00e7a me flatte vraiment. Penser qu\u2019un film que j\u2019ai pu faire inspire ou aide un cin\u00e9aste que j\u2019appr\u00e9cie tellement, j\u2019ai du mal \u00e0 le croire\u2026\u00a0\u00bb<\/p>\n","protected":false},"excerpt":{"rendered":"Valeria Bruni\u00a0Tedeschi, qui incarne le r\u00f4le-titre du film Eleonora Duse de Pietro Marcello sorti ce mercredi, met les&hellip;\n","protected":false},"author":2,"featured_media":658871,"comment_status":"","ping_status":"","sticky":false,"template":"","format":"standard","meta":{"footnotes":""},"categories":[1359],"tags":[2594,12975,650,58,59,1011,27,2173,973,76102],"class_list":{"0":"post-658870","1":"post","2":"type-post","3":"status-publish","4":"format-standard","5":"has-post-thumbnail","7":"category-people","8":"tag-actrice","9":"tag-biopic","10":"tag-cinema","11":"tag-divertissement","12":"tag-entertainment","13":"tag-fr","14":"tag-france","15":"tag-interview","16":"tag-people","17":"tag-scope"},"share_on_mastodon":{"url":"https:\/\/pubeurope.com\/@fr\/115883460891666168","error":""},"_links":{"self":[{"href":"https:\/\/www.europesays.com\/fr\/wp-json\/wp\/v2\/posts\/658870","targetHints":{"allow":["GET"]}}],"collection":[{"href":"https:\/\/www.europesays.com\/fr\/wp-json\/wp\/v2\/posts"}],"about":[{"href":"https:\/\/www.europesays.com\/fr\/wp-json\/wp\/v2\/types\/post"}],"author":[{"embeddable":true,"href":"https:\/\/www.europesays.com\/fr\/wp-json\/wp\/v2\/users\/2"}],"replies":[{"embeddable":true,"href":"https:\/\/www.europesays.com\/fr\/wp-json\/wp\/v2\/comments?post=658870"}],"version-history":[{"count":0,"href":"https:\/\/www.europesays.com\/fr\/wp-json\/wp\/v2\/posts\/658870\/revisions"}],"wp:featuredmedia":[{"embeddable":true,"href":"https:\/\/www.europesays.com\/fr\/wp-json\/wp\/v2\/media\/658871"}],"wp:attachment":[{"href":"https:\/\/www.europesays.com\/fr\/wp-json\/wp\/v2\/media?parent=658870"}],"wp:term":[{"taxonomy":"category","embeddable":true,"href":"https:\/\/www.europesays.com\/fr\/wp-json\/wp\/v2\/categories?post=658870"},{"taxonomy":"post_tag","embeddable":true,"href":"https:\/\/www.europesays.com\/fr\/wp-json\/wp\/v2\/tags?post=658870"}],"curies":[{"name":"wp","href":"https:\/\/api.w.org\/{rel}","templated":true}]}}