{"id":658872,"date":"2026-01-12T18:07:14","date_gmt":"2026-01-12T18:07:14","guid":{"rendered":"https:\/\/www.europesays.com\/fr\/658872\/"},"modified":"2026-01-12T18:07:14","modified_gmt":"2026-01-12T18:07:14","slug":"cetait-le-lien-social-qui-disparaissait-avec-ces-boutiques-ce-photographe-sillonne-la-france-pour-immortaliser-les-commerces-abandonnes","status":"publish","type":"post","link":"https:\/\/www.europesays.com\/fr\/658872\/","title":{"rendered":"\u00ab\u00a0C&rsquo;\u00e9tait le lien social qui disparaissait avec ces boutiques\u00a0\u00bb, ce photographe sillonne la France pour immortaliser les commerces abandonn\u00e9s"},"content":{"rendered":"<ul class=\"jsx-862013697 ArticleChapo__List\">\n<li class=\"jsx-862013697 ArticleChapo__List_Item flex\">87% des Fran\u00e7ais s&rsquo;inqui\u00e8tent des fermetures de magasins dans leur ville.<\/li>\n<li class=\"jsx-862013697 ArticleChapo__List_Item flex\">Le photographe Thibaut Derien a d\u00e9cid\u00e9 d&rsquo;immortaliser les enseignes abandonn\u00e9es.<\/li>\n<li class=\"jsx-862013697 ArticleChapo__List_Item flex\">Il a d\u00e9j\u00e0 compil\u00e9 plus de 200 clich\u00e9s.<\/li>\n<\/ul>\n<p data-module=\"article-paragraph\" class=\"jsx-157965717 Paragraph\">Les commerces de proximit\u00e9 disparaissent et ce n&rsquo;est pas qu&rsquo;une impression. Les chiffres sont alarmants : 62% des communes fran\u00e7aises n&rsquo;ont plus qu&rsquo;un seul commerce dans leur <a href=\"https:\/\/www.tf1info.fr\/initiatives-positives\/video-reportage-tf1-qui-sont-les-managers-de-commerces-ces-professionnels-au-secours-des-centres-villes-2405651.html\" target=\"_blank\" rel=\"noopener\">centre-ville<\/a>, et 87% des Fran\u00e7ais s&rsquo;en inqui\u00e8tent.\u00a0<\/p>\n<p data-module=\"article-paragraph\" class=\"jsx-157965717 Paragraph\">Pour sensibiliser \u00e0 ce sujet, le photographe Thibaut Derien a d\u00e9cid\u00e9 d&rsquo;immortaliser ces rideaux baiss\u00e9s et ces b\u00e2timents d\u00e9sert\u00e9s. \u00ab\u00a0Ces boutiques ont commenc\u00e9 \u00e0 fermer dans les ann\u00e9es 60-70 \u00e0 l&rsquo;apparition des premiers supermarch\u00e9s, des <a href=\"https:\/\/www.tf1info.fr\/high-tech\/il-va-reperer-le-voleur-et-le-prendre-en-chasse-aux-etats-unis-les-centres-commerciaux-vont-utiliser-des-drones-pour-traquer-les-malfaiteurs-2397623.html\" target=\"_blank\" rel=\"noopener\">centres commerciaux<\/a>. Pour moi, c&rsquo;\u00e9tait vraiment le lien social qui disparaissait avec ces boutiques\u00a0\u00bb, explique-t-il.\u00a0<\/p>\n<p data-module=\"article-paragraph\" class=\"jsx-157965717 Paragraph Paragraph__End\">Ces images de boucheries, boulangeries ou \u00e9piceries ferm\u00e9es sont devenues famili\u00e8res dans les centres-villes. \u00c0 travers son art, le photographe leur redonne vie \u00e0 sa mani\u00e8re.\u00a0<\/p>\n<p><a href=\"https:\/\/www.tf1info.fr\/initiatives-positives\/ca-fait-du-bien-apres-44-ans-sans-commerce-ce-village-de-l-eure-retrouve-son-bistrot-2413691.html\" rel=\"noopener\" class=\"jsx-3308031228 Link flex\" target=\"_blank\"><img decoding=\"async\" src=\"https:\/\/www.europesays.com\/fr\/wp-content\/uploads\/2026\/01\/bistrot-village-eure-2001b4-0@1x.jpeg\" alt=\"Capture TF1\" loading=\"lazy\" importance=\"low\" fetchpriority=\"low\" class=\"\" aria-hidden=\"true\"\/><\/p>\n<p class=\"jsx-3657663356 ReadMoreArticle__Title\">Lire aussi<\/p>\n<p class=\"jsx-3657663356\">\u00ab\u00a0Ca fait du bien\u00a0\u00bb : apr\u00e8s 44 ans sans commerce, ce village de l&rsquo;Eure retrouve son bistrot<\/p>\n<p><\/a><\/p>\n<p data-module=\"article-paragraph\" class=\"jsx-157965717 Paragraph\">Objectif : \u00ab\u00a0qu&rsquo;on puisse s&rsquo;imaginer la vie des gens qui ont pass\u00e9 leur vie derri\u00e8re ces volets et qui ont tout donn\u00e9 dans la d\u00e9coration parce qu&rsquo;ils savaient qu&rsquo;ils allaient peut-\u00eatre y passer leur vie, pensant que leurs enfants reprendraient derri\u00e8re\u00a0\u00bb, d\u00e9taille-t-il.\u00a0<\/p>\n<p data-module=\"article-paragraph\" class=\"jsx-157965717 Paragraph Paragraph__End\">Depuis vingt ans, Thibaut Derien sillonne la France \u00e0 la recherche de ces commerces abandonn\u00e9s. Aujourd&rsquo;hui, il compte plus de 200 photos dans sa collection.<\/p>\n<p>Thibault JEANNIN<\/p>\n","protected":false},"excerpt":{"rendered":"87% des Fran\u00e7ais s&rsquo;inqui\u00e8tent des fermetures de magasins dans leur ville. Le photographe Thibaut Derien a d\u00e9cid\u00e9 d&rsquo;immortaliser&hellip;\n","protected":false},"author":2,"featured_media":658873,"comment_status":"","ping_status":"","sticky":false,"template":"","format":"standard","meta":{"footnotes":""},"categories":[1358],"tags":[1111,11,1921,1348,1384,1385,76103,1386,58,59,1011,27,1922,6225,133,7166],"class_list":{"0":"post-658872","1":"post","2":"type-post","3":"status-publish","4":"format-standard","5":"has-post-thumbnail","7":"category-arts-et-design","8":"tag-actu","9":"tag-actualites","10":"tag-article-video","11":"tag-arts","12":"tag-arts-and-design","13":"tag-arts-et-design","14":"tag-au-coeur-des-regions","15":"tag-design","16":"tag-divertissement","17":"tag-entertainment","18":"tag-fr","19":"tag-france","20":"tag-info","21":"tag-la-matinale","22":"tag-video","23":"tag-video-initiatives-positives"},"share_on_mastodon":{"url":"https:\/\/pubeurope.com\/@fr\/115883464667159335","error":""},"_links":{"self":[{"href":"https:\/\/www.europesays.com\/fr\/wp-json\/wp\/v2\/posts\/658872","targetHints":{"allow":["GET"]}}],"collection":[{"href":"https:\/\/www.europesays.com\/fr\/wp-json\/wp\/v2\/posts"}],"about":[{"href":"https:\/\/www.europesays.com\/fr\/wp-json\/wp\/v2\/types\/post"}],"author":[{"embeddable":true,"href":"https:\/\/www.europesays.com\/fr\/wp-json\/wp\/v2\/users\/2"}],"replies":[{"embeddable":true,"href":"https:\/\/www.europesays.com\/fr\/wp-json\/wp\/v2\/comments?post=658872"}],"version-history":[{"count":0,"href":"https:\/\/www.europesays.com\/fr\/wp-json\/wp\/v2\/posts\/658872\/revisions"}],"wp:featuredmedia":[{"embeddable":true,"href":"https:\/\/www.europesays.com\/fr\/wp-json\/wp\/v2\/media\/658873"}],"wp:attachment":[{"href":"https:\/\/www.europesays.com\/fr\/wp-json\/wp\/v2\/media?parent=658872"}],"wp:term":[{"taxonomy":"category","embeddable":true,"href":"https:\/\/www.europesays.com\/fr\/wp-json\/wp\/v2\/categories?post=658872"},{"taxonomy":"post_tag","embeddable":true,"href":"https:\/\/www.europesays.com\/fr\/wp-json\/wp\/v2\/tags?post=658872"}],"curies":[{"name":"wp","href":"https:\/\/api.w.org\/{rel}","templated":true}]}}