{"id":658874,"date":"2026-01-12T18:09:11","date_gmt":"2026-01-12T18:09:11","guid":{"rendered":"https:\/\/www.europesays.com\/fr\/658874\/"},"modified":"2026-01-12T18:09:11","modified_gmt":"2026-01-12T18:09:11","slug":"pour-lavoir-vue-isabelle-morini-bosc-balance-sur-lanatomie-de-patrick-sebastien-cest-impressionnant","status":"publish","type":"post","link":"https:\/\/www.europesays.com\/fr\/658874\/","title":{"rendered":"Pour l\u2019avoir vue, Isabelle Morini-Bosc balance sur l\u2019anatomie de Patrick S\u00e9bastien : \u00ab\u00a0C&rsquo;est impressionnant\u00a0\u00bb"},"content":{"rendered":"<p data-paragraph-index=\"1\"><strong>Ancien animateur embl\u00e9matique<br \/>\nde France 2<\/strong>. O\u00f9 il \u00e9tait notamment\u00a0<a href=\"https:\/\/www.telestar.fr\/people\/patrick-sebastien-dette-pharaonique-faillite-le-plus-grand-cabaret-du-monde-831064\" data-mrf-link=\"https:\/\/www.telestar.fr\/people\/patrick-sebastien-dette-pharaonique-faillite-le-plus-grand-cabaret-du-monde-831064\" target=\"_blank\" rel=\"noopener\">\u00e0<br \/>\nla t\u00eate du Plus grand cabaret du monde<\/a> et des Ann\u00e9es bonheur.<br \/>\nPatrick S\u00e9bastien s&rsquo;est fait relativement discret \u00e0 la t\u00e9l\u00e9vision<br \/>\ndepuis son \u00e9viction du service public. Se concentrant<br \/>\nprincipalement sur ses activit\u00e9s sur sc\u00e8ne. L&rsquo;\u00e9t\u00e9 dernier, il avait<br \/>\nsuscit\u00e9 la pol\u00e9mique lorsqu&rsquo;il s&rsquo;\u00e9tait produit dans un <a href=\"https:\/\/www.closermag.fr\/people\/patrick-sebastien-en-plein-acte-sexuel-sur-scene-la-soiree-au-cap-dagde-derape-devant-des-enfants-3567857\" target=\"_blank\" rel=\"noopener\"><br \/>\ncamping naturiste du Cap d&rsquo;Agde<\/a>. Situ\u00e9 dans le d\u00e9partement de<br \/>\nl&rsquo;H\u00e9rault.<\/p>\n<p>En fait, Patrick S\u00e9bastien a fait <strong>monter plusieurs<br \/>\nspectatrices sur sc\u00e8ne<\/strong>. Au moment d&rsquo;entamer<br \/>\nl&rsquo;interpr\u00e9tation de son tube mythique baptis\u00e9 Les<br \/>\nSardines. C&rsquo;est alors que l&rsquo;une d&rsquo;entre elles lui a mis<br \/>\nostensiblement la main sur le sexe, comme l&rsquo;a rapport\u00e9 <a href=\"https:\/\/www.mediapart.fr\/journal\/france\/290725\/au-cap-d-agde-devant-des-familles-patrick-sebastien-offre-une-fellation-en-guise-de\" target=\"_blank\" rel=\"nofollow noopener\">Mediapart<\/a>. Par la<br \/>\nsuite, l&rsquo;ancien animateur va se mettre face \u00e0 elle, dos au public.<br \/>\nIl semble alors d\u00e9faire son pantalon et baisser un<br \/>\nsous-v\u00eatement.<\/p>\n<p>L&rsquo;ancien animateur de France 2 s&rsquo;\u00e9tait retrouv\u00e9 au c\u0153ur d&rsquo;une<br \/>\npol\u00e9mique durant l&rsquo;\u00e9t\u00e9 2025<\/p>\n<p><strong>La femme en question va ainsi s&rsquo;agenouiller<\/strong>. Et<br \/>\nr\u00e9aliser un geste qui semble <a href=\"https:\/\/www.telestar.fr\/people\/patrick-sebastien-une-fellation-mimee-pendant-son-concert-ce-geste-dune-fan-qui-a-donne-le-ton-1733188\" target=\"_blank\" rel=\"noopener\"><br \/>\ns&rsquo;apparenter \u00e0 une fellation<\/a> pendant quelques secondes, avant<br \/>\nde se relever. Suite au toll\u00e9 provoqu\u00e9 par cette s\u00e9quence qui fut<br \/>\nfilm\u00e9e et diffus\u00e9e sur les r\u00e9seaux sociaux. Patrick S\u00e9bastien avait<br \/>\nindiqu\u00e9 que l&rsquo;acte sexuel fut \u00ab\u00a0mim\u00e9\u00a0\u00bb par la spectatrice.<br \/>\nAvant de \u00ab\u00a0contester tout comportement d&rsquo;ordre sexuel\u00a0\u00bb.<\/p>\n<p>\u00ab\u00a0S&rsquo;il s&rsquo;av\u00e9rait que des mineurs \u00e9taient pr\u00e9sents,<br \/>\n<strong>ce que M. Patrick S\u00e9bastien ignore<\/strong>. On pourrait<br \/>\nalors s&rsquo;interroger sur le choix des organisateurs de les admettre.<br \/>\nAlors m\u00eame que des hommes et femmes du public \u00e9taient d\u00e9nud\u00e9s ou en<br \/>\ntenue fortement suggestive\u00a0\u00bb, avait ensuite ajout\u00e9 l&rsquo;avocat de<br \/>\nl&rsquo;ancien animateur vedette du service public, Robin Binsard.<\/p>\n<p>Isabelle Morini-Bosc sur l&rsquo;anatomie de<br \/>\nPatrick S\u00e9bastien : \u00ab\u00a0Visuellement, m\u00eame \u00e0 travers un tissu, \u00e7a se<br \/>\nvoit\u00a0\u00bb<\/p>\n<p>Ce n&rsquo;\u00e9tait pas la premi\u00e8re fois que l&rsquo;anatomie de Patrick<br \/>\nS\u00e9bastien faisait parler d&rsquo;elle. En effet, le corps de l&rsquo;ancien<br \/>\nvisage embl\u00e9matique de France 2 avait d\u00e9j\u00e0 fait l&rsquo;objet d&rsquo;une<br \/>\nr\u00e9v\u00e9lation en 2017 sur le plateau de l&rsquo;\u00e9mission Touche pas \u00e0 mon<br \/>\nposte. Lors d&rsquo;un num\u00e9ro du talk-show diffus\u00e9 sur C8 cette ann\u00e9e-l\u00e0.<br \/>\nCyril Hanouna avait demand\u00e9 \u00e0 ses chroniqueurs<br \/>\n:\u00a0\u00ab\u00a0<strong>Est-ce que vous avez d\u00e9j\u00e0 vu le zizi d\u2019une<br \/>\nstar, \u00e0 part moi ?<\/strong>\u00ab\u00a0.<\/p>\n<p>Pr\u00e9sente autour de la table ce jour-l\u00e0. Isabelle Morini-Bosc<br \/>\navait r\u00e9pondu positivement \u00e0 la question de Cyril Hanouna.<br \/>\nL&rsquo;ancienne journaliste de RTL avait ainsi avou\u00e9 qu&rsquo;elle avait d\u00e9j\u00e0<br \/>\nvu le sexe de Patrick S\u00e9bastien par le pass\u00e9.\u00a0\u00ab\u00a0Il le<br \/>\nmontre \u00e0 tout le monde. Visuellement, m\u00eame \u00e0 travers un tissu, \u00e7a<br \/>\nse voit, c&rsquo;est impressionnant\u00a0\u00bb, avait-elle ainsi lanc\u00e9 en<br \/>\ndirect sur C8.\u00a0\u00ab\u00a0Si sa voiture tombe en panne, <strong>il<br \/>\nn\u2019a pas besoin de cric<\/strong>\u00ab\u00a0, avait ensuite ajout\u00e9 la<br \/>\nchroniqueuse, non sans humour.<\/p>\n","protected":false},"excerpt":{"rendered":"Ancien animateur embl\u00e9matique de France 2. O\u00f9 il \u00e9tait notamment\u00a0\u00e0 la t\u00eate du Plus grand cabaret du monde&hellip;\n","protected":false},"author":2,"featured_media":658875,"comment_status":"","ping_status":"","sticky":false,"template":"","format":"standard","meta":{"footnotes":""},"categories":[1356],"tags":[21303,58,59,1011,27,70202,252,65861,1364],"class_list":{"0":"post-658874","1":"post","2":"type-post","3":"status-publish","4":"format-standard","5":"has-post-thumbnail","7":"category-television","8":"tag-buzz_nonli","9":"tag-divertissement","10":"tag-entertainment","11":"tag-fr","12":"tag-france","13":"tag-marfeel_connexes","14":"tag-television","15":"tag-trend","16":"tag-tv"},"share_on_mastodon":{"url":"https:\/\/pubeurope.com\/@fr\/115883472573846307","error":""},"_links":{"self":[{"href":"https:\/\/www.europesays.com\/fr\/wp-json\/wp\/v2\/posts\/658874","targetHints":{"allow":["GET"]}}],"collection":[{"href":"https:\/\/www.europesays.com\/fr\/wp-json\/wp\/v2\/posts"}],"about":[{"href":"https:\/\/www.europesays.com\/fr\/wp-json\/wp\/v2\/types\/post"}],"author":[{"embeddable":true,"href":"https:\/\/www.europesays.com\/fr\/wp-json\/wp\/v2\/users\/2"}],"replies":[{"embeddable":true,"href":"https:\/\/www.europesays.com\/fr\/wp-json\/wp\/v2\/comments?post=658874"}],"version-history":[{"count":0,"href":"https:\/\/www.europesays.com\/fr\/wp-json\/wp\/v2\/posts\/658874\/revisions"}],"wp:featuredmedia":[{"embeddable":true,"href":"https:\/\/www.europesays.com\/fr\/wp-json\/wp\/v2\/media\/658875"}],"wp:attachment":[{"href":"https:\/\/www.europesays.com\/fr\/wp-json\/wp\/v2\/media?parent=658874"}],"wp:term":[{"taxonomy":"category","embeddable":true,"href":"https:\/\/www.europesays.com\/fr\/wp-json\/wp\/v2\/categories?post=658874"},{"taxonomy":"post_tag","embeddable":true,"href":"https:\/\/www.europesays.com\/fr\/wp-json\/wp\/v2\/tags?post=658874"}],"curies":[{"name":"wp","href":"https:\/\/api.w.org\/{rel}","templated":true}]}}