{"id":658876,"date":"2026-01-12T18:10:09","date_gmt":"2026-01-12T18:10:09","guid":{"rendered":"https:\/\/www.europesays.com\/fr\/658876\/"},"modified":"2026-01-12T18:10:09","modified_gmt":"2026-01-12T18:10:09","slug":"britney-spears-annonce-son-retour-sur-scene-mais-pas-aux-etats-unis","status":"publish","type":"post","link":"https:\/\/www.europesays.com\/fr\/658876\/","title":{"rendered":"Britney Spears annonce son retour sur sc\u00e8ne&#8230; mais pas aux \u00c9tats-Unis"},"content":{"rendered":"<p>La chanteuse Britney Spears annonce, sur Instagram, qu&rsquo;elle remontera \u00ab\u00a0tr\u00e8s bient\u00f4t\u00a0\u00bb sur sc\u00e8ne, une premi\u00e8re depuis pr\u00e8s de dix ans.<\/p>\n<p>\u00ab\u00a0J&rsquo;ai travers\u00e9 le feu pour me sauver la vie\u00a0\u00bb. Sur Instagram, la chanteuse Britney Spears s&rsquo;est confi\u00e9 dans une publication sur <a href=\"https:\/\/www.bfmtv.com\/people\/c-est-blessant-et-epuisant-britney-spears-repond-aux-allegations-de-son-ex-mari-kevin-federline_AN-202510160432.html\" title=\"&quot;C&#039;est blessant et \u00e9puisant&quot;: Britney Spears r\u00e9pond aux all\u00e9gations de son ex-mari Kevin Federline\" class=\"internal_link\" target=\"_blank\" rel=\"noopener\">les r\u00e9cents \u00e9v\u00e9nements de sa vie<\/a> et annonc\u00e9 qu&rsquo;elle remonterait \u00ab\u00a0tr\u00e8s bient\u00f4t\u00a0\u00bb sur sc\u00e8ne.<\/p>\n<p>\u00ab\u00a0Je danse sur Instagram pour gu\u00e9rir des choses dans mon corps dont les gens n&rsquo;ont aucune id\u00e9e. Ouais et c&rsquo;est embarrassant parfois&#8230;\u00a0\u00bb, \u00e9crit la superstar en l\u00e9gende d&rsquo;une photo d&rsquo;elle sur sc\u00e8ne, au piano, qu&rsquo;elle dit vouloir envoyer \u00e0 son fils.<\/p>\n<p>\u00ab\u00a0J&rsquo;esp\u00e8re \u00eatre assise sur un tabouret avec une rose rouge dans les cheveux, en train de jouer avec mon fils&#8230; au Royaume-Uni et en Australie tr\u00e8s bient\u00f4t\u00a0\u00bb, continue Britney Spears, promettant un retour sur sc\u00e8ne apr\u00e8s <a href=\"https:\/\/www.bfmtv.com\/people\/musique\/je-n-y-retournerai-jamais-britney-spears-tourne-le-dos-a-l-industrie-musicale_AV-202401040236.html\" title=\"&quot;Je n&#039;y retournerai jamais&quot;: Britney Spears tourne le dos \u00e0 l&#039;industrie musicale\" class=\"internal_link\" target=\"_blank\" rel=\"noopener\">presque dix ans d&rsquo;absence<\/a> &#8211; sa derni\u00e8re tourn\u00e9e, Piece of Me, s&rsquo;est achev\u00e9e en 2018. \u00ab\u00a0Je ne jouerai plus jamais aux \u00c9tats-Unis pour des raisons extr\u00eamement sensibles\u00a0\u00bb, ajoute la chanteuse de 44 ans.<\/p>\n<p>Britney Spears n&rsquo;a pas pr\u00e9cis\u00e9 le fils avec lequel elle souhaite monter sur sc\u00e8ne. La star a eu deux enfants avec son ex-mari Kevin Federline: Preston, 20 ans et Jayden, 19 ans, avec qui elle a post\u00e9 une photo sur Instagram vendredi 9 janvier dernier.<\/p>\n<p>Retour progressif<\/p>\n<p>Aucune pr\u00e9cision n&rsquo;a \u00e9t\u00e9 par ailleurs donn\u00e9e sur ce retour \u00e0 la sc\u00e8ne. Britney Spears a mis sa carri\u00e8re en pause depuis 2019, apr\u00e8s avoir report\u00e9 sa r\u00e9sidence \u00e0 Las Vegas. Cette m\u00eame ann\u00e9e, elle avait \u00e9t\u00e9 intern\u00e9e \u00e0 la demande de son p\u00e8re, James Spears, dont elle \u00e9tait sous la tutelle &#8211; elle l&rsquo;a \u00e9t\u00e9 jusqu&rsquo;en 2021.<\/p>\n<p>Depuis, Britney Spears avait tout de m\u00eame fait un premier retour en studio: en 2022, elle a collabor\u00e9 avec Elton John sur le single Hold Me Closer, puis, l&rsquo;ann\u00e9e suivante, avec le rappeur Will.i.am sur la chanson Mind Your Business.<\/p>\n","protected":false},"excerpt":{"rendered":"La chanteuse Britney Spears annonce, sur Instagram, qu&rsquo;elle remontera \u00ab\u00a0tr\u00e8s bient\u00f4t\u00a0\u00bb sur sc\u00e8ne, une premi\u00e8re depuis pr\u00e8s de&hellip;\n","protected":false},"author":2,"featured_media":465633,"comment_status":"","ping_status":"","sticky":false,"template":"","format":"standard","meta":{"footnotes":""},"categories":[1355],"tags":[58,59,1011,27,1361,873],"class_list":{"0":"post-658876","1":"post","2":"type-post","3":"status-publish","4":"format-standard","5":"has-post-thumbnail","7":"category-musique","8":"tag-divertissement","9":"tag-entertainment","10":"tag-fr","11":"tag-france","12":"tag-music","13":"tag-musique"},"share_on_mastodon":{"url":"https:\/\/pubeurope.com\/@fr\/115883476503990929","error":""},"_links":{"self":[{"href":"https:\/\/www.europesays.com\/fr\/wp-json\/wp\/v2\/posts\/658876","targetHints":{"allow":["GET"]}}],"collection":[{"href":"https:\/\/www.europesays.com\/fr\/wp-json\/wp\/v2\/posts"}],"about":[{"href":"https:\/\/www.europesays.com\/fr\/wp-json\/wp\/v2\/types\/post"}],"author":[{"embeddable":true,"href":"https:\/\/www.europesays.com\/fr\/wp-json\/wp\/v2\/users\/2"}],"replies":[{"embeddable":true,"href":"https:\/\/www.europesays.com\/fr\/wp-json\/wp\/v2\/comments?post=658876"}],"version-history":[{"count":0,"href":"https:\/\/www.europesays.com\/fr\/wp-json\/wp\/v2\/posts\/658876\/revisions"}],"wp:featuredmedia":[{"embeddable":true,"href":"https:\/\/www.europesays.com\/fr\/wp-json\/wp\/v2\/media\/465633"}],"wp:attachment":[{"href":"https:\/\/www.europesays.com\/fr\/wp-json\/wp\/v2\/media?parent=658876"}],"wp:term":[{"taxonomy":"category","embeddable":true,"href":"https:\/\/www.europesays.com\/fr\/wp-json\/wp\/v2\/categories?post=658876"},{"taxonomy":"post_tag","embeddable":true,"href":"https:\/\/www.europesays.com\/fr\/wp-json\/wp\/v2\/tags?post=658876"}],"curies":[{"name":"wp","href":"https:\/\/api.w.org\/{rel}","templated":true}]}}