{"id":658879,"date":"2026-01-12T18:12:11","date_gmt":"2026-01-12T18:12:11","guid":{"rendered":"https:\/\/www.europesays.com\/fr\/658879\/"},"modified":"2026-01-12T18:12:11","modified_gmt":"2026-01-12T18:12:11","slug":"les-personnes-plus-intelligentes-que-la-moyenne-ont-toutes-cette-particularite-physique-et-cest-prouve","status":"publish","type":"post","link":"https:\/\/www.europesays.com\/fr\/658879\/","title":{"rendered":"Les personnes plus intelligentes que la moyenne ont toutes cette particularit\u00e9 physique et c&rsquo;est prouv\u00e9"},"content":{"rendered":"<p>\u00c0 quoi reconna\u00eet-on <a href=\"https:\/\/www.grazia.fr\/lifestyle\/psycho-sexo\/trait-personnalite-reconnait-personnes-plus-intelligentes-selon-etude-1141812.html\" target=\"_blank\" rel=\"noopener\"><br \/>\nune personne intelligente<\/a> ? Si l\u2019on pense souvent \u00e0 la capacit\u00e9<br \/>\nde raisonnement, \u00e0 la <strong>m\u00e9moire ou \u00e0 la rapidit\u00e9<br \/>\nd\u2019analyse,<\/strong> il se pourrait bien qu\u2019un simple <a href=\"https:\/\/www.grazia.fr\/lifestyle\/psycho-sexo\/le-tue-lamour-ultime-le-trait-physique-que-les-femmes-aiment-le-moins-chez-les-hommes-selon-une-etude-780439.html\" target=\"_blank\" rel=\"noopener\"><br \/>\nd\u00e9tail physique<\/a> en dise tout autant. Une \u00e9tude men\u00e9e par<br \/>\nl\u2019universit\u00e9 <strong>d\u2019Oxford<\/strong> r\u00e9v\u00e8le en effet qu\u2019une<br \/>\ncaract\u00e9ristique bien visible, mais souvent ignor\u00e9e, serait li\u00e9e \u00e0<br \/>\nune intelligence sup\u00e9rieure \u00e0 la moyenne.\u00a0<\/p>\n<p>L\u2019\u00e9tude britannique pointe une <strong>diff\u00e9rence<br \/>\nfrappante<\/strong> entre droitiers et gauchers. Selon les<br \/>\nchercheurs, les gauchers repr\u00e9senteraient une population<br \/>\nglobalement plus intelligente, plus cr\u00e9ative et plus performante<br \/>\ndans certains domaines. Bien qu\u2019ils ne repr\u00e9sentent qu\u2019environ 15 %<br \/>\nde la population fran\u00e7aise, leur particularit\u00e9 c\u00e9r\u00e9brale leur<br \/>\noffrirait un avantage certain.<\/p>\n<p>Les gauchers sont-ils plus intelligents que les autres ?<\/p>\n<p>Ce qui distingue les gauchers, ce n\u2019est pas uniquement leur main<br \/>\ndominante, mais la mani\u00e8re dont leur cerveau est structur\u00e9. Les<br \/>\nrecherches ont montr\u00e9 que les gauchers poss\u00e8dent en moyenne un<br \/>\ncorps calleux plus d\u00e9velopp\u00e9. C\u00a0\u00bbest cette zone du cerveau qui<br \/>\nassure la communication entre <strong>les deux<br \/>\nh\u00e9misph\u00e8res<\/strong>, favorisant une meilleure coordination, une<br \/>\npens\u00e9e plus fluide et une polyvalence accrue.<\/p>\n<p>Ce lien entre les deux c\u00f4t\u00e9s du cerveau leur donnerait une<br \/>\nr\u00e9activit\u00e9 et une cr\u00e9ativit\u00e9 plus marqu\u00e9es. Dans le sport comme<br \/>\ndans l\u2019art, ces qualit\u00e9s font souvent la diff\u00e9rence. Les gauchers<br \/>\nsont particuli\u00e8rement pr\u00e9sents dans les disciplines en duel, comme<br \/>\nla boxe ou le tennis, car leurs adversaires sont moins habitu\u00e9s \u00e0<br \/>\nleur style. <a href=\"https:\/\/www.grazia.fr\/lifestyle\/voyages\/on-a-passe-un-week-end-dans-lhotel-de-rafael-nadal-a-majorque-et-cetait-aussi-reposant-que-sportif-798848.html\" rel=\"noopener\" target=\"_blank\">Rafael Nadal<\/a> <strong>en est un exemple<br \/>\nembl\u00e9matique.\u00a0<\/strong><\/p>\n<p>Des performances c\u00e9r\u00e9brales<br \/>\nd\u00e9cupl\u00e9es<\/p>\n<p>D&rsquo;autres grandes personnalit\u00e9s, comme Ludwig van Beethoven,<br \/>\n<a href=\"https:\/\/www.grazia.fr\/lifestyle\/psycho-sexo\/5-choses-qui-prouvent-quetre-gaucher-comme-barack-obama-cest-cool-247437.html\" target=\"_blank\" rel=\"noopener\"><br \/>\nBarack Obama<\/a> ou encore <strong>L\u00e9onard De Vinci<\/strong> ont<br \/>\n\u00e9t\u00e9 ou sont gauch\u00e8res. C&rsquo;est dire ! Mais leur force r\u00e9side aussi<br \/>\ndans leur capacit\u00e9 \u00e0 penser autrement. Comme le notent nos<br \/>\nconfr\u00e8res, une autre \u00e9tude publi\u00e9e dans l\u2019American Journal of<br \/>\nPsychology montre que les gauchers excellent dans la pens\u00e9e<br \/>\ndivergente, essentielle pour g\u00e9n\u00e9rer des id\u00e9es nouvelles.\u00a0<\/p>\n<p>Sur le plan de la r\u00e9ussite sociale et \u00e9conomique, les donn\u00e9es<br \/>\nsont tout aussi r\u00e9v\u00e9latrices. Une recherche men\u00e9e par le<br \/>\nNational Bureau of Economic Research a d\u00e9montr\u00e9 que les<br \/>\ngauchers <strong>dipl\u00f4m\u00e9s du sup\u00e9rieur<\/strong> gagnaient en<br \/>\nmoyenne 26 % de plus que leurs homologues droitiers. Ce constat ne<br \/>\ns\u2019applique pas \u00e0 tous les niveaux de formation, mais sugg\u00e8re que<br \/>\nchez les plus qualifi\u00e9s, la singularit\u00e9 c\u00e9r\u00e9brale des gauchers<br \/>\npourrait booster leur performance et leur carri\u00e8re. Vous l&rsquo;aurez<br \/>\ncompris l&rsquo;intelligence ne se r\u00e9sume pas \u00e0 un QI ou bien \u00e0 la fa\u00e7on<br \/>\ndont vous \u00e9crivez, mais surtout \u00e0 la mani\u00e8re dont vous mettez \u00e0<br \/>\nprofit vos connaissances.<\/p>\n","protected":false},"excerpt":{"rendered":"\u00c0 quoi reconna\u00eet-on une personne intelligente ? Si l\u2019on pense souvent \u00e0 la capacit\u00e9 de raisonnement, \u00e0 la&hellip;\n","protected":false},"author":2,"featured_media":658880,"comment_status":"","ping_status":"","sticky":false,"template":"","format":"standard","meta":{"footnotes":""},"categories":[10],"tags":[1011,27,72,6055,71],"class_list":{"0":"post-658879","1":"post","2":"type-post","3":"status-publish","4":"format-standard","5":"has-post-thumbnail","7":"category-sante","8":"tag-fr","9":"tag-france","10":"tag-health","11":"tag-republishing","12":"tag-sante"},"share_on_mastodon":{"url":"https:\/\/pubeurope.com\/@fr\/115883484502366392","error":""},"_links":{"self":[{"href":"https:\/\/www.europesays.com\/fr\/wp-json\/wp\/v2\/posts\/658879","targetHints":{"allow":["GET"]}}],"collection":[{"href":"https:\/\/www.europesays.com\/fr\/wp-json\/wp\/v2\/posts"}],"about":[{"href":"https:\/\/www.europesays.com\/fr\/wp-json\/wp\/v2\/types\/post"}],"author":[{"embeddable":true,"href":"https:\/\/www.europesays.com\/fr\/wp-json\/wp\/v2\/users\/2"}],"replies":[{"embeddable":true,"href":"https:\/\/www.europesays.com\/fr\/wp-json\/wp\/v2\/comments?post=658879"}],"version-history":[{"count":0,"href":"https:\/\/www.europesays.com\/fr\/wp-json\/wp\/v2\/posts\/658879\/revisions"}],"wp:featuredmedia":[{"embeddable":true,"href":"https:\/\/www.europesays.com\/fr\/wp-json\/wp\/v2\/media\/658880"}],"wp:attachment":[{"href":"https:\/\/www.europesays.com\/fr\/wp-json\/wp\/v2\/media?parent=658879"}],"wp:term":[{"taxonomy":"category","embeddable":true,"href":"https:\/\/www.europesays.com\/fr\/wp-json\/wp\/v2\/categories?post=658879"},{"taxonomy":"post_tag","embeddable":true,"href":"https:\/\/www.europesays.com\/fr\/wp-json\/wp\/v2\/tags?post=658879"}],"curies":[{"name":"wp","href":"https:\/\/api.w.org\/{rel}","templated":true}]}}