{"id":658887,"date":"2026-01-12T18:16:13","date_gmt":"2026-01-12T18:16:13","guid":{"rendered":"https:\/\/www.europesays.com\/fr\/658887\/"},"modified":"2026-01-12T18:16:13","modified_gmt":"2026-01-12T18:16:13","slug":"a-quoi-donnent-droit-les-differentes-finitions","status":"publish","type":"post","link":"https:\/\/www.europesays.com\/fr\/658887\/","title":{"rendered":"\u00e0 quoi donnent droit les diff\u00e9rentes finitions ?"},"content":{"rendered":"<p itemprop=\"description\">Au Salon de Bruxelles, Peugeot a lev\u00e9 le<br \/>\nvoile sur sa 408 restyl\u00e9e. La marque au lion a livr\u00e9 toutes les<br \/>\ninformations sur cette nouvelle version, \u00e0 l\u2019exception des tarifs<br \/>\nqui ne seront communiqu\u00e9s que dans quelques semaines. On conna\u00eet<br \/>\nd\u00e9j\u00e0 la dotation en \u00e9quipement des diff\u00e9rentes finitions.<\/p>\n<p>Peugeot l\u2019avait annonc\u00e9, la pr\u00e9sentation de la 408 restyl\u00e9e a<br \/>\n\u00e9t\u00e9 l\u2019un des temps forts du <a href=\"https:\/\/www.autoplus.fr\/actualite\/salon-de-lauto-de-bruxelles-2026-quelles-seront-les-stars-de-levenement-1414825.html\" target=\"_blank\" rel=\"noopener\">Salon de Bruxelles<\/a>.<br \/>\n<strong>Celle-ci arrive quelques mois apr\u00e8s le restylage de la<br \/>\n<a href=\"https:\/\/www.autoplus.fr\/actualite\/peugeot-308-restylee-elle-fait-les-gros-yeux-a-la-volkswagen-golf-1395136.html\" target=\"_blank\" rel=\"noopener\">308<\/a>, mod\u00e8le avec lequel elle<br \/>\npartage beaucoup.<\/strong> Et si les tarifs sont encore inconnus,<br \/>\nla marque a d\u00e9j\u00e0 d\u00e9taill\u00e9 la gamme, ainsi que la liste des<br \/>\n\u00e9quipements disponibles sur les diff\u00e9rentes finitions. Voici tout<br \/>\nce qu\u2019il faut savoir sur la Peugeot 408 restyl\u00e9e.<\/p>\n<\/p>\n<p><strong>Peugeot 408 restyl\u00e9e\u00a0: une entr\u00e9e de gamme d\u00e9j\u00e0<br \/>\nbien \u00e9quip\u00e9e<\/strong><\/p>\n<p>Comme la 408 phase 1, la version restyl\u00e9e adopte une gamme \u00e0<br \/>\ntrois niveaux, le moins cher (le prix reste \u00e0 d\u00e9terminer) \u00e9tant<br \/>\nassur\u00e9 par la finition Allure. Celle-ci affiche un visage plus<br \/>\nsobre que le haut de gamme, notamment avec <strong>une calandre<br \/>\nd\u00e9pourvue d\u2019\u00e9clairage.<\/strong> Elle retient tout de m\u00eame<br \/>\n<strong>les feux de jour \u00e0 trois griffes, ainsi que des jantes en<br \/>\nalliage de 19 pouces.<\/strong><\/p>\n<p>\u00c0 bord, la Peugeot 408 Allure restyl\u00e9e a droit \u00e0<br \/>\n<strong>l\u2019iCockpit de 10 pouces, ainsi qu\u2019\u00e0 un \u00e9cran central de 10<br \/>\npouces.<\/strong> Celui-ci centralise l\u2019infodivertissement et la<br \/>\nconnectivit\u00e9, avec <a href=\"https:\/\/www.autoplus.fr\/actualite\/apple-carplay-et-android-auto-bientot-abandonnes-par-les-constructeurs-1412994.html\" target=\"_blank\" rel=\"noopener\">Apple CarPlay<\/a> et Android Auto.<br \/>\nCette finition adopte <strong>une sellerie en tissu<br \/>\ngris.<\/strong><\/p>\n<p>C\u00f4t\u00e9 \u00e9quipement, elle se dote de s\u00e9rie de <strong>la<br \/>\nclimatisation automatique bizone, l\u2019aide au stationnement arri\u00e8re<br \/>\navec cam\u00e9ra ainsi que le pack Drive Assist.<\/strong> Ce dernier<br \/>\ninclut <strong>le r\u00e9gulateur adaptatif, la lecture des panneaux, le<br \/>\nfreinage d\u2019urgence ou encore le d\u00e9tecteur de fatigue.<\/strong> La<br \/>\nPeugeot E-408 Allure (100% \u00e9lectrique) embarque un chargeur<br \/>\ntriphas\u00e9 de 11 kW.<\/p>\n<p><img loading=\"lazy\" decoding=\"async\" aria-describedby=\"caption-attachment-1418656\" itemprop=\"thumbnailUrl\" class=\"size-large wp-image-1418656 img-responsive\" src=\"https:\/\/www.europesays.com\/fr\/wp-content\/uploads\/2026\/01\/trim_peugeot_e408_allure_reveal-768x512.jpg\" alt=\"Peugeot 408 restyl\u00e9e (2026)\" width=\"768\" height=\"512\"  \/> \u00a9 Peugeot<\/p>\n<p id=\"caption-attachment-1418656\" class=\"wp-caption-text\">En<br \/>\nfinition d\u00a0\u00bbentr\u00e9e de gamme Allure, la 408 restyl\u00e9e n&rsquo;a pas droit \u00e0<br \/>\nla calandre lumineuse.<\/p>\n<p><strong>Qu\u2019attendre des finitions GT et GT<br \/>\nExclusive\u00a0?<\/strong><\/p>\n<p>Le reste de la gamme s\u2019articule autour des finitions GT et GT<br \/>\nExclusive (cette derni\u00e8re ayant fait son apparition il y a quelques<br \/>\nmois). Le milieu de gamme ajoute, en plus de la finition Allure,<br \/>\n<strong>les projecteurs Matrix LED, la calandre lumineuse,<\/strong><br \/>\nainsi que quelques d\u00e9tails stylistiques. Elle se dote en plus du<br \/>\n<strong>troisi\u00e8me \u00e9cran d\u00e9di\u00e9 aux raccourcis (i-Toggles), du hayon<br \/>\n\u00e9lectrique, de l\u2019aide au stationnement avant, et du pack Drive<br \/>\nAssist Plus.<\/strong><\/p>\n<p>En finition GT Exclusive, la Peugeot 408 restyl\u00e9e a droit \u00e0<br \/>\n<strong>une sellerie en alcantara, au chargeur de smartphone \u00e0<br \/>\ninduction, au syst\u00e8me hi-fi Focal,<\/strong> ainsi qu\u2019\u00e0 des \u00e9l\u00e9ments<br \/>\nde confort suppl\u00e9mentaires comme le volant chauffant.<\/p>\n<p>Pour rappel, la Peugeot 408 restyl\u00e9e sera disponible avec trois<br \/>\nmotorisations. <a href=\"https:\/\/www.peugeot.fr\/\" target=\"_blank\" rel=\"noopener\">La marque<\/a> la d\u00e9cline donc en <strong>mild-hybrid<br \/>\nde 145 chevaux, en 100% \u00e9lectrique de 213 chevaux (456 kilom\u00e8tres<br \/>\nd\u2019autonomie WLTP), ainsi qu\u2019en hybride rechargeable de 240 chevaux<br \/>\n(85 kilom\u00e8tres d\u2019autonomie WLTP en mode \u00e9lectrique).<\/strong><\/p>\n<p>La Peugeot 408 restyl\u00e9e est attendue dans les concessions dans<br \/>\nles prochaines semaines. On conna\u00eetra ses tarifs d\u2019ici l\u00e0.<\/p>\n","protected":false},"excerpt":{"rendered":"Au Salon de Bruxelles, Peugeot a lev\u00e9 le voile sur sa 408 restyl\u00e9e. La marque au lion a&hellip;\n","protected":false},"author":2,"featured_media":658888,"comment_status":"","ping_status":"","sticky":false,"template":"","format":"standard","meta":{"footnotes":""},"categories":[6],"tags":[35,33,34,1011,27,1638,729],"class_list":{"0":"post-658887","1":"post","2":"type-post","3":"status-publish","4":"format-standard","5":"has-post-thumbnail","7":"category-economie","8":"tag-business","9":"tag-economie","10":"tag-economy","11":"tag-fr","12":"tag-france","13":"tag-has_diapo","14":"tag-yout_video"},"share_on_mastodon":{"url":"","error":""},"_links":{"self":[{"href":"https:\/\/www.europesays.com\/fr\/wp-json\/wp\/v2\/posts\/658887","targetHints":{"allow":["GET"]}}],"collection":[{"href":"https:\/\/www.europesays.com\/fr\/wp-json\/wp\/v2\/posts"}],"about":[{"href":"https:\/\/www.europesays.com\/fr\/wp-json\/wp\/v2\/types\/post"}],"author":[{"embeddable":true,"href":"https:\/\/www.europesays.com\/fr\/wp-json\/wp\/v2\/users\/2"}],"replies":[{"embeddable":true,"href":"https:\/\/www.europesays.com\/fr\/wp-json\/wp\/v2\/comments?post=658887"}],"version-history":[{"count":0,"href":"https:\/\/www.europesays.com\/fr\/wp-json\/wp\/v2\/posts\/658887\/revisions"}],"wp:featuredmedia":[{"embeddable":true,"href":"https:\/\/www.europesays.com\/fr\/wp-json\/wp\/v2\/media\/658888"}],"wp:attachment":[{"href":"https:\/\/www.europesays.com\/fr\/wp-json\/wp\/v2\/media?parent=658887"}],"wp:term":[{"taxonomy":"category","embeddable":true,"href":"https:\/\/www.europesays.com\/fr\/wp-json\/wp\/v2\/categories?post=658887"},{"taxonomy":"post_tag","embeddable":true,"href":"https:\/\/www.europesays.com\/fr\/wp-json\/wp\/v2\/tags?post=658887"}],"curies":[{"name":"wp","href":"https:\/\/api.w.org\/{rel}","templated":true}]}}