{"id":658889,"date":"2026-01-12T18:17:11","date_gmt":"2026-01-12T18:17:11","guid":{"rendered":"https:\/\/www.europesays.com\/fr\/658889\/"},"modified":"2026-01-12T18:17:11","modified_gmt":"2026-01-12T18:17:11","slug":"apres-le-mercosur-un-accord-commercial-avec-linde-imminent","status":"publish","type":"post","link":"https:\/\/www.europesays.com\/fr\/658889\/","title":{"rendered":"Apr\u00e8s le Mercosur, un accord commercial avec l\u2019Inde imminent\u00a0?"},"content":{"rendered":"<p>Il semblerait qu\u2019en g\u00e9opolitique en <a href=\"https:\/\/www.20minutes.fr\/dossier\/europe\" class=\"c-link c-link--is-underlined\" target=\"_blank\" rel=\"noopener\">Europe<\/a>, l\u2019Allemagne tente de prendre la main. En illustre la visite ce lundi du chancelier allemand <a href=\"https:\/\/www.20minutes.fr\/politique\/friedrich-merz\/\" class=\"c-link c-link--is-underlined\" target=\"_blank\" rel=\"noopener\">Friedrich Merz<\/a> qui a appel\u00e9 \u00e0 conclure au plus vite un \u00ab\u00a0accord de libre-\u00e9change entre l\u2019Inde et l\u2019<a href=\"https:\/\/www.20minutes.fr\/dossier\/ue\" class=\"c-link c-link--is-underlined\" target=\"_blank\" rel=\"noopener\">Union europ\u00e9enne<\/a>\u00a0\u00bb, au premier jour de sa visite dans le pays, dans un contexte de \u00ab\u00a0profonds changements g\u00e9opolitiques\u00a0\u00bb.<\/p>\n<p>Pour le chancelier, il y a m\u00eame urgence. \u00ab\u00a0Afin d\u2019exploiter pleinement le potentiel de nos relations \u00e9conomiques, nous devons d\u00e9sormais conclure de toute urgence les n\u00e9gociations relatives \u00e0 un accord de <a href=\"https:\/\/www.20minutes.fr\/economie\/\" class=\"c-link c-link--is-underlined\" target=\"_blank\" rel=\"noopener\">libre-\u00e9change<\/a> entre l\u2019Inde et l\u2019UE\u00a0\u00bb , a-t-il d\u00e9clar\u00e9 lors d\u2019une conf\u00e9rence de presse \u00e0 Ahmedabad, dans l\u2019Etat du Gujarat (nord-ouest).<\/p>\n<p>L\u2019Inde, principal partenaire de l\u2019Inde en Europe<\/p>\n<p>Il faut dire qu\u2019au sein de l\u2019UE, l\u2019<a href=\"https:\/\/www.20minutes.fr\/dossier\/allemagne\" class=\"c-link c-link--is-underlined\" target=\"_blank\" rel=\"noopener\">Allemagne<\/a> est le principal partenaire de l\u2019Inde <a href=\"https:\/\/www.20minutes.fr\/economie\/commerce\/\" class=\"c-link c-link--is-underlined\" target=\"_blank\" rel=\"noopener\">avec un volume d\u2019\u00e9changes bilat\u00e9raux<\/a> annuels de pr\u00e8s de 50\u00a0milliards d\u2019euros. Par cons\u00e9quent, elle pourrait particuli\u00e8rement profiter du trait\u00e9 de libre-\u00e9change qui devait \u00eatre finalis\u00e9 d\u2019ici fin\u00a02025. Pour le chancelier, l\u2019accord commercial conclu vendredi par l\u2019UE avec des pays du Mercosur \u00ab\u00a0est un signe encourageant pour poursuivre sur la voie des accords de libre-\u00e9change\u00a0\u00bb.<\/p>\n<\/p>\n<p>Rappelant que la pr\u00e9sidente de la Commission europ\u00e9enne Ursula von\u00a0der\u00a0Leyen et le pr\u00e9sident du Conseil europ\u00e9en Antonio Costa sont attendus en Inde le 27\u00a0janvier, il a assur\u00e9 qu\u2019ils signeraient cet accord s\u2019il est conclu d\u2019ici l\u00e0. \u00ab\u00a0Ils feront <a href=\"https:\/\/www.20minutes.fr\/monde\/bresil\/4195431-20260112-agriculture-ue-confirme-ursula-von-der-leyen-signera-bien-samedi-traite-mercosur\" target=\"_blank\" class=\"c-link c-link--is-underlined\" rel=\"noopener\">en tout cas un nouveau pas <\/a>important vers la conclusion de cet accord de libre-\u00e9change\u00a0\u00bb, a-t-il ajout\u00e9 \u00e0 l\u2019issue d\u2019une rencontre avec le Premier ministre Narendra Modi.<\/p>\n<p>Vendredi, de hauts responsables europ\u00e9ens et indiens du commerce ont indiqu\u00e9 que les n\u00e9gociations de ce trait\u00e9 entre New Delhi et Bruxelles avaient beaucoup avanc\u00e9.<\/p>\n<p>Avec 1,4\u00a0milliard d\u2019habitants, le pays le plus peupl\u00e9 de la plan\u00e8te repr\u00e9sente pour la premi\u00e8re \u00e9conomie europ\u00e9enne, fortement <a href=\"https:\/\/www.20minutes.fr\/dossier\/exportation\" class=\"c-link c-link--is-underlined\" target=\"_blank\" rel=\"noopener\">exportatrice<\/a>, de grandes opportunit\u00e9s et une alternative \u00e0 la <a href=\"https:\/\/www.20minutes.fr\/magazine\/grande-muraille-mag\/\" class=\"c-link c-link--is-underlined\" target=\"_blank\" rel=\"noopener\">Chine<\/a> avec qui les relations se sont r\u00e9cemment tendues sur les terres rares et les puces \u00e9lectroniques.<\/p>\n","protected":false},"excerpt":{"rendered":"Il semblerait qu\u2019en g\u00e9opolitique en Europe, l\u2019Allemagne tente de prendre la main. En illustre la visite ce lundi&hellip;\n","protected":false},"author":2,"featured_media":658890,"comment_status":"","ping_status":"","sticky":false,"template":"","format":"standard","meta":{"footnotes":""},"categories":[5],"tags":[63769,47,11,672,2360,215,33,674,1011,27,4710,5595,14,74,12,555,2544,28],"class_list":{"0":"post-658889","1":"post","2":"type-post","3":"status-publish","4":"format-standard","5":"has-post-thumbnail","7":"category-international","8":"tag-accord-mercosur","9":"tag-actualite","10":"tag-actualites","11":"tag-allemagne","12":"tag-bruxelles","13":"tag-commerce","14":"tag-economie","15":"tag-europe","16":"tag-fr","17":"tag-france","18":"tag-friedrich-merz","19":"tag-inde","20":"tag-international","21":"tag-monde","22":"tag-news","23":"tag-union-europeenne-ue","24":"tag-ursula-von-der-leyen","25":"tag-world"},"share_on_mastodon":{"url":"https:\/\/pubeurope.com\/@fr\/115883504823524346","error":""},"_links":{"self":[{"href":"https:\/\/www.europesays.com\/fr\/wp-json\/wp\/v2\/posts\/658889","targetHints":{"allow":["GET"]}}],"collection":[{"href":"https:\/\/www.europesays.com\/fr\/wp-json\/wp\/v2\/posts"}],"about":[{"href":"https:\/\/www.europesays.com\/fr\/wp-json\/wp\/v2\/types\/post"}],"author":[{"embeddable":true,"href":"https:\/\/www.europesays.com\/fr\/wp-json\/wp\/v2\/users\/2"}],"replies":[{"embeddable":true,"href":"https:\/\/www.europesays.com\/fr\/wp-json\/wp\/v2\/comments?post=658889"}],"version-history":[{"count":0,"href":"https:\/\/www.europesays.com\/fr\/wp-json\/wp\/v2\/posts\/658889\/revisions"}],"wp:featuredmedia":[{"embeddable":true,"href":"https:\/\/www.europesays.com\/fr\/wp-json\/wp\/v2\/media\/658890"}],"wp:attachment":[{"href":"https:\/\/www.europesays.com\/fr\/wp-json\/wp\/v2\/media?parent=658889"}],"wp:term":[{"taxonomy":"category","embeddable":true,"href":"https:\/\/www.europesays.com\/fr\/wp-json\/wp\/v2\/categories?post=658889"},{"taxonomy":"post_tag","embeddable":true,"href":"https:\/\/www.europesays.com\/fr\/wp-json\/wp\/v2\/tags?post=658889"}],"curies":[{"name":"wp","href":"https:\/\/api.w.org\/{rel}","templated":true}]}}