{"id":658891,"date":"2026-01-12T18:18:25","date_gmt":"2026-01-12T18:18:25","guid":{"rendered":"https:\/\/www.europesays.com\/fr\/658891\/"},"modified":"2026-01-12T18:18:25","modified_gmt":"2026-01-12T18:18:25","slug":"les-agriculteurs-de-nouveau-mobilises-contre-le-mercosur","status":"publish","type":"post","link":"https:\/\/www.europesays.com\/fr\/658891\/","title":{"rendered":"les agriculteurs de nouveau mobilis\u00e9s contre le Mercosur"},"content":{"rendered":"<p>Ce direct est aliment\u00e9 par les journalistes des informations g\u00e9n\u00e9rales et nos reporters sur le terrain.<\/p>\n<p><strong>19\u00a0h\u00a008.<\/strong>\u00a0Vienne Nature r\u00e9agit \u00e0 l\u2019action des Jeunes agriculteurs de la Vienne par la voix de Francis Thub\u00e9\u00a0: \u00ab\u00a0Un groupe d\u2019agriculteurs est venu nous rencontrer de fa\u00e7on virulente en nous d\u00e9posant des salades, nous accusant de ne pas soutenir l\u2019agriculture de fa\u00e7on g\u00e9n\u00e9rale et de les emp\u00eacher de travailler. \u00c9videmment, c\u2019est faux, \u00e7a fait plus de dix ans que France Nature Environnement, dont nous faisons partie, est oppos\u00e9e au Mercosur. Nous, la seule chose qui nous int\u00e9resse sur les probl\u00e8mes li\u00e9s \u00e0 l\u2019agriculture, c\u2019est qu\u2019on puisse avoir une agriculture respectueuse et b\u00e9n\u00e9fique pour tous, y compris les agriculteurs.\u00a0\u00bb<\/p>\n<\/p>\n<p><strong>19\u00a0h\u00a005.<\/strong>\u00a0La manifestation se termine dans la Vienne. Les Jeunes agriculteurs ont allum\u00e9 un feu sur le rond-point de l&rsquo;A10. Ils pr\u00e9voient de manger ensemble avant de probablement se disperser.<\/p>\n<p>Il en est de m\u00eame \u00e0 Ch\u00e2teauroux.\u00a0Apr\u00e8s un d\u00e9briefing devant la pr\u00e9fecture, le convoi de tracteur quitte le centre-ville. \u00ab\u00a0Ceux qui ont encore des bennes pleines, vous les videz ou vous voulez\u00a0\u00bb, donne-t-on comme consignes.<\/p>\n<p><img alt=\"Les Jeunes agriculteurs de la Vienne ont allum\u00e9 un feu sur le rond-point de l'A10.\" loading=\"lazy\" width=\"980\" height=\"573\" decoding=\"async\" data-nimg=\"1\" class=\"img-responsive spinner-show \" style=\"color:transparent;background-size:cover;background-position:50% 50%;background-repeat:no-repeat;background-image:url(&quot;data:image\/svg+xml;charset=utf-8,%3Csvg xmlns='http:\/\/www.w3.org\/2000\/svg' viewBox='0 0 980 573'%3E%3Cfilter id='b' color-interpolation-filters='sRGB'%3E%3CfeGaussianBlur stdDeviation='20'\/%3E%3CfeColorMatrix values='1 0 0 0 0 0 1 0 0 0 0 0 1 0 0 0 0 0 100 -1' result='s'\/%3E%3CfeFlood x='0' y='0' width='100%25' height='100%25'\/%3E%3CfeComposite operator='out' in='s'\/%3E%3CfeComposite in2='SourceGraphic'\/%3E%3CfeGaussianBlur stdDeviation='20'\/%3E%3C\/filter%3E%3Cimage width='100%25' height='100%25' x='0' y='0' preserveAspectRatio='none' style='filter: url(%23b);' href='https:\/\/images.lanouvellerepublique.fr\/image\/upload\/t_88w\/f_auto\/6965383607f241a0518b45ff.jpg'\/%3E%3C\/svg%3E&quot;)\"   src=\"https:\/\/www.europesays.com\/fr\/wp-content\/uploads\/2026\/01\/6965383607f241a0518b45ff.jpg\"\/><\/p>\n<p style=\"background-color:#F2F2F2;padding:5px;margin-top:0px;margin-bottom:10px\">Les Jeunes agriculteurs de la Vienne ont allum\u00e9 un feu sur le rond-point de l&rsquo;A10.<br \/> \u00a9 (Photo NR, Mathieu Herduin)<\/p>\n<p><strong>18\u00a0h\u00a035. <\/strong>La FDSEA et les JA des Hauts-de-France ont annonc\u00e9\u00a0pr\u00e9voir un rassemblement d\u2019agriculteurs de la r\u00e9gion \u00e0 Paris place de la Concorde t\u00f4t mardi matin, avec \u00ab\u00a0environ 250 tracteurs\u00a0\u00bb. Les manifestants, qui doivent venir du Nord, du Pas-de-Calais, de la Somme et de l\u2019Oise, seront sur place \u00ab\u00a0vers 6-7 heures\u00a0\u00bb du matin, a d\u00e9clar\u00e9 \u00e0 l\u2019AFP Beno\u00eet Raux, secr\u00e9taire g\u00e9n\u00e9ral de la FDSEA du Nord.<strong\/><\/p>\n<p><strong>18\u00a0h\u00a010.<\/strong> La manifestation se poursuit \u00e0 Ch\u00e2teauroux, dans l\u2019Indre. Des bennes de fumier, des palettes, de la terre, ont \u00e9t\u00e9 d\u00e9vers\u00e9s dans les rues de la ville, bloquant leur acc\u00e8s.<\/p>\n<p><img alt=\"Des palettes et de la terre ont \u00e9t\u00e9 d\u00e9vers\u00e9es rues Grande et Palan, \u00e0 Ch\u00e2teauroux.\" loading=\"lazy\" width=\"980\" height=\"573\" decoding=\"async\" data-nimg=\"1\" class=\"img-responsive spinner-show \" style=\"color:transparent;background-size:cover;background-position:50% 50%;background-repeat:no-repeat;background-image:url(&quot;data:image\/svg+xml;charset=utf-8,%3Csvg xmlns='http:\/\/www.w3.org\/2000\/svg' viewBox='0 0 980 573'%3E%3Cfilter id='b' color-interpolation-filters='sRGB'%3E%3CfeGaussianBlur stdDeviation='20'\/%3E%3CfeColorMatrix values='1 0 0 0 0 0 1 0 0 0 0 0 1 0 0 0 0 0 100 -1' result='s'\/%3E%3CfeFlood x='0' y='0' width='100%25' height='100%25'\/%3E%3CfeComposite operator='out' in='s'\/%3E%3CfeComposite in2='SourceGraphic'\/%3E%3CfeGaussianBlur stdDeviation='20'\/%3E%3C\/filter%3E%3Cimage width='100%25' height='100%25' x='0' y='0' preserveAspectRatio='none' style='filter: url(%23b);' href='https:\/\/images.lanouvellerepublique.fr\/image\/upload\/t_88w\/f_auto\/69652b388d7ecca40a8b45fe.jpg'\/%3E%3C\/svg%3E&quot;)\"   src=\"https:\/\/www.europesays.com\/fr\/wp-content\/uploads\/2026\/01\/69652b388d7ecca40a8b45fe.jpg\"\/><\/p>\n<p style=\"background-color:#F2F2F2;padding:5px;margin-top:0px;margin-bottom:10px\">Des palettes et de la terre ont \u00e9t\u00e9 d\u00e9vers\u00e9es rues Grande et Palan, \u00e0 Ch\u00e2teauroux.<br \/> \u00a9 (Photo NR)<\/p>\n<p><strong>17\u00a0h\u00a020.<\/strong>\u00a0La d\u00e9l\u00e9gation des Jeunes agriculteurs de la Vienne est sortie de son entrevue avec la DDT. \u00ab\u00a0On ne tol\u00e9rera plus de contr\u00f4les dans les exploitations mais on ne veut pas non plus que les aides soient lev\u00e9es au vu de la situation agricole\u00a0\u00bb, r\u00e9p\u00e8te Benjamin Aucher, co-pr\u00e9sident du syndicat.<\/p>\n<p>Les agriculteurs ont commenc\u00e9 \u00e0 d\u00e9verser des bennes devant les locaux de l\u2019administration. Ils pr\u00e9voient ensuite d\u2019en d\u00e9verser d\u2019autres devant les locaux de l\u2019Office fran\u00e7ais de la biodiversit\u00e9 (OFB) et de Vienne Nature Environnement. Interrog\u00e9 sur cette seconde cible, le co-pr\u00e9sident r\u00e9pond\u00a0: \u00ab\u00a0\u00c7a fait partie des gens qui nous imposent des normes au quotidien et qu\u2019on ne voit pas suffisamment lutter contre le Mercosur.\u00a0\u00bb<\/p>\n<p><img alt=\"Les agriculteurs ont d\u00e9vers\u00e9 des bennes devant les locaux de la DDT \u00e0 Poitiers.\" loading=\"lazy\" width=\"980\" height=\"573\" decoding=\"async\" data-nimg=\"1\" class=\"img-responsive spinner-show \" style=\"color:transparent;background-size:cover;background-position:50% 50%;background-repeat:no-repeat;background-image:url(&quot;data:image\/svg+xml;charset=utf-8,%3Csvg xmlns='http:\/\/www.w3.org\/2000\/svg' viewBox='0 0 980 573'%3E%3Cfilter id='b' color-interpolation-filters='sRGB'%3E%3CfeGaussianBlur stdDeviation='20'\/%3E%3CfeColorMatrix values='1 0 0 0 0 0 1 0 0 0 0 0 1 0 0 0 0 0 100 -1' result='s'\/%3E%3CfeFlood x='0' y='0' width='100%25' height='100%25'\/%3E%3CfeComposite operator='out' in='s'\/%3E%3CfeComposite in2='SourceGraphic'\/%3E%3CfeGaussianBlur stdDeviation='20'\/%3E%3C\/filter%3E%3Cimage width='100%25' height='100%25' x='0' y='0' preserveAspectRatio='none' style='filter: url(%23b);' href='https:\/\/images.lanouvellerepublique.fr\/image\/upload\/t_88w\/f_auto\/6965203d10f8eed6578b4604.jpg'\/%3E%3C\/svg%3E&quot;)\"   src=\"https:\/\/www.europesays.com\/fr\/wp-content\/uploads\/2026\/01\/6965203d10f8eed6578b4604.jpg\"\/><\/p>\n<p style=\"background-color:#F2F2F2;padding:5px;margin-top:0px;margin-bottom:10px\">Les agriculteurs ont d\u00e9vers\u00e9 des bennes devant les locaux de la DDT \u00e0 Poitiers.<br \/> \u00a9 (Photo NR, Mathieu Herduin)<\/p>\n<p><strong>17\u00a0h.<\/strong> \u00c0 Ch\u00e2teauroux, dans l\u2019Indre, les agriculteurs ont vid\u00e9 quatre bennes sur le rond-point de la cit\u00e9 administrative (terre, pneus, paille\u2026). Ils sont de retour au rond-point de la pr\u00e9fecture et bloquent l\u2019avenue Charles-de-Gaulle.<\/p>\n<\/p>\n<p><strong>16\u00a0h\u00a045.<\/strong> Des manifestations, r\u00e9unissant entre plusieurs dizaines et plusieurs centaines de participants selon les d\u00e9comptes de journalistes de l\u2019AFP ou de la presse locale, ont \u00e9galement eu lieu devant les pr\u00e9fectures ou sur les routes \u00e0 Metz, Pau, P\u00e9rigueux, Dax et Limoges, \u00e0 l\u2019appel de diff\u00e9rents syndicats.<\/p>\n<p><strong>16\u00a0h\u00a035.<\/strong> Au\u00a0Havre, premier port fran\u00e7ais pour le trafic de conteneurs, o\u00f9 des filtrages ont \u00e9t\u00e9 mis en place avec des pneus en flamme, des troncs d\u2019arbres et quelques tracteurs, sans bloquer l\u2019activit\u00e9, les agriculteurs ont contr\u00f4l\u00e9\u00a0camions frigorifiques et v\u00e9rifient la provenance des produits.\u00a0Ces actions, pr\u00e9vues au moins jusqu\u2019\u00e0 lundi soir, ont permis de d\u00e9couvrir \u00ab\u00a0de la farine \u00e9trang\u00e8re, des soupes avec des l\u00e9gumes tha\u00eflandais, des produits qui n\u2019ont pas les m\u00eames normes de production\u00a0\u00bb que les n\u00f4tres, a d\u00e9plor\u00e9 aupr\u00e8s de l\u2019AFP Justin Lema\u00eetre, secr\u00e9taire g\u00e9n\u00e9ral des Jeunes agriculteurs en Seine-Maritime, r\u00e9clamant \u00ab\u00a0que l\u2019importation respecte nos standards de production\u00a0\u00bb.<\/p>\n<p><strong>16\u00a0h.<\/strong>\u00a0Les Jeunes agriculteurs de la Vienne ont quitt\u00e9 leur barrage filtrant sur la RN10 et se sont rendus au si\u00e8ge d\u00e9partemental de la Direction d\u00e9partementale des territoires (DDT), o\u00f9 une d\u00e9l\u00e9gation doit \u00eatre re\u00e7ue par la direction.<\/p>\n<p>Ils vont demander une suspension des contr\u00f4les dans les fermes, une demande qui s\u2019inscrit en lien avec la signature du Mercosur par l\u2019Union Europ\u00e9enne. \u00ab\u00a0Il est hors de question qu\u2019on applique des r\u00e8gles strictes alors que les agriculteurs au Br\u00e9sil aspergent \u00e0 tout va.\u00a0\u00bb Sachant que le pr\u00e9fet de la Vienne avait d\u00e9j\u00e0 annonc\u00e9 une suspension des contr\u00f4les en d\u00e9cembre dernier. Avant de r\u00e9trop\u00e9daler face au risque de suspension d\u2019aides de la Politique agricole commune. \u00ab\u00a0L\u2019\u00c9tat fran\u00e7ais doit avoir le courage de n\u00e9gocier une d\u00e9rogation pour que les versements aient toujours lieu sans les contr\u00f4les\u00a0\u00bb, dit Benjamin Aucher, le co-pr\u00e9sident des JA.<\/p>\n<p><img alt=\"Les Jeunes agriculteurs m\u00e8nent la protestation dans la Vienne.\" loading=\"lazy\" width=\"980\" height=\"573\" decoding=\"async\" data-nimg=\"1\" class=\"img-responsive spinner-show \" style=\"color:transparent;background-size:cover;background-position:50% 50%;background-repeat:no-repeat;background-image:url(&quot;data:image\/svg+xml;charset=utf-8,%3Csvg xmlns='http:\/\/www.w3.org\/2000\/svg' viewBox='0 0 980 573'%3E%3Cfilter id='b' color-interpolation-filters='sRGB'%3E%3CfeGaussianBlur stdDeviation='20'\/%3E%3CfeColorMatrix values='1 0 0 0 0 0 1 0 0 0 0 0 1 0 0 0 0 0 100 -1' result='s'\/%3E%3CfeFlood x='0' y='0' width='100%25' height='100%25'\/%3E%3CfeComposite operator='out' in='s'\/%3E%3CfeComposite in2='SourceGraphic'\/%3E%3CfeGaussianBlur stdDeviation='20'\/%3E%3C\/filter%3E%3Cimage width='100%25' height='100%25' x='0' y='0' preserveAspectRatio='none' style='filter: url(%23b);' href='https:\/\/images.lanouvellerepublique.fr\/image\/upload\/t_88w\/f_auto\/69650c768d7ecc310d8b45a0.jpg'\/%3E%3C\/svg%3E&quot;)\"   src=\"https:\/\/www.europesays.com\/fr\/wp-content\/uploads\/2026\/01\/69650c768d7ecc310d8b45a0.jpg\"\/><\/p>\n<p style=\"background-color:#F2F2F2;padding:5px;margin-top:0px;margin-bottom:10px\">Les Jeunes agriculteurs m\u00e8nent la protestation dans la Vienne.<br \/> \u00a9 (Photo NR, Mathieu Herduin)<\/p>\n<p><strong>15\u00a0h\u00a030.<\/strong> Dans le Pas-de-Calais, une op\u00e9ration de\u00a0barrage filtrant a lieu au p\u00e9age d\u2019Herquelingue \u00e0 Isques.\u00a0Une autre manifestation est en cours au p\u00e9age de Setques, d\u2019apr\u00e8s <a target=\"_blank\" href=\"https:\/\/www.francebleu.fr\/infos\/economie-social\/barrages-filtrants-fouille-des-camions-deux-peages-en-partie-bloques-par-des-agriculteurs-dans-le-pas-de-calais-7972592\" rel=\"noopener\">Ici<\/a>. Ils souhaitent ainsi discuter avec les automobilistes et rendre le p\u00e9age gratuit. Ils ont \u00e9galement fouill\u00e9 les marchandises de certains camions.<\/p>\n<p><strong>15\u00a0h\u00a020.<\/strong> Les agriculteurs qui bloquaient le port de Bayonne ont lev\u00e9 leur barrage.<\/p>\n<p><strong>14\u00a0h\u00a045.<\/strong> Dans l\u2019Indre-et-Loire, deux plateformes logistiques, Lidl \u00e0 Sorigny et Auchan \u00e0 Chanceaux-sur-Choisille, sont bloqu\u00e9es. Les Jeunes agriculteurs et la Coordination rurale ne laissent passer que les poids lourds avec de la marchandise fran\u00e7aise, pas les autres. Certains poids lourds attendent de pouvoir repartir depuis dimanche soir. Une rencontre est pr\u00e9vue \u00e0 16\u00a0h avec des responsables de la plateforme d\u2019Auchan. Une autre a eu lieu ce matin avec celle de Sorigny mais les agriculteurs ont refus\u00e9 d\u2019arr\u00eater le blocage, m\u00eame partiel comme demand\u00e9 par Lidl.<\/p>\n<p><img alt=\"Devant la plateforme Auchan de Chanceaux-sur-Choisille.\" loading=\"lazy\" width=\"980\" height=\"573\" decoding=\"async\" data-nimg=\"1\" class=\"img-responsive spinner-show \" style=\"color:transparent;background-size:cover;background-position:50% 50%;background-repeat:no-repeat;background-image:url(&quot;data:image\/svg+xml;charset=utf-8,%3Csvg xmlns='http:\/\/www.w3.org\/2000\/svg' viewBox='0 0 980 573'%3E%3Cfilter id='b' color-interpolation-filters='sRGB'%3E%3CfeGaussianBlur stdDeviation='20'\/%3E%3CfeColorMatrix values='1 0 0 0 0 0 1 0 0 0 0 0 1 0 0 0 0 0 100 -1' result='s'\/%3E%3CfeFlood x='0' y='0' width='100%25' height='100%25'\/%3E%3CfeComposite operator='out' in='s'\/%3E%3CfeComposite in2='SourceGraphic'\/%3E%3CfeGaussianBlur stdDeviation='20'\/%3E%3C\/filter%3E%3Cimage width='100%25' height='100%25' x='0' y='0' preserveAspectRatio='none' style='filter: url(%23b);' href='https:\/\/images.lanouvellerepublique.fr\/image\/upload\/t_88w\/f_auto\/696502991acab6e77f8b4640.jpg'\/%3E%3C\/svg%3E&quot;)\"   src=\"https:\/\/www.europesays.com\/fr\/wp-content\/uploads\/2026\/01\/696502991acab6e77f8b4640.jpg\"\/><\/p>\n<p style=\"background-color:#F2F2F2;padding:5px;margin-top:0px;margin-bottom:10px\">Devant la plateforme Auchan de Chanceaux-sur-Choisille.<br \/> \u00a9 (Photo NR)<\/p>\n<p><strong>14\u00a0h\u00a040.<\/strong> Des agriculteurs viennent de d\u00e9verser une benne de paille devant les locaux de La Nouvelle R\u00e9publique de <a target=\"_self\" href=\"https:\/\/www.lanouvellerepublique.fr\/chateauroux\" rel=\"noopener\">Ch\u00e2teauroux<\/a>.<\/p>\n<p><img alt=\"L\u2019accueil de la r\u00e9daction de La Nouvelle R\u00e9publique de Ch\u00e2teauroux a \u00e9t\u00e9 vis\u00e9 par un d\u00e9versement de bottes de paille.\" loading=\"lazy\" width=\"980\" height=\"573\" decoding=\"async\" data-nimg=\"1\" class=\"img-responsive spinner-show \" style=\"color:transparent;background-size:cover;background-position:50% 50%;background-repeat:no-repeat;background-image:url(&quot;data:image\/svg+xml;charset=utf-8,%3Csvg xmlns='http:\/\/www.w3.org\/2000\/svg' viewBox='0 0 980 573'%3E%3Cfilter id='b' color-interpolation-filters='sRGB'%3E%3CfeGaussianBlur stdDeviation='20'\/%3E%3CfeColorMatrix values='1 0 0 0 0 0 1 0 0 0 0 0 1 0 0 0 0 0 100 -1' result='s'\/%3E%3CfeFlood x='0' y='0' width='100%25' height='100%25'\/%3E%3CfeComposite operator='out' in='s'\/%3E%3CfeComposite in2='SourceGraphic'\/%3E%3CfeGaussianBlur stdDeviation='20'\/%3E%3C\/filter%3E%3Cimage width='100%25' height='100%25' x='0' y='0' preserveAspectRatio='none' style='filter: url(%23b);' href='https:\/\/images.lanouvellerepublique.fr\/image\/upload\/t_88w\/f_auto\/6964fb0197ae021d278b45cf.jpg'\/%3E%3C\/svg%3E&quot;)\"   src=\"https:\/\/www.europesays.com\/fr\/wp-content\/uploads\/2026\/01\/6964fb0197ae021d278b45cf.jpg\"\/><\/p>\n<p style=\"background-color:#F2F2F2;padding:5px;margin-top:0px;margin-bottom:10px\">L\u2019accueil de la r\u00e9daction de La Nouvelle R\u00e9publique de Ch\u00e2teauroux a \u00e9t\u00e9 vis\u00e9 par un d\u00e9versement de bottes de paille.<br \/> \u00a9 (Photo NR)<\/p>\n<p><strong>14\u00a0h\u00a030. <\/strong>Dans la <a target=\"_self\" href=\"https:\/\/www.lanouvellerepublique.fr\/vienne\" rel=\"noopener\">Vienne<\/a>, Marian, \u00e9leveur de vaches laiti\u00e8res \u00e0 Chauvigny, participe au barrage filtrant et au contr\u00f4le des camions sur la N10\u00a0: \u00ab\u00a0On cherche de nouvelles m\u00e9thodes pour communiquer notre opposition au Mercosur. On s\u2019est dit pourquoi pas contr\u00f4ler les camions et v\u00e9rifier leur chargement, s\u2019il y a des marchandises avec des r\u00e9sidus de produits phytosanitaires. Nous, on est contr\u00f4l\u00e9, on nous demande de produire de la qualit\u00e9. On est plus blanc que blanc. Mais avec le Mercosur, on fera face \u00e0 une concurrence d\u00e9loyale.\u00a0\u00bb<\/p>\n<\/p>\n<p><strong>14\u00a0h. <\/strong>Les agriculteurs arrivent \u00e0 Ch\u00e2teauroux. Une quinzaine de tracteurs bloquent le rond-point de la pr\u00e9fecture, dont les acc\u00e8s sont bloqu\u00e9s par les gendarmes mobiles, ainsi qu\u2019une partie de l\u2019avenue Charles-de-Gaulle, la rue de la R\u00e9publique et Diderot \u00e0 hauteur d\u2019\u00c9quinoxe. Pr\u00e8s de la cit\u00e9 administrative, on a d\u00e9croch\u00e9 le drapeau fran\u00e7ais.<\/p>\n<p><img alt=\"Pr\u00e8s de la cit\u00e9 administrative, on a d\u00e9croch\u00e9 le drapeau fran\u00e7ais en pr\u00e9vision de l\u2019arriv\u00e9e des agriculteurs.\" loading=\"lazy\" width=\"980\" height=\"573\" decoding=\"async\" data-nimg=\"1\" class=\"img-responsive spinner-show \" style=\"color:transparent;background-size:cover;background-position:50% 50%;background-repeat:no-repeat;background-image:url(&quot;data:image\/svg+xml;charset=utf-8,%3Csvg xmlns='http:\/\/www.w3.org\/2000\/svg' viewBox='0 0 980 573'%3E%3Cfilter id='b' color-interpolation-filters='sRGB'%3E%3CfeGaussianBlur stdDeviation='20'\/%3E%3CfeColorMatrix values='1 0 0 0 0 0 1 0 0 0 0 0 1 0 0 0 0 0 100 -1' result='s'\/%3E%3CfeFlood x='0' y='0' width='100%25' height='100%25'\/%3E%3CfeComposite operator='out' in='s'\/%3E%3CfeComposite in2='SourceGraphic'\/%3E%3CfeGaussianBlur stdDeviation='20'\/%3E%3C\/filter%3E%3Cimage width='100%25' height='100%25' x='0' y='0' preserveAspectRatio='none' style='filter: url(%23b);' href='https:\/\/images.lanouvellerepublique.fr\/image\/upload\/t_88w\/f_auto\/6964f0f110f8ee637b8b4629.jpg'\/%3E%3C\/svg%3E&quot;)\"   src=\"https:\/\/www.europesays.com\/fr\/wp-content\/uploads\/2026\/01\/6964f0f110f8ee637b8b4629.jpg\"\/><\/p>\n<p style=\"background-color:#F2F2F2;padding:5px;margin-top:0px;margin-bottom:10px\">Pr\u00e8s de la cit\u00e9 administrative, on a d\u00e9croch\u00e9 le drapeau fran\u00e7ais en pr\u00e9vision de l\u2019arriv\u00e9e des agriculteurs.<br \/> \u00a9 (Photo NR)<\/p>\n<p><strong>13\u00a0h\u00a030.<\/strong> <a target=\"_self\" href=\"https:\/\/www.lanouvellerepublique.fr\/a-la-une\/mercosur-une-majorite-qualifiee-de-pays-de-l-ue-donne-son-feu-vert-pour-une-signature-de-l-accord-1767957187\" rel=\"noopener\">Une majorit\u00e9 qualifi\u00e9e de pays de l\u2019Union europ\u00e9enne a donn\u00e9 son feu vert pour une signature de l\u2019accord du Mercosur<\/a>, contre lequel les agriculteurs manifestent de nouveau aujourd\u2019hui. La France y \u00e9tait oppos\u00e9e. Et pour la ministre de l\u2019Agriculture, Annie Genevard, cette opposition a permis de faire bouger les lignes.<\/p>\n<p>\u00ab\u00a0En m\u00eame temps que la France se battait pour que l\u2019accord ne soit pas sign\u00e9, nous nous sommes battus aussi pour imposer la clause de sauvegarde, la r\u00e9ciprocit\u00e9 des normes, l\u2019augmentation des contr\u00f4les. Ce sont les combats de la France. Le projet d\u2019accord tel qu\u2019il sera paraph\u00e9 au Paraguay n\u2019est pas le m\u00eame que celui qui a \u00e9t\u00e9 paraph\u00e9 \u00e0 Montevideo il y a un an, a-t-elle affirm\u00e9 sur BFMTV. Ce n\u2019est pas le m\u00eame et c\u2019est \u00e0 la France qu\u2019on le doit\u00a0\u00bb, a-t-elle assur\u00e9.<\/p>\n<p>Elle a ajout\u00e9 que l\u2019accord pour s\u2019appliquer d\u00e8s samedi de mani\u00e8re provisoire en attendant le vote du Parlement europ\u00e9en, le 20\u00a0janvier.\u00a0Un grand rassemblement d\u2019agriculteurs est pr\u00e9vu ce jour-l\u00e0 \u00e0 Strasbourg devant le Parlement europ\u00e9en.<\/p>\n<p><strong>en savoir plus<\/strong><\/p>\n<p>Qu\u2019est-ce que le trait\u00e9 du Mercosur, sign\u00e9 entre l\u2019Union europ\u00e9enne et des pays d\u2019Am\u00e9rique du Sud\u00a0?<\/p>\n<p>N\u00e9goci\u00e9 depuis 1999, cet accord doit cr\u00e9er l\u2019une des plus grandes zones de libre-\u00e9change au monde, entre l\u2019Union europ\u00e9enne, le Br\u00e9sil, l\u2019Argentine, le Paraguay et l\u2019Uruguay, soit plus de 700\u00a0millions de consommateurs.<\/p>\n<ul>\n<li>Pour ses d\u00e9tracteurs, dont fait partie la France et ses agriculteurs, il va bousculer l\u2019agriculture europ\u00e9enne \u00e0 coups de produits moins chers et pas forc\u00e9ment respectueux des normes environnementales de l\u2019UE, faute de contr\u00f4les suffisants.<\/li>\n<li>Pour ses d\u00e9fenseurs, comme l\u2019Allemagne et l\u2019Espagne, il va permettre au contraire de relancer une \u00e9conomie europ\u00e9enne \u00e0 la peine, bouscul\u00e9e par la concurrence chinoise et les droits de douane aux \u00c9tats-Unis.<\/li>\n<\/ul>\n<p><strong>12\u00a0h\u00a015.<\/strong>\u00a0Benjamin Aucher, copr\u00e9sident des Jeunes agriculteurs de la Vienne, \u00e9voque les cons\u00e9quences de la ratification du trait\u00e9 de libre-\u00e9change entre l\u2019Union europ\u00e9enne et les pays de Mercosur.<\/p>\n<\/p>\n<p><strong>11\u00a0h\u00a045.<\/strong>\u00a0Dans la <a target=\"_self\" href=\"https:\/\/www.lanouvellerepublique.fr\/vienne\" rel=\"noopener\">Vienne<\/a>, les Jeunes agriculteurs repassent \u00e0 l\u2019action. Depuis 11\u00a0h, plusieurs dizaines d\u2019agriculteurs, venus de tout le d\u00e9partement et pour la plupart en tracteurs, ont investi le rond-point de Fontaine-le-Comte au bord de la N10, entre Poitiers et Angoul\u00eame. Ils pr\u00e9voient de contr\u00f4ler des camions transportant des marchandises provenant hors de l\u2019Europe.<\/p>\n<p><img alt=\"Les Jeunes agriculteurs qui organisent un barrage filtrant sur la N10, expliquent leurs actions aux routiers bloqu\u00e9s.\" loading=\"lazy\" width=\"980\" height=\"573\" decoding=\"async\" data-nimg=\"1\" class=\"img-responsive spinner-show \" style=\"color:transparent;background-size:cover;background-position:50% 50%;background-repeat:no-repeat;background-image:url(&quot;data:image\/svg+xml;charset=utf-8,%3Csvg xmlns='http:\/\/www.w3.org\/2000\/svg' viewBox='0 0 980 573'%3E%3Cfilter id='b' color-interpolation-filters='sRGB'%3E%3CfeGaussianBlur stdDeviation='20'\/%3E%3CfeColorMatrix values='1 0 0 0 0 0 1 0 0 0 0 0 1 0 0 0 0 0 100 -1' result='s'\/%3E%3CfeFlood x='0' y='0' width='100%25' height='100%25'\/%3E%3CfeComposite operator='out' in='s'\/%3E%3CfeComposite in2='SourceGraphic'\/%3E%3CfeGaussianBlur stdDeviation='20'\/%3E%3C\/filter%3E%3Cimage width='100%25' height='100%25' x='0' y='0' preserveAspectRatio='none' style='filter: url(%23b);' href='https:\/\/images.lanouvellerepublique.fr\/image\/upload\/t_88w\/f_auto\/6964e68829af86030c8b462f.jpg'\/%3E%3C\/svg%3E&quot;)\"   src=\"https:\/\/www.europesays.com\/fr\/wp-content\/uploads\/2026\/01\/6964e68829af86030c8b462f.jpg\"\/><\/p>\n<p style=\"background-color:#F2F2F2;padding:5px;margin-top:0px;margin-bottom:10px\">Les Jeunes agriculteurs qui organisent un barrage filtrant sur la N10, expliquent leurs actions aux routiers bloqu\u00e9s.<br \/> \u00a9 (Photo NR, Mathier Herduin)<\/p>\n<p><strong>11\u00a0h\u00a030. <\/strong>Dans l\u2019Indre, le pr\u00e9fet Thibault Lanxade indique dans un communiqu\u00e9 avoir activ\u00e9 le centre op\u00e9rationnel d\u00e9partemental \u00ab\u00a0afin d\u2019assurer le suivi de la situation, la coordination des services de l\u2019\u00c9tat et la s\u00e9curit\u00e9 des personnes et des biens\u00a0\u00bb. La pr\u00e9fecture recommande, \u00e0 Ch\u00e2teauroux, d\u2019\u00e9viter le secteur de la pr\u00e9fecture, notamment la place de-la-Victoire-et-des Alli\u00e9s, ainsi que le p\u00e9rim\u00e8tre de la Cit\u00e9 administrative, boulevard George-Sand. Le tout \u00ab\u00a0afin de faciliter le bon d\u00e9roulement de cette mobilisation et de limiter les perturbations\u00a0\u00bb.<\/p>\n<p><img alt=\"Des blocs de b\u00e9ton sont \u00e9galement en train d\u2019\u00eatre dispos\u00e9s aux abords de la pr\u00e9fecture de l\u2019Indre, \u00e0 Ch\u00e2teauroux, depuis 11\u00a0h, sur l\u2019avenue Fran\u00e7ois-Mitterrand, \u00e0 hauteur du rond-point Louis-Deschizeaux. Second lieu susceptible d\u2019\u00eatre la cible des actions des agriculteurs, avec la cit\u00e9 administrative\" loading=\"lazy\" width=\"980\" height=\"573\" decoding=\"async\" data-nimg=\"1\" class=\"img-responsive spinner-show \" style=\"color:transparent;background-size:cover;background-position:50% 50%;background-repeat:no-repeat;background-image:url(&quot;data:image\/svg+xml;charset=utf-8,%3Csvg xmlns='http:\/\/www.w3.org\/2000\/svg' viewBox='0 0 980 573'%3E%3Cfilter id='b' color-interpolation-filters='sRGB'%3E%3CfeGaussianBlur stdDeviation='20'\/%3E%3CfeColorMatrix values='1 0 0 0 0 0 1 0 0 0 0 0 1 0 0 0 0 0 100 -1' result='s'\/%3E%3CfeFlood x='0' y='0' width='100%25' height='100%25'\/%3E%3CfeComposite operator='out' in='s'\/%3E%3CfeComposite in2='SourceGraphic'\/%3E%3CfeGaussianBlur stdDeviation='20'\/%3E%3C\/filter%3E%3Cimage width='100%25' height='100%25' x='0' y='0' preserveAspectRatio='none' style='filter: url(%23b);' href='https:\/\/images.lanouvellerepublique.fr\/image\/upload\/t_88w\/f_auto\/6964cd888d7ecc84798b467e.jpg'\/%3E%3C\/svg%3E&quot;)\"   src=\"https:\/\/www.europesays.com\/fr\/wp-content\/uploads\/2026\/01\/6964cd888d7ecc84798b467e.jpg\"\/><\/p>\n<p style=\"background-color:#F2F2F2;padding:5px;margin-top:0px;margin-bottom:10px\">Des blocs de b\u00e9ton sont \u00e9galement en train d\u2019\u00eatre dispos\u00e9s aux abords de la pr\u00e9fecture de l\u2019Indre, \u00e0 Ch\u00e2teauroux, depuis 11\u00a0h, sur l\u2019avenue Fran\u00e7ois-Mitterrand, \u00e0 hauteur du rond-point Louis-Deschizeaux. Second lieu susceptible d\u2019\u00eatre la cible des actions des agriculteurs, avec la cit\u00e9 administrative<br \/> \u00a9 (Photo NR)<\/p>\n<p><strong>11\u00a0h\u00a008.<\/strong> Dans <a target=\"_self\" href=\"https:\/\/www.lanouvellerepublique.fr\/indre-et-loire\" rel=\"noopener\">l\u2019Indre-et-Loire<\/a>, <a target=\"_self\" href=\"https:\/\/www.lanouvellerepublique.fr\/indre-et-loire\/commune\/chanceaux-sur-choisille\/on-n-est-pas-pres-de-rentrer-chez-nous-les-agriculteurs-d-indre-et-loire-bloquent-des-plateformes-logistiques-1768210584\" rel=\"noopener\">les agriculteurs bloquent des plateformes logistiques de la grande distribution<\/a>, ce lundi. Une quarantaine d\u2019agriculteurs et plusieurs tracteurs sont rassembl\u00e9s \u00e0 Auchan Retail Logistique \u00e0 Chanceaux-sur-Choisille, et \u00e0 la plateforme Lidl de Sorigny.<\/p>\n<p><strong>11\u00a0h\u00a005. <\/strong>\u00c0 Ch\u00e2teauroux, dans <a target=\"_self\" href=\"https:\/\/www.lanouvellerepublique.fr\/indre\" rel=\"noopener\">l\u2019Indre<\/a>, une importante journ\u00e9e de mobilisation est \u00e0 pr\u00e9voir \u00e0 l\u2019initiative de la FDSEA. Des tracteurs venus de Saint-Gaultier, de Neuvy-Saint-S\u00e9pulchre, Levroux, Ardentes, Villedieu-sur-Indre y sont attendus.<\/p>\n<p>Il a \u00e9t\u00e9 demand\u00e9 aux salari\u00e9s d\u2019\u00e9vacuer la cit\u00e9 administrative de Ch\u00e2teauroux, vers 8\u00a0h\u00a045, o\u00f9 devraient converger les agriculteurs, dans un premier temps, d\u2019ici le milieu d\u2019apr\u00e8s-midi. Les agents m\u00e9tropolitains ont bloqu\u00e9 les rues menant au site pour les emp\u00eacher d\u2019y acc\u00e9der.<\/p>\n<p>Le buste du mar\u00e9chal Leclerc, situ\u00e9 sur le rond-point de la cit\u00e9 administrative, et inaugur\u00e9 en octobre\u00a02025, a \u00e9t\u00e9 coffr\u00e9 par les agents municipaux par mesure de pr\u00e9caution afin de le prot\u00e9ger<\/p>\n<p><a target=\"_self\" href=\"https:\/\/www.lanouvellerepublique.fr\/chateauroux\/a-chateauroux-du-fumier-deverse-a-la-cite-administrative-par-la-coordination-rurale-en-colere-1765463289\" rel=\"noopener\">Le 11\u00a0d\u00e9cembre 2025, du fumier avait \u00e9t\u00e9 d\u00e9vers\u00e9 devant les grilles lors d\u2019une action men\u00e9e par la Coordination rurale.<\/a><\/p>\n<p><img alt=\"Les agents m\u00e9tropolitains ont bloqu\u00e9 les rues menant \u00e0 la Cit\u00e9 administrative de Ch\u00e2teauroux pour emp\u00eacher les agriculteurs d\u2019y acc\u00e9der.\" loading=\"lazy\" width=\"980\" height=\"573\" decoding=\"async\" data-nimg=\"1\" class=\"img-responsive spinner-show \" style=\"color:transparent;background-size:cover;background-position:50% 50%;background-repeat:no-repeat;background-image:url(&quot;data:image\/svg+xml;charset=utf-8,%3Csvg xmlns='http:\/\/www.w3.org\/2000\/svg' viewBox='0 0 980 573'%3E%3Cfilter id='b' color-interpolation-filters='sRGB'%3E%3CfeGaussianBlur stdDeviation='20'\/%3E%3CfeColorMatrix values='1 0 0 0 0 0 1 0 0 0 0 0 1 0 0 0 0 0 100 -1' result='s'\/%3E%3CfeFlood x='0' y='0' width='100%25' height='100%25'\/%3E%3CfeComposite operator='out' in='s'\/%3E%3CfeComposite in2='SourceGraphic'\/%3E%3CfeGaussianBlur stdDeviation='20'\/%3E%3C\/filter%3E%3Cimage width='100%25' height='100%25' x='0' y='0' preserveAspectRatio='none' style='filter: url(%23b);' href='https:\/\/images.lanouvellerepublique.fr\/image\/upload\/t_88w\/f_auto\/6964c74d1acab69a148b4567.jpg'\/%3E%3C\/svg%3E&quot;)\"   src=\"https:\/\/www.europesays.com\/fr\/wp-content\/uploads\/2026\/01\/6964c74d1acab69a148b4567.jpg\"\/><\/p>\n<p style=\"background-color:#F2F2F2;padding:5px;margin-top:0px;margin-bottom:10px\">Les agents m\u00e9tropolitains ont bloqu\u00e9 les rues menant \u00e0 la Cit\u00e9 administrative de Ch\u00e2teauroux pour emp\u00eacher les agriculteurs d\u2019y acc\u00e9der.<br \/> \u00a9 (Photo NR)<\/p>\n<p><strong>10\u00a0h\u00a050.<\/strong> Bienvenue dans ce direct pour cette nouvelle journ\u00e9e de mobilisation et protestation des agriculteurs fran\u00e7ais\u00a0contre <a target=\"_self\" href=\"https:\/\/www.lanouvellerepublique.fr\/a-la-une\/mercosur-une-majorite-qualifiee-de-pays-de-l-ue-donne-son-feu-vert-pour-une-signature-de-l-accord-1767957187\" rel=\"noopener\">la signature prochaine de l\u2019accord commercial entre l\u2019Union europ\u00e9enne et les pays sud-am\u00e9ricains du Mercosur<\/a>.<\/p>\n<p><a target=\"_self\" href=\"https:\/\/www.lanouvellerepublique.fr\/a-la-une\/mercosur-nouvelle-journee-de-mobilisation-des-agriculteurs-des-ports-vises-et-des-barrages-filtrants-installes-1768206430\" rel=\"noopener\">La journ\u00e9e a d\u00e9but\u00e9 par deux blocages sur des sites portuaires du Sud-Ouest<\/a>. Le port industriel de La Pallice, pr\u00e8s de La\u00a0Rochelle, a \u00e9t\u00e9 barr\u00e9 par des ballots de pailles, une trentaine de tracteurs et une soixantaine de manifestants \u00e0 l\u2019appel de la Coordination rurale (CR) de Charente-Maritime.<\/p>\n<p>D\u2019autres manifestants ont annonc\u00e9 bloquer lundi matin le site c\u00e9r\u00e9alier Ma\u00efsica sur le port de Bayonne (Pyr\u00e9n\u00e9es-Atlantiques), action men\u00e9e par la Conf\u00e9d\u00e9ration paysanne, le Modef et le syndicat basque ELB en d\u00e9pit d\u2019une interdiction de rassemblement annonc\u00e9e par la pr\u00e9fecture.<\/p>\n<p><strong>10\u00a0h\u00a040.<\/strong>\u00a0<a target=\"_self\" href=\"https:\/\/www.lanouvellerepublique.fr\/a-la-une\/mercosur-des-agriculteurs-mettent-en-place-un-barrage-filtrant-au-port-du-havre-pour-controler-les-produits-alimentaires-1768125755\" rel=\"noopener\">Au\u00a0Havre<\/a>, depuis dimanche, environ 150 agriculteurs avec des tracteurs ont d\u00e9cid\u00e9 d\u2019inspecter tous les camions pour \u00e9carter les produits alimentaires non conformes aux normes impos\u00e9es aux producteurs fran\u00e7ais et europ\u00e9ens.<\/p>\n<p><a target=\"_self\" href=\"https:\/\/www.lanouvellerepublique.fr\/a-la-une\/agriculteurs-en-colere-barrage-filtrant-au-port-du-havre-et-operation-sur-l-a1-1768160813\" rel=\"noopener\">Dans le Pas-de-Calais,<\/a> la CR entendait dimanche soir maintenir \u00ab\u00a0au moins jusqu\u2019\u00e0 mercredi\u00a0\u00bb le barrage filtrant que plusieurs dizaines d\u2019agriculteurs ont install\u00e9 sur l\u2019autoroute A1 dans le sens Lille-Paris, a indiqu\u00e9 Damien Salomon, copr\u00e9sident de la CR62.<\/p>\n","protected":false},"excerpt":{"rendered":"Ce direct est aliment\u00e9 par les journalistes des informations g\u00e9n\u00e9rales et nos reporters sur le terrain. 19\u00a0h\u00a008.\u00a0Vienne Nature&hellip;\n","protected":false},"author":2,"featured_media":658892,"comment_status":"","ping_status":"","sticky":false,"template":"","format":"standard","meta":{"footnotes":""},"categories":[4],"tags":[328,1392,11,327,215,2545,1011,27,329,5052,1387,4368,12,25,801,1584],"class_list":{"0":"post-658891","1":"post","2":"type-post","3":"status-publish","4":"format-standard","5":"has-post-thumbnail","7":"category-france","8":"tag-a-la-une","9":"tag-a-la-une-local","10":"tag-actualites","11":"tag-agriculture","12":"tag-commerce","13":"tag-deux-sevres","14":"tag-fr","15":"tag-france","16":"tag-france-monde","17":"tag-indre","18":"tag-indre-et-loire","19":"tag-loir-et-cher","20":"tag-news","21":"tag-republique-francaise","22":"tag-social","23":"tag-vienne"},"share_on_mastodon":{"url":"https:\/\/pubeurope.com\/@fr\/115883508572415430","error":""},"_links":{"self":[{"href":"https:\/\/www.europesays.com\/fr\/wp-json\/wp\/v2\/posts\/658891","targetHints":{"allow":["GET"]}}],"collection":[{"href":"https:\/\/www.europesays.com\/fr\/wp-json\/wp\/v2\/posts"}],"about":[{"href":"https:\/\/www.europesays.com\/fr\/wp-json\/wp\/v2\/types\/post"}],"author":[{"embeddable":true,"href":"https:\/\/www.europesays.com\/fr\/wp-json\/wp\/v2\/users\/2"}],"replies":[{"embeddable":true,"href":"https:\/\/www.europesays.com\/fr\/wp-json\/wp\/v2\/comments?post=658891"}],"version-history":[{"count":0,"href":"https:\/\/www.europesays.com\/fr\/wp-json\/wp\/v2\/posts\/658891\/revisions"}],"wp:featuredmedia":[{"embeddable":true,"href":"https:\/\/www.europesays.com\/fr\/wp-json\/wp\/v2\/media\/658892"}],"wp:attachment":[{"href":"https:\/\/www.europesays.com\/fr\/wp-json\/wp\/v2\/media?parent=658891"}],"wp:term":[{"taxonomy":"category","embeddable":true,"href":"https:\/\/www.europesays.com\/fr\/wp-json\/wp\/v2\/categories?post=658891"},{"taxonomy":"post_tag","embeddable":true,"href":"https:\/\/www.europesays.com\/fr\/wp-json\/wp\/v2\/tags?post=658891"}],"curies":[{"name":"wp","href":"https:\/\/api.w.org\/{rel}","templated":true}]}}