{"id":658893,"date":"2026-01-12T18:19:19","date_gmt":"2026-01-12T18:19:19","guid":{"rendered":"https:\/\/www.europesays.com\/fr\/658893\/"},"modified":"2026-01-12T18:19:19","modified_gmt":"2026-01-12T18:19:19","slug":"plus-de-2-500-civils-ukrainiens-ont-ete-tues-en-2025-lannee-la-plus-meurtriere-depuis-2022-selon-lonu","status":"publish","type":"post","link":"https:\/\/www.europesays.com\/fr\/658893\/","title":{"rendered":"plus de 2\u00a0500 civils ukrainiens ont \u00e9t\u00e9 tu\u00e9s en\u00a02025, \u00ab\u00a0l\u2019ann\u00e9e la plus meurtri\u00e8re\u00a0\u00bb depuis 2022, selon l\u2019ONU"},"content":{"rendered":"<br \/>\n<blockquote class=\"post__live-container--comment-blockquote\"><p>Bonjour le Monde,&#13;<br \/>\nAucune nouvelles du projet de sanctions de Lindsey Graham ?<\/p><\/blockquote>\n<p>    RaulA                        <\/p>\n<p class=\"post__live-container--answer-text post__space-node\">Vous faites sans doute r\u00e9f\u00e9rence au <a href=\"https:\/\/www.congress.gov\/bill\/119th-congress\/senate-bill\/1241\/text?s=1&amp;r=2\" target=\"_blank\" rel=\"noopener\" title=\"Nouvelle fen\u00eatre\">projet de loi<\/a> d\u00e9fendu par le s\u00e9nateur de Caroline du Sud.<\/p>\n<p class=\"post__live-container--answer-text post__space-node\"><a href=\"https:\/\/www.lemonde.fr\/international\/live\/2026\/01\/10\/en-direct-guerre-en-ukraine-reunion-d-urgence-du-conseil-de-securite-de-l-onu-lundi-apres-le-tir-d-un-missile-orechnik-contre-l-ukraine_6660486_3210.html?#id-2758232\" target=\"_blank\" rel=\"noopener\">Lindsay Graham a annonc\u00e9, jeudi<\/a>, apr\u00e8s une rencontre avec Donald Trump, avoir re\u00e7u \u00ab\u00a0le feu vert\u00a0\u00bb du pr\u00e9sident am\u00e9ricain au sujet de ce texte bipartisan (le s\u00e9nateur d\u00e9mocrate Richard Blumenthal en est le coauteur) qui introduirait de nouvelles sanctions contre la Russie.<\/p>\n<p class=\"post__live-container--answer-text post__space-node\">\u00ab\u00a0Ce texte permettra au pr\u00e9sident Trump de punir ces pays qui ach\u00e8tent du p\u00e9trole peu cher \u00e0 la Russie, ce qui contribue \u00e0 alimenter la machine de guerre de Poutine\u00a0\u00bb, assurait le s\u00e9nateur sur X. \u00ab\u00a0Il donnera au pr\u00e9sident Trump un levier consid\u00e9rable sur des pays comme la Chine, l\u2019Inde et le Br\u00e9sil pour les inciter \u00e0 cesser d\u2019acheter le p\u00e9trole russe bon march\u00e9 qui finance le bain de sang perp\u00e9tr\u00e9 par Poutine contre l\u2019Ukraine\u00a0\u00bb, poursuivait-il.<\/p>\n<p class=\"post__live-container--answer-text post__space-node\">Dans ce m\u00eame message, Lindsay Graham esp\u00e9rait \u00ab\u00a0un vote bipartisan, si possible d\u00e8s la semaine prochaine\u00a0\u00bb. Mais aucune communication n\u2019a eu lieu, depuis, \u00e0 ce sujet.<\/p>\n<p class=\"post__live-container--answer-text post__space-node\">Ce n\u2019est pas la premi\u00e8re fois que Lindsay Graham esp\u00e8re sanctionner plus s\u00e9v\u00e8rement la Russie. Jusqu\u2019\u00e0 pr\u00e9sent, la direction du Congr\u00e8s avait retard\u00e9 l\u2019examen du texte, Donald Trump ayant privil\u00e9gi\u00e9 l\u2019imposition de droits de douane sur certains produits import\u00e9s, notamment en provenance de l\u2019Inde, l\u2019un des principaux acheteurs de p\u00e9trole russe.<\/p>\n<p class=\"post__live-container--answer-text post__space-node\">\u00ab\u00a0Nous avons entendu \u00e0 plusieurs reprises que cela allait se produire \u2013\u00a0en plein \u00e9t\u00e9, \u00e0 la fin de l\u2019\u00e9t\u00e9, avant les vacances\u2026\u00a0\u00bb,<a href=\"https:\/\/censor.net\/en\/resonance\/3594639\/graham-s-bill-on-sanctions-against-russia-a-signal-from-trump-or-false-expectations\" target=\"_blank\" rel=\"noopener\" title=\"Nouvelle fen\u00eatre\"> rappelle le d\u00e9put\u00e9 ukrainien Iehor Tcherniev, au site Censor<\/a>. \u00ab\u00a0D\u2019un autre c\u00f4t\u00e9, la situation g\u00e9opolitique a \u00e9volu\u00e9. Le contexte a chang\u00e9. Nous nous rapprochons certainement de cet \u00e9v\u00e9nement, mais quant \u00e0 savoir s\u2019il aura lieu la semaine prochaine, nous verrons bien\u00a0\u00bb, d\u00e9clare-t-il.<\/p>\n","protected":false},"excerpt":{"rendered":"Bonjour le Monde,&#13; Aucune nouvelles du projet de sanctions de Lindsey Graham ? RaulA Vous faites sans doute&hellip;\n","protected":false},"author":2,"featured_media":658894,"comment_status":"","ping_status":"","sticky":false,"template":"","format":"standard","meta":{"footnotes":""},"categories":[2],"tags":[11,1011,27,12],"class_list":{"0":"post-658893","1":"post","2":"type-post","3":"status-publish","4":"format-standard","5":"has-post-thumbnail","7":"category-actualites","8":"tag-actualites","9":"tag-fr","10":"tag-france","11":"tag-news"},"share_on_mastodon":{"url":"https:\/\/pubeurope.com\/@fr\/115883511932799650","error":""},"_links":{"self":[{"href":"https:\/\/www.europesays.com\/fr\/wp-json\/wp\/v2\/posts\/658893","targetHints":{"allow":["GET"]}}],"collection":[{"href":"https:\/\/www.europesays.com\/fr\/wp-json\/wp\/v2\/posts"}],"about":[{"href":"https:\/\/www.europesays.com\/fr\/wp-json\/wp\/v2\/types\/post"}],"author":[{"embeddable":true,"href":"https:\/\/www.europesays.com\/fr\/wp-json\/wp\/v2\/users\/2"}],"replies":[{"embeddable":true,"href":"https:\/\/www.europesays.com\/fr\/wp-json\/wp\/v2\/comments?post=658893"}],"version-history":[{"count":0,"href":"https:\/\/www.europesays.com\/fr\/wp-json\/wp\/v2\/posts\/658893\/revisions"}],"wp:featuredmedia":[{"embeddable":true,"href":"https:\/\/www.europesays.com\/fr\/wp-json\/wp\/v2\/media\/658894"}],"wp:attachment":[{"href":"https:\/\/www.europesays.com\/fr\/wp-json\/wp\/v2\/media?parent=658893"}],"wp:term":[{"taxonomy":"category","embeddable":true,"href":"https:\/\/www.europesays.com\/fr\/wp-json\/wp\/v2\/categories?post=658893"},{"taxonomy":"post_tag","embeddable":true,"href":"https:\/\/www.europesays.com\/fr\/wp-json\/wp\/v2\/tags?post=658893"}],"curies":[{"name":"wp","href":"https:\/\/api.w.org\/{rel}","templated":true}]}}