{"id":658895,"date":"2026-01-12T18:20:16","date_gmt":"2026-01-12T18:20:16","guid":{"rendered":"https:\/\/www.europesays.com\/fr\/658895\/"},"modified":"2026-01-12T18:20:16","modified_gmt":"2026-01-12T18:20:16","slug":"accident-entre-le-tgv-saint-etienne","status":"publish","type":"post","link":"https:\/\/www.europesays.com\/fr\/658895\/","title":{"rendered":"Accident entre le TGV Saint-Etienne"},"content":{"rendered":"<p>                    Par<br \/>\n        <strong><br \/>\n            <a href=\"https:\/\/actu.fr\/auteur\/mathias-souteyrat\" title=\"Consulter tous les articles de Mathias Souteyrat\" target=\"_blank\" rel=\"noopener\">Mathias Souteyrat<\/a><br \/>\n                    <\/strong><\/p>\n<p>        Publi\u00e9 le<\/p>\n<p>            12 janv. 2026 \u00e0 17h25        <\/p>\n<p>Les <a href=\"https:\/\/actu.fr\/auvergne-rhone-alpes\/saint-romain-en-gier_69236\/video-le-tgv-sncf-saint-etienne-paris-percute-une-voiture-des-images-impressionnantes_63669137.html\" target=\"_blank\" rel=\"noopener\">images impressionnantes<\/a> ont fait le tour de la France. Le jeudi 8 janvier vers 7 heures du matin,<a href=\"https:\/\/actu.fr\/auvergne-rhone-alpes\/saint-etienne_42218\/un-tgv-percute-une-voiture-la-ligne-sncf-interrompue-entre-saint-etienne-et-lyon_63667680.html\" target=\"_blank\" rel=\"noopener\"> un TGV au d\u00e9part de Saint-Etienne en direction de Paris<\/a>, en passant par <a href=\"https:\/\/actu.fr\/lyon\/\" target=\"_blank\" rel=\"noopener\">Lyon<\/a>, a percut\u00e9 un v\u00e9hicule sur le passage \u00e0 niveau de la commune de <a href=\"https:\/\/actu.fr\/auvergne-rhone-alpes\/saint-romain-en-gier_69236\" target=\"_blank\" rel=\"noopener\">Saint-Romain-en-Gier<\/a> (Rh\u00f4ne) entre Rive-de-Gier et Givors. Contact\u00e9e, la <a href=\"https:\/\/actu.fr\/tag\/tgv\" target=\"_blank\" rel=\"noopener\">SNCF<\/a> nous en dit plus ce 12 janvier sur cet accident spectaculaire et les mesures prises.<\/p>\n<p>Une enqu\u00eate en cours<\/p>\n<p class=\" wall-content\">Une enqu\u00eate est en cours. Les conclusions sont attendues. Certains commentaires d\u2019internautes bien avertis \u00e9voquent une glissade de l\u2019utilitaire sur les rails, \u00e0 cause du verglas et de la neige du jour. L\u2019homme aurait pr\u00e9venu les agents SNCF avec le t\u00e9l\u00e9phone du passage \u00e0 niveau.<\/p>\n<p class=\" wall-content\">Pour rappel, il n\u2019y a pas eu de bless\u00e9.<\/p>\n<p class=\" wall-content\">\n<p class=\" wall-content\">\u00ab\u2009Ses conclusions elles-seules nous permettront, de mani\u00e8re fiable, de d\u00e9terminer\u00a0pr\u00e9cis\u00e9ment ce qui s\u2019est produit\u2009\u00bb, temp\u00e8re la Soci\u00e9t\u00e9 nationale des chemins de fer fran\u00e7ais.<\/p>\n<p>Un passage \u00e0 niveau sous surveillance<\/p>\n<p class=\" wall-content\">Il y a trois passages \u00e0 niveau entre Saint-Etienne et Givors, nous pr\u00e9cise une source bien inform\u00e9e. Celui-ci est-il dangereux\u2009?<\/p>\n<blockquote class=\"ac-article-quote wall-content\">\n<p>Ce passage \u00e0 niveau a \u00e9t\u00e9 inscrit au Programme de S\u00e9curisation National suite \u00e0 une demande de la pr\u00e9fecture, en raison des incidents qui s&rsquo;y sont produits au cours de ces derni\u00e8res ann\u00e9es et de sa configuration particuli\u00e8re. A noter que les incidents en question concernaient uniquement des heurts d&rsquo;installation (bris de barri\u00e8res par exemple).<br \/>\nLe Programme de S\u00e9curisation National d\u00e9finit les passages \u00e0 niveau qui doivent \u00eatre am\u00e9nag\u00e9s en priorit\u00e9.<\/p>\n<p>    <strong>SNCF<\/strong>\n            <\/p><\/blockquote>\n<p class=\" wall-content\">\u00ab\u2009Il serait inexact de consid\u00e9rer ce passage \u00e0 niveau comme un des plus dangereux de France. L\u2019accident qui a eu lieu jeudi est la premi\u00e8re collision entre un train et un v\u00e9hicule sur ce passage \u00e0 niveau.\u2009\u00bb<\/p>\n<p>Votre r\u00e9gion, votre actu !<\/p>\n<p>Recevez chaque jour les infos qui comptent pour vous.<\/p>\n<p>\t<a href=\"https:\/\/actu.fr\/newsletter\" class=\"ac-btn ac-btn--corner ac-btn--medium ac-btn--blue800\" target=\"_blank\" rel=\"noopener\">S&rsquo;incrire<\/a><br \/>\nLes r\u00e8gles devant un passage \u00e0 niveau<\/p>\n<p>Bien que s\u00e9curis\u00e9s, les passages \u00e0 niveau sont des points sensibles du r\u00e9seau ferr\u00e9 o\u00f9 l\u2019on observe des comportements \u00e0 risque des usagers de la route : exc\u00e8s de confiance, distraction, passage en chicane, non-arr\u00eat au feu rouge ou au stop. Le non-respect du code de la route est la premi\u00e8re cause d\u2019accident aux passages \u00e0 niveau. C\u2019est un des axes majeurs de la politique s\u00e9curit\u00e9 de SNCF R\u00e9seau qui rappelle tout au long de l\u2019ann\u00e9e les r\u00e8gles \u00e0 respecter lors de nombreuses interventions de sensibilisation organis\u00e9es sur le terrain :<br \/>R\u00e8gle n\u00b0 1 : Je ralentis d\u00e8s mon approche de la barri\u00e8re : il y a des panneaux qui l\u2019annoncent \u00e0 150 m, \u00e0 100 m et \u00e0 50 m.<br \/>R\u00e8gle n\u00b0 2 : Je ne traverse pas si la route juste devant moi est encombr\u00e9e. Les rails ne doivent \u00eatre franchis que si la voie routi\u00e8re en face est d\u00e9gag\u00e9e. Je ne m\u2019arr\u00eate jamais sur la voie ferr\u00e9e.<br \/>R\u00e8gle n\u00b0 3 : Je m\u2019arr\u00eate au stop ou d\u00e8s que le feu rouge clignote car je n\u2019ai pas le temps de passer, m\u00eame en acc\u00e9l\u00e9rant (et le train est prioritaire !). Feu rouge clignotant = arr\u00eat absolu pour tous les v\u00e9hicules, y compris ceux d\u2019urgence.<br \/>R\u00e8gle n\u00b0 4 : j\u2019attends (quelques minutes maximum) l\u2019arr\u00eat du feu rouge clignotant et l\u2019ouverture compl\u00e8te des barri\u00e8res pour red\u00e9marrer. Attention : si les barri\u00e8res restent baiss\u00e9es, cela peut signifier qu\u2019un autre train est \u00e0 l\u2019approche. Patientez !<br \/>R\u00e8gle n\u00b0 5 : J\u2019alerte ! En cas de probl\u00e8me (v\u00e9hicule immobilis\u00e9 sur les voies, barri\u00e8res ferm\u00e9es trop longtemps, barri\u00e8re endommag\u00e9e&#8230;), j\u2019utilise le t\u00e9l\u00e9phone orange d\u2019alerte et d\u2019urgence situ\u00e9 \u00e0 proximit\u00e9 du passage \u00e0 niveau. Un agent de la SNCF m\u2019indiquera la marche \u00e0 suivre pour que les op\u00e9rateurs de la SNCF puissent rapidement stopper les trains.<\/p>\n<p>Une configuration particuli\u00e8re, enclav\u00e9e dans le tissu urbain<\/p>\n<p class=\" wall-content\">D\u2019apr\u00e8s la SNCF, \u00ab\u2009la configuration de la voirie \u00e0 cet endroit est particuli\u00e8re, en pente vers le passage \u00e0 niveau, <strong>en double-courbe avant et apr\u00e8s<\/strong>, et enclav\u00e9e dans le tissu urbain et une voirie \u00e9troite\u2009\u00bb.<\/p>\n<p class=\" wall-content\">Son acc\u00e8s est interdit aux v\u00e9hicules de type poids lourds. Toutefois, les agents SNCF rel\u00e8vent r\u00e9guli\u00e8rement des franchissements par des camions malgr\u00e9 l\u2019interdiction (5 poids lourds par 24h selon les comptages r\u00e9alis\u00e9s par la SNCF en novembre 2024).<\/p>\n<p>Des mesures prises<\/p>\n<p class=\" wall-content\">Des travaux d\u2019am\u00e9nagement sont en cours en collaboration avec le D\u00e9partement du Rh\u00f4ne car ce passage \u00e0 niveau \u00e9tant situ\u00e9 sur une route d\u00e9partementale. Ce chantier permettra d\u2019am\u00e9liorer le franchissement du passage.<\/p>\n<p class=\" wall-content\"><strong>De plus, des feux tricolores de carrefour<\/strong> vont \u00eatre mis en place afin de r\u00e9guler au mieu le trafic et de davantage s\u00e9curiser ce franchissement.<\/p>\n<p class=\" wall-content\">Personnalisez votre actualit\u00e9 en ajoutant vos villes et m\u00e9dias en favori avec <a href=\"https:\/\/moncompte.actu.fr\" title=\"D\u00e9couvez Mon Actu\" rel=\"nofollow noopener\" data-trk=\"{&quot;cta&quot;:{&quot;action&quot;:&quot;https:\\\/\\\/moncompte.actu.fr&quot;,&quot;category&quot;:&quot;mon compte&quot;,&quot;from&quot;:&quot;article footer&quot;,&quot;name&quot;:&quot;Mon actu&quot;,&quot;type&quot;:&quot;cta&quot;}}\" target=\"_blank\">Mon Actu<\/a>.<\/p>\n","protected":false},"excerpt":{"rendered":"Par Mathias Souteyrat Publi\u00e9 le 12 janv. 2026 \u00e0 17h25 Les images impressionnantes ont fait le tour de&hellip;\n","protected":false},"author":2,"featured_media":658896,"comment_status":"","ping_status":"","sticky":false,"template":"","format":"standard","meta":{"footnotes":""},"categories":[9653],"tags":[119,1111,11,2430,1777,674,1011,27,12,25,4001,2215,104,2214],"class_list":{"0":"post-658895","1":"post","2":"type-post","3":"status-publish","4":"format-standard","5":"has-post-thumbnail","7":"category-saint-etienne","8":"tag-accident","9":"tag-actu","10":"tag-actualites","11":"tag-auvergne-rhone-alpes","12":"tag-eu","13":"tag-europe","14":"tag-fr","15":"tag-france","16":"tag-news","17":"tag-republique-francaise","18":"tag-saint-etienne","19":"tag-sncf","20":"tag-societe","21":"tag-tgv"},"share_on_mastodon":{"url":"https:\/\/pubeurope.com\/@fr\/115883515836938221","error":""},"_links":{"self":[{"href":"https:\/\/www.europesays.com\/fr\/wp-json\/wp\/v2\/posts\/658895","targetHints":{"allow":["GET"]}}],"collection":[{"href":"https:\/\/www.europesays.com\/fr\/wp-json\/wp\/v2\/posts"}],"about":[{"href":"https:\/\/www.europesays.com\/fr\/wp-json\/wp\/v2\/types\/post"}],"author":[{"embeddable":true,"href":"https:\/\/www.europesays.com\/fr\/wp-json\/wp\/v2\/users\/2"}],"replies":[{"embeddable":true,"href":"https:\/\/www.europesays.com\/fr\/wp-json\/wp\/v2\/comments?post=658895"}],"version-history":[{"count":0,"href":"https:\/\/www.europesays.com\/fr\/wp-json\/wp\/v2\/posts\/658895\/revisions"}],"wp:featuredmedia":[{"embeddable":true,"href":"https:\/\/www.europesays.com\/fr\/wp-json\/wp\/v2\/media\/658896"}],"wp:attachment":[{"href":"https:\/\/www.europesays.com\/fr\/wp-json\/wp\/v2\/media?parent=658895"}],"wp:term":[{"taxonomy":"category","embeddable":true,"href":"https:\/\/www.europesays.com\/fr\/wp-json\/wp\/v2\/categories?post=658895"},{"taxonomy":"post_tag","embeddable":true,"href":"https:\/\/www.europesays.com\/fr\/wp-json\/wp\/v2\/tags?post=658895"}],"curies":[{"name":"wp","href":"https:\/\/api.w.org\/{rel}","templated":true}]}}