{"id":658898,"date":"2026-01-12T18:22:11","date_gmt":"2026-01-12T18:22:11","guid":{"rendered":"https:\/\/www.europesays.com\/fr\/658898\/"},"modified":"2026-01-12T18:22:11","modified_gmt":"2026-01-12T18:22:11","slug":"grand-nancy-le-centre-de-soins-immediats-en-greve-et-ferme-a-essey-vers-une-reconduction","status":"publish","type":"post","link":"https:\/\/www.europesays.com\/fr\/658898\/","title":{"rendered":"Grand Nancy. Le centre de soins imm\u00e9diats en gr\u00e8ve et ferm\u00e9 \u00e0 Essey : vers une reconduction ?"},"content":{"rendered":"<p>Porte close et r\u00e9pondeur t\u00e9l\u00e9phonique en boucle toute la journ\u00e9e, ce lundi 12\u00a0janvier, au CMSI d\u2019Essey-l\u00e8s-Nancy. Les professionnels de sant\u00e9 du <a href=\"https:\/\/www.estrepublicain.fr\/sante\/2024\/11\/28\/le-centre-medical-de-soins-immediats-(cmsi)-d-essey-les-nancy-une-alternative-qui-semble-gagner-du-terrain\" target=\"_blank\" rel=\"noopener\">Centre m\u00e9dical de soins imm\u00e9diats<\/a> (20 m\u00e9decins et autant d\u2019infirmiers), assurant quelque 170 \u00e0 180 consultations quotidiennes actuellement, ont en effet cess\u00e9 le travail, \u00e0 l\u2019instar de nombre de leurs confr\u00e8res partout en France. Engag\u00e9 la semaine derni\u00e8re <a href=\"https:\/\/www.estrepublicain.fr\/sante\/2026\/01\/06\/greve-des-medecins-la-continuite-des-soins-est-assuree\" target=\"_blank\" rel=\"noopener\">par les m\u00e9decins lib\u00e9raux,<\/a> le mouvement de gr\u00e8ve et de contestation se durcit en effet, le secteur priv\u00e9 embo\u00eetant m\u00eame le pas. Une col\u00e8re n\u00e9e de la nouvelle loi de financement de la s\u00e9curit\u00e9 sociale.<\/p>\n<p>\u00ab\u00a0On souhaite que le gouvernement retrouve la raison, agisse pour le peuple et pour les patients et non pas pour des raisons \u00e9lectoralistes\u00a0\u00bb, d\u00e9plorait ce lundi apr\u00e8s-midi <a href=\"https:\/\/www.estrepublicain.fr\/edition-de-nancy-agglomeration\/2019\/02\/05\/essey-les-nancy-le-cmsi-une-alternative-aux-services-des-urgences\" target=\"_blank\" rel=\"noopener\">Lo\u00efc Libot, m\u00e9decin urgentiste \u00e0 l\u2019origine de ce CMSI,<\/a> une structure ayant d\u2019ailleurs essaim\u00e9 dans d\u2019autres villes de France.<\/p>\n<p>  Garantir une qualit\u00e9 de soins<\/p>\n<p>Annon\u00e7ant ce lundi sa fermeture sur sa page Facebook, le CMSI (cr\u00e9\u00e9 en <a href=\"https:\/\/www.estrepublicain.fr\/sante\/2022\/01\/15\/le-centre-medical-de-soins-immediats-s-installe-au-pole-medical-pasteur-kleber\" target=\"_blank\" rel=\"noopener\">2012<\/a> \u00a0et agissant comme une alternative aux Urgences du CHRU) expliquait pr\u00e9cis\u00e9ment que cette \u00ab\u00a0d\u00e9cision difficile (NDLR\u00a0: de fermer) fait suite au silence des autorit\u00e9s de tutelle malgr\u00e9 une mobilisation historique. Nous nous battons aujourd\u2019hui pour\u00a0: garantir la qualit\u00e9 et la s\u00e9curit\u00e9 de vos soins, actuellement menac\u00e9es par des mesures coercitives et un manque d\u2019anticipation des pouvoirs publics\u00a0; pour pr\u00e9server un syst\u00e8me de sant\u00e9 de proximit\u00e9, loin d\u2019une r\u00e9gulation \u00e9tatique totale qui met votre prise en charge en p\u00e9ril\u00a0; et pour redonner du sens \u00e0 notre profession pour que les soignants de demain puissent continuer \u00e0 vous accueillir dans des conditions dignes\u00a0\u00bb.<\/p>\n<p>  \u00ab\u00a0On a l\u2019impression d\u2019\u00eatre m\u00e9pris\u00e9s\u00a0\u00bb<\/p>\n<p>Juste avant de se r\u00e9unir avec ses coll\u00e8gues en soir\u00e9e pour d\u00e9cider d\u2019une \u00e9ventuelle reconduction de cette gr\u00e8ve ce mardi (voire ce mercredi), Lo\u00efc Libot soulignait encore\u00a0: \u00ab\u00a0On ne peut pas r\u00e9gler 30 ann\u00e9es de d\u00e9sh\u00e9rence budg\u00e9taire en\u00a0instrumentalisant les m\u00e9decins et en leur demandant de faire la police. C\u2019est au gouvernement et aux instances d\u2019organiser des contr\u00f4les s\u2019il y a des abus, par exemple en termes d\u2019arr\u00eats de travail. L\u00e0, les professionnels de sant\u00e9 ont l\u2019impression d\u2019\u00eatre m\u00e9pris\u00e9s, et avec cette strat\u00e9gie de la carotte et du b\u00e2ton, le gouvernement risque de provoquer l\u2019effondrement de la m\u00e9decine lib\u00e9rale. Et par ricochets, de tout le syst\u00e8me puisque l\u2019h\u00f4pital, derri\u00e8re, devra absorber l\u2019activit\u00e9.\u00a0\u00bb<\/p>\n<p>Ce dimanche, apr\u00e8s avoir act\u00e9 leur gr\u00e8ve, les soignants du CMSI avaient pr\u00e9venu les Urgences du CHRU des cons\u00e9quences potentielles, \u00e0 savoir un afflux suppl\u00e9mentaire de patients.<\/p>\n","protected":false},"excerpt":{"rendered":"Porte close et r\u00e9pondeur t\u00e9l\u00e9phonique en boucle toute la journ\u00e9e, ce lundi 12\u00a0janvier, au CMSI d\u2019Essey-l\u00e8s-Nancy. Les professionnels&hellip;\n","protected":false},"author":2,"featured_media":658899,"comment_status":"","ping_status":"","sticky":false,"template":"","format":"standard","meta":{"footnotes":""},"categories":[9635],"tags":[1111,11,1704,1777,674,1011,27,775,1702,1703,12,25,71],"class_list":{"0":"post-658898","1":"post","2":"type-post","3":"status-publish","4":"format-standard","5":"has-post-thumbnail","7":"category-nancy","8":"tag-actu","9":"tag-actualites","10":"tag-edition-nancy-et-agglomeration","11":"tag-eu","12":"tag-europe","13":"tag-fr","14":"tag-france","15":"tag-grand-est","16":"tag-nancy","17":"tag-nancy-ville-54b","18":"tag-news","19":"tag-republique-francaise","20":"tag-sante"},"share_on_mastodon":{"url":"https:\/\/pubeurope.com\/@fr\/115883523742053312","error":""},"_links":{"self":[{"href":"https:\/\/www.europesays.com\/fr\/wp-json\/wp\/v2\/posts\/658898","targetHints":{"allow":["GET"]}}],"collection":[{"href":"https:\/\/www.europesays.com\/fr\/wp-json\/wp\/v2\/posts"}],"about":[{"href":"https:\/\/www.europesays.com\/fr\/wp-json\/wp\/v2\/types\/post"}],"author":[{"embeddable":true,"href":"https:\/\/www.europesays.com\/fr\/wp-json\/wp\/v2\/users\/2"}],"replies":[{"embeddable":true,"href":"https:\/\/www.europesays.com\/fr\/wp-json\/wp\/v2\/comments?post=658898"}],"version-history":[{"count":0,"href":"https:\/\/www.europesays.com\/fr\/wp-json\/wp\/v2\/posts\/658898\/revisions"}],"wp:featuredmedia":[{"embeddable":true,"href":"https:\/\/www.europesays.com\/fr\/wp-json\/wp\/v2\/media\/658899"}],"wp:attachment":[{"href":"https:\/\/www.europesays.com\/fr\/wp-json\/wp\/v2\/media?parent=658898"}],"wp:term":[{"taxonomy":"category","embeddable":true,"href":"https:\/\/www.europesays.com\/fr\/wp-json\/wp\/v2\/categories?post=658898"},{"taxonomy":"post_tag","embeddable":true,"href":"https:\/\/www.europesays.com\/fr\/wp-json\/wp\/v2\/tags?post=658898"}],"curies":[{"name":"wp","href":"https:\/\/api.w.org\/{rel}","templated":true}]}}