{"id":658900,"date":"2026-01-12T18:23:13","date_gmt":"2026-01-12T18:23:13","guid":{"rendered":"https:\/\/www.europesays.com\/fr\/658900\/"},"modified":"2026-01-12T18:23:13","modified_gmt":"2026-01-12T18:23:13","slug":"voeux-du-maire-de-nancy-mathieu-klein-la-sagesse-avant-le-combat","status":"publish","type":"post","link":"https:\/\/www.europesays.com\/fr\/658900\/","title":{"rendered":"Voeux du maire de Nancy. Mathieu Klein, la sagesse avant le combat"},"content":{"rendered":"<p>Le rendez-vous dans le grand hall de l\u2019h\u00f4tel de ville en a surpris plus d\u2019un. Les v\u0153ux de Mathieu Klein, en tant que maire de Nancy s\u2019\u00e9taient toujours tenus hors les murs. Et m\u00eame en virtuel lors des deux premi\u00e8res \u00e9ditions, pour cause de crise sanitaire. Puis ce fut en 2023, le d\u00e9cor bucolique du parc Sainte Marie. L\u2019ann\u00e9e suivante, l\u2019ambiance post-industrielle de la grande halle Alstom. L\u2019an dernier, le cadre flambant neuf d\u2019une caserne de pompiers tout juste inaugur\u00e9e. 2026 affiche une hauteur sous plafond sans pr\u00e9c\u00e9dent. Tant pis si le hall d\u2019accueil du public de la mairie peut appara\u00eetre un peu froid, tout est dans le symbole, celui de la proximit\u00e9 et du service public.\u00a0Le maire joue \u00e0 domicile et s\u2019en explique d\u00e8s le d\u00e9but de son allocution devant un parterre de plus de 900 personnes, constitu\u00e9 comme d\u2019habitude de soutiens plus que d\u2019opposants, aucun \u00e9lu de l\u2019opposition en vue dans la salle.<\/p>\n<p>Le bilan malgr\u00e9 tout<\/p>\n<p>\u00ab\u00a0La conjonction des v\u0153ux du maire et des \u00e9lections municipales va encadrer mon propos de ce jour de telle sorte que je ne vais pas beaucoup pouvoir vous parler d\u2019hier, si ce n\u2019est 2025, et certainement pas vous parler de demain. Donc, nous allons essayer d\u2019\u00e9changer autour d\u2019aujourd\u2019hui.\u00a0\u00bb Exercice d\u2019\u00e9quilibriste pour le maire sortant qui aura certainement privil\u00e9gi\u00e9 la forme d\u2019un d\u00e9cor somptueux sur le fond d\u2019un propos engag\u00e9. Car la loi lui interdit de profiter de cet instant pour \u00e9voquer tout bilan ou programme. C\u00f4t\u00e9 bilan, Mathieu Klein s\u2019autorise tout de m\u00eame un bref retour sur l\u2019ann\u00e9e\u00a0\u00e9coul\u00e9e\u00a0: \u00ab\u00a02025 a \u00e9t\u00e9 une ann\u00e9e de concr\u00e9tisations\u00a0\u00bb, \u00e9voquant la mise en \u0153uvre du trolley, la v\u00e9g\u00e9talisation, l\u2019ouverture de la Maison de femmes ou la c\u00e9l\u00e9bration des 80 ans de la Lib\u00e9ration. Sans anticiper sur la campagne \u00e9lectorale \u00e0 venir \u2013 dans laquelle la s\u00e9curit\u00e9 devrait occuper une place de choix \u2013 il a rappel\u00e9 que l\u2019ann\u00e9e \u00e9coul\u00e9e avait \u00e9t\u00e9 celle \u00ab\u00a0d\u2019un rappel\u00a0\u00e0 l\u2019ordre\u00a0\u00bb, notamment suite aux incivilit\u00e9s provoqu\u00e9es par des groupes de jeunes en centre-ville. \u00ab\u00a0Nous avons re\u00e7u une quarantaine de jeunes avec leurs parents pour leur rappeler, en rendez-vous individuel, ce que signifiait vivre ensemble, le respect de la tranquillit\u00e9 publique, le respect de la loi et les difficult\u00e9s auxquelles ils pouvaient s\u2019exposer. Alors c\u2019est un moment qui pouvait \u00eatre un peu intimidant pour eux, \u00e7a l\u2019a parfois \u00e9t\u00e9, mais c\u2019\u00e9tait un moment tr\u00e8s f\u00e9cond, parce que cela permet aussi de rappeler \u00e0 chacun sa responsabilit\u00e9.\u00a0\u00bb<\/p>\n<p>Le rappel des valeurs<\/p>\n<p>Faute de pouvoir s\u2019\u00e9tendre sur la question municipale, Mathieu Klein choisit le moment pour prendre de la hauteur et d\u2019\u00e9voquer le contexte international. Il est coutumier de cette prise de recul \u2013 parfois m\u00eame en pr\u00e9ambule des conseils municipaux. Un exercice qu\u2019il affectionne sans le rendre trop indigeste. En ce mois de janvier\u00a02026, la mati\u00e8re ne manque pas. Il \u00e9voque Poutine, Trump, l\u2019Ukraine, la Chine, Ta\u00efwan, le Venezuela. Et se place d\u2019un point de vue europ\u00e9en, historique. Comme pour rappeler que les \u00e9vidences sont parfois bonnes \u00e0 rappeler. \u00ab\u00a0M\u00eame si nous sommes les derniers dans le monde \u00e0 d\u00e9fendre l\u2019id\u00e9e que l\u2019affrontement des empires conduit \u00e0 l\u2019extinction de l\u2019humanit\u00e9 et que seuls le droit international, le respect d\u2019autrui, peut-\u00eatre qu\u2019une r\u00e8gle commune est partag\u00e9e, nous devons le d\u00e9fendre, y compris en m\u00e9moire de celles et ceux qui, il y a 80 ans, \u00e0 l\u2019issue de la Seconde Guerre mondiale, ont fond\u00e9 un ordre international menac\u00e9. Nous devons arr\u00eater de croire que ces valeurs sont des valeurs d\u00e9su\u00e8tes, pass\u00e9es de mode, ou qui veulent juste \u00eatre enseign\u00e9es dans les livres d\u2019histoire.\u00a0\u00bb Certains \u00e9lus ont coutume d\u2019attendre la c\u00e9r\u00e9monie avec impatience. L\u2019occasion souvent de distribuer les bons points, de bl\u00e2mer les absents, de glorifier un bilan et de glisser un ou deux points d\u2019un programme \u00e0 venir. Bref, une bonne affaire entre une galette et un verre de mousseux. Pour d\u2019autres, dont Mathieu Klein, c\u2019est un exercice oblig\u00e9, une courtoisie r\u00e9publicaine qu\u2019il faut savoir rendre symbolique pour lui donner du relief. Ces v\u0153ux 2026 \u00e9taient donc assez p\u00e9rilleux. Sans annonce de candidature \u2013 beaucoup l\u2019esp\u00e9raient ce jour-l\u00e0 sans trop y croire \u2013 le rendez-vous n\u2019aura pas \u00e9t\u00e9 d\u2019une grande intensit\u00e9. Reste \u00e0 esp\u00e9rer que cette \u00e9conomie d\u2019\u00e9nergie nous r\u00e9serve une campagne municipale au moins aussi chaude que la soupe servie aux convives \u00e0 l\u2019issue des v\u0153ux dans le grand hall. Le champagne dans les grands salons \u00e9tant r\u00e9serv\u00e9 pour une \u00e9ventuelle victoire en mars prochain\u00a0?<\/p>\n","protected":false},"excerpt":{"rendered":"Le rendez-vous dans le grand hall de l\u2019h\u00f4tel de ville en a surpris plus d\u2019un. Les v\u0153ux de&hellip;\n","protected":false},"author":2,"featured_media":658901,"comment_status":"","ping_status":"","sticky":false,"template":"","format":"standard","meta":{"footnotes":""},"categories":[9635],"tags":[1111,11,1777,674,1011,27,775,1702,12,25],"class_list":{"0":"post-658900","1":"post","2":"type-post","3":"status-publish","4":"format-standard","5":"has-post-thumbnail","7":"category-nancy","8":"tag-actu","9":"tag-actualites","10":"tag-eu","11":"tag-europe","12":"tag-fr","13":"tag-france","14":"tag-grand-est","15":"tag-nancy","16":"tag-news","17":"tag-republique-francaise"},"share_on_mastodon":{"url":"https:\/\/pubeurope.com\/@fr\/115883527603472780","error":""},"_links":{"self":[{"href":"https:\/\/www.europesays.com\/fr\/wp-json\/wp\/v2\/posts\/658900","targetHints":{"allow":["GET"]}}],"collection":[{"href":"https:\/\/www.europesays.com\/fr\/wp-json\/wp\/v2\/posts"}],"about":[{"href":"https:\/\/www.europesays.com\/fr\/wp-json\/wp\/v2\/types\/post"}],"author":[{"embeddable":true,"href":"https:\/\/www.europesays.com\/fr\/wp-json\/wp\/v2\/users\/2"}],"replies":[{"embeddable":true,"href":"https:\/\/www.europesays.com\/fr\/wp-json\/wp\/v2\/comments?post=658900"}],"version-history":[{"count":0,"href":"https:\/\/www.europesays.com\/fr\/wp-json\/wp\/v2\/posts\/658900\/revisions"}],"wp:featuredmedia":[{"embeddable":true,"href":"https:\/\/www.europesays.com\/fr\/wp-json\/wp\/v2\/media\/658901"}],"wp:attachment":[{"href":"https:\/\/www.europesays.com\/fr\/wp-json\/wp\/v2\/media?parent=658900"}],"wp:term":[{"taxonomy":"category","embeddable":true,"href":"https:\/\/www.europesays.com\/fr\/wp-json\/wp\/v2\/categories?post=658900"},{"taxonomy":"post_tag","embeddable":true,"href":"https:\/\/www.europesays.com\/fr\/wp-json\/wp\/v2\/tags?post=658900"}],"curies":[{"name":"wp","href":"https:\/\/api.w.org\/{rel}","templated":true}]}}