{"id":658912,"date":"2026-01-12T18:29:10","date_gmt":"2026-01-12T18:29:10","guid":{"rendered":"https:\/\/www.europesays.com\/fr\/658912\/"},"modified":"2026-01-12T18:29:10","modified_gmt":"2026-01-12T18:29:10","slug":"condamne-jusquen-2050-et-schizophrene-il-tente-de-sevader-a-rouen-pour-voir-sa-grand-mere-decedee","status":"publish","type":"post","link":"https:\/\/www.europesays.com\/fr\/658912\/","title":{"rendered":"Condamn\u00e9 jusqu&rsquo;en 2050 et schizophr\u00e8ne, il tente de s&rsquo;\u00e9vader \u00e0 Rouen pour voir sa grand-m\u00e8re d\u00e9c\u00e9d\u00e9e"},"content":{"rendered":"<p>                    Par<br \/>\n        <strong><br \/>\n            <a href=\"https:\/\/actu.fr\/auteur\/mathieu-charre\" title=\"Consulter tous les articles de Mathieu Charr\u00e9\" target=\"_blank\" rel=\"noopener\">Mathieu Charr\u00e9<\/a><br \/>\n                    <\/strong><\/p>\n<p>        Publi\u00e9 le<\/p>\n<p>            12 janv. 2026 \u00e0 17h37        <\/p>\n<p>Il a voulu <strong>s\u2019\u00e9vader pour retrouver sa grand-m\u00e8re d\u00e9c\u00e9d\u00e9e<\/strong>. Lundi 12\u00a0janvier 2026 au tribunal judiciaire de <a href=\"https:\/\/actu.fr\/normandie\/rouen_76540\" target=\"_blank\" rel=\"noopener\">Rouen<\/a>, un d\u00e9tenu incarc\u00e9r\u00e9 \u00e0 la prison Bonne-Nouvelle, au <strong>lourd pass\u00e9 judiciaire<\/strong>, comparaissait pour une tentative d\u2019\u00e9vasion dat\u00e9e du 8\u00a0novembre 2025.<\/p>\n<p>Une \u00e9vasion pour retrouver sa grand-m\u00e8re d\u00e9c\u00e9d\u00e9e<\/p>\n<p class=\" wall-content\">Ce samedi-l\u00e0, d\u2019apr\u00e8s l\u2019enqu\u00eate administrative d\u00e9coulant des faits, le d\u00e9tenu est incarc\u00e9r\u00e9 \u00e0 l\u2019unit\u00e9 hospitali\u00e8re de Bonne-Nouvelle, o\u00f9 il tente plusieurs fois de partir en promenade avec plusieurs pantalons et serviettes sur lui. Une fois ces affaires confisqu\u00e9es, il est finalement autoris\u00e9 \u00e0 prendre l\u2019air. \u00c0 l\u2019\u00e9poque, des travaux de toiture ont lieu \u00e0 la maison d\u2019arr\u00eat, et <strong>des palissades sont \u00e9rig\u00e9es dans la cour<\/strong>.<\/p>\n<p class=\" wall-content\">C\u2019est une autre serviette, trouv\u00e9e dans cette cour, qui aurait permis au d\u00e9tenu de <strong>passer une premi\u00e8re palissade<\/strong> en se prot\u00e9geant des barbel\u00e9s. Une deuxi\u00e8me palissade franchie, le voil\u00e0 sur le chemin de ronde, o\u00f9 <strong>un surveillant constate sa pr\u00e9sence et d\u00e9clenche l\u2019alarme<\/strong> pour tentative d\u2019\u00e9vasion.<\/p>\n<p class=\" wall-content\">La vid\u00e9osurveillance et le t\u00e9moignage d\u2019autres pr\u00e9venus confirmeront le d\u00e9roulement des faits. \u00c0 ce surveillant qui l\u2019a rep\u00e9r\u00e9, le d\u00e9tenu aurait d\u00e9clar\u00e9 <strong>avoir r\u00eav\u00e9 de sa grand-m\u00e8re<\/strong>, qu\u2019il souhaite aller voir <strong>depuis qu\u2019un co-d\u00e9tenu lui a annonc\u00e9 sa mort<\/strong>, d\u00e9clenchant son envie de s\u2019\u00e9chapper.<\/p>\n<p>Un lourd pass\u00e9 judiciaire et des troubles schizophr\u00e9niques<\/p>\n<p class=\" wall-content\">Fran\u00e7ais d\u2019outre-mer, c\u00e9libataire et sans enfants \u00e0 40\u00a0ans, le d\u00e9tenu est <strong>un multi-r\u00e9cidiviste<\/strong>, condamn\u00e9 neuf fois entre\u00a02005 et\u00a02023, dont <strong>trois fois pour des faits de viol<\/strong>. En l\u2019\u00e9tat, <strong>sa fin de peine est estim\u00e9e pour avril\u00a02050<\/strong>. Faut-il l\u2019alourdir apr\u00e8s cette tentative d\u2019\u00e9vasion manqu\u00e9e\u2009? Et surtout, <strong>\u00e9tait-il conscient de ses actes<\/strong> ce 8\u00a0novembre\u2009?<\/p>\n<p class=\" wall-content\">Une expertise psychiatrique r\u00e9alis\u00e9e sur le d\u00e9tenu lui pr\u00eate \u00ab<strong>\u2009des troubles schizophr\u00e9niques<\/strong>, associ\u00e9s \u00e0 des conduites addictives et des troubles du comportement.\u2009\u00bb Cette tentative d\u2019\u00e9vasion serait une conduite de mise en danger vis-\u00e0-vis de lui-m\u00eame, dans un moment o\u00f9 <strong>son discernement \u00e9tait aboli<\/strong>.<\/p>\n<p class=\" wall-content\">Tout au long de l\u2019audience, le pr\u00e9venu semble <strong>avoir du mal \u00e0 suivre les d\u00e9bats<\/strong>, para\u00eet perdu et peine \u00e0 s\u2019exprimer. \u00ab\u2009J\u2019ai pas compris\u2009\u00bb est la phrase qu\u2019il r\u00e9p\u00e8te le plus souvent. \u00ab\u2009Je n\u2019\u00e9tais pas bien, quand j\u2019ai appris la nouvelle (sur sa grand-m\u00e8re, NDLR), j\u2019ai pas compris. C\u2019est compliqu\u00e9. Je ne pensais qu\u2019\u00e0 ma grand-m\u00e8re, \u00e0 rien d\u2019autre. Je voulais juste savoir.\u2009\u00bb La nouvelle \u00e9tait-elle vraie\u2009? \u00ab\u2009Ma m\u00e8re me l\u2019a confirm\u00e9\u2009\u00bb, annonce-t-il, regard vide.<\/p>\n<p>Votre r\u00e9gion, votre actu !<\/p>\n<p>Recevez chaque jour les infos qui comptent pour vous.<\/p>\n<p>\t<a href=\"https:\/\/actu.fr\/newsletter\" class=\"ac-btn ac-btn--corner ac-btn--medium ac-btn--blue800\" target=\"_blank\" rel=\"noopener\">S&rsquo;incrire<\/a><\/p>\n<p class=\" wall-content\">Le d\u00e9tenu confirme prendre un <strong>triple traitement tous les jours<\/strong>, quand la psychiatre consid\u00e8re que \u00ab\u2009son adh\u00e9sion au traitement est al\u00e9atoire\u2009\u00bb, comprendre irr\u00e9guli\u00e8re. Et qu\u2019une am\u00e9lioration des sympt\u00f4mes pourrait avoir lieu s\u2019il \u00e9tait plus assidu.<\/p>\n<p class=\" wall-content\">Pour le Procureur, les faits reproch\u00e9s ne m\u00e9ritent <strong>pas de condamnation suppl\u00e9mentaire<\/strong>, au vu des conclusions de l\u2019experte indiquant son irresponsabilit\u00e9 au moment des faits. L\u2019avocat du pr\u00e9venu abonde, demandant \u00e0 la cour de <strong>se poser la question d\u2019une hospitalisation<\/strong>.<\/p>\n<blockquote class=\"ac-article-quote wall-content\">\n<p>Si ses r\u00e9ponses aujourd&rsquo;hui semblent coh\u00e9rentes, c&rsquo;est peut-\u00eatre parce que je l&rsquo;ai un minimum pr\u00e9par\u00e9. D&rsquo;habitude, vous pouvez lui poser la m\u00eame question 10 minutes et il peut r\u00e9pondre compl\u00e8tement \u00e0 c\u00f4t\u00e9.<\/p>\n<p>    <strong>Avocat du pr\u00e9venu<\/strong>\n            <\/p><\/blockquote>\n<p class=\" wall-content\">Quand la Pr\u00e9sidente demande au d\u00e9tenu s\u2019il a un dernier mot, il tente\u2009: \u00ab\u2009Je pense \u00e0 ma grand-m\u00e8re, j\u2019ai pas trop compris tout ce qui s\u2019est dit, j\u2019ai pas vraiment\u2026\u2009\u00bb Il n\u2019ira pas plus loin. Apr\u00e8s d\u00e9lib\u00e9ration, le tribunal le juge coupable de cette tentative d\u2019\u00e9vasion, mais <strong>irresponsable p\u00e9nalement<\/strong>, le consid\u00e9rant \u00ab\u2009atteint d\u2019un trouble ayant aboli son discernement et le contr\u00f4le de ses actes.\u2009\u00bb<\/p>\n<p class=\" wall-content\">Comprend-il la diff\u00e9rence\u2009? Le pr\u00e9venu fait non, de la t\u00eate. \u00ab\u2009\u00c0 la diff\u00e9rence des autres condamnations que vous avez pu avoir, un m\u00e9decin explique qu\u2019on ne peut pas vous sanctionner, parce que vous aviez un trouble psychiatrique au moment des faits\u2009\u00bb, pr\u00e9cise la Pr\u00e9sidente. Cette fois le pr\u00e9venu semble comprendre. Il est <strong>incit\u00e9 \u00e0 suivre son traitement<\/strong>. Ce sera au Pr\u00e9fet d\u2019\u00e9tablir si une hospitalisation est n\u00e9cessaire.<\/p>\n<p>Suivez l\u2019actualit\u00e9 de Rouen sur <a href=\"https:\/\/www.whatsapp.com\/channel\/0029VaKfnf99hXF2ddApFB1D\" target=\"_blank\" rel=\"noopener\">notre cha\u00eene WhatsApp<\/a> et sur <a href=\"https:\/\/www.tiktok.com\/@76actu.fr?lang=fr\" target=\"_blank\" rel=\"noopener\">notre compte TikTok<\/a><\/p>\n<p class=\" wall-content\">Personnalisez votre actualit\u00e9 en ajoutant vos villes et m\u00e9dias en favori avec <a href=\"https:\/\/moncompte.actu.fr\" title=\"D\u00e9couvez Mon Actu\" rel=\"nofollow noopener\" data-trk=\"{&quot;cta&quot;:{&quot;action&quot;:&quot;https:\\\/\\\/moncompte.actu.fr&quot;,&quot;category&quot;:&quot;mon compte&quot;,&quot;from&quot;:&quot;article footer&quot;,&quot;name&quot;:&quot;Mon actu&quot;,&quot;type&quot;:&quot;cta&quot;}}\" target=\"_blank\">Mon Actu<\/a>.<\/p>\n<p>                    <script async src=\"\/\/www.tiktok.com\/embed.js\"><\/script><\/p>\n","protected":false},"excerpt":{"rendered":"Par Mathieu Charr\u00e9 Publi\u00e9 le 12 janv. 2026 \u00e0 17h37 Il a voulu s\u2019\u00e9vader pour retrouver sa grand-m\u00e8re&hellip;\n","protected":false},"author":2,"featured_media":658913,"comment_status":"","ping_status":"","sticky":false,"template":"","format":"standard","meta":{"footnotes":""},"categories":[9587],"tags":[1111,11,1777,674,118,1011,27,303,12,5161,899,25,9590,13682],"class_list":{"0":"post-658912","1":"post","2":"type-post","3":"status-publish","4":"format-standard","5":"has-post-thumbnail","7":"category-rouen","8":"tag-actu","9":"tag-actualites","10":"tag-eu","11":"tag-europe","12":"tag-faits-divers","13":"tag-fr","14":"tag-france","15":"tag-justice","16":"tag-news","17":"tag-normandie","18":"tag-prisons","19":"tag-republique-francaise","20":"tag-rouen","21":"tag-tribunal-de-rouen"},"share_on_mastodon":{"url":"https:\/\/pubeurope.com\/@fr\/115883551469681585","error":""},"_links":{"self":[{"href":"https:\/\/www.europesays.com\/fr\/wp-json\/wp\/v2\/posts\/658912","targetHints":{"allow":["GET"]}}],"collection":[{"href":"https:\/\/www.europesays.com\/fr\/wp-json\/wp\/v2\/posts"}],"about":[{"href":"https:\/\/www.europesays.com\/fr\/wp-json\/wp\/v2\/types\/post"}],"author":[{"embeddable":true,"href":"https:\/\/www.europesays.com\/fr\/wp-json\/wp\/v2\/users\/2"}],"replies":[{"embeddable":true,"href":"https:\/\/www.europesays.com\/fr\/wp-json\/wp\/v2\/comments?post=658912"}],"version-history":[{"count":0,"href":"https:\/\/www.europesays.com\/fr\/wp-json\/wp\/v2\/posts\/658912\/revisions"}],"wp:featuredmedia":[{"embeddable":true,"href":"https:\/\/www.europesays.com\/fr\/wp-json\/wp\/v2\/media\/658913"}],"wp:attachment":[{"href":"https:\/\/www.europesays.com\/fr\/wp-json\/wp\/v2\/media?parent=658912"}],"wp:term":[{"taxonomy":"category","embeddable":true,"href":"https:\/\/www.europesays.com\/fr\/wp-json\/wp\/v2\/categories?post=658912"},{"taxonomy":"post_tag","embeddable":true,"href":"https:\/\/www.europesays.com\/fr\/wp-json\/wp\/v2\/tags?post=658912"}],"curies":[{"name":"wp","href":"https:\/\/api.w.org\/{rel}","templated":true}]}}