{"id":658915,"date":"2026-01-12T18:31:27","date_gmt":"2026-01-12T18:31:27","guid":{"rendered":"https:\/\/www.europesays.com\/fr\/658915\/"},"modified":"2026-01-12T18:31:27","modified_gmt":"2026-01-12T18:31:27","slug":"municipales-2026-les-conseils-citoyens-independants-de-grenoble-ouvrent-le-debat-democratique","status":"publish","type":"post","link":"https:\/\/www.europesays.com\/fr\/658915\/","title":{"rendered":"Municipales 2026. Les Conseils\u00a0citoyens\u00a0ind\u00e9pendants de Grenoble ouvrent le d\u00e9bat d\u00e9mocratique"},"content":{"rendered":"<p>Le mandat des Conseils citoyens ind\u00e9pendants (CCI) prendra fin avec le renouvellement du conseil municipal lors des \u00e9lections de mars\u00a02026. Vendredi, ils ont rappel\u00e9 que \u00ab\u00a0la d\u00e9mocratie locale ne peut se r\u00e9duire \u00e0 des dispositifs de concertation descendante ni \u00e0 la seule expression institutionnelle. Elle suppose l\u2019existence d\u2019espaces citoyens ind\u00e9pendants. [\u2026] Dans un contexte o\u00f9 une part croissante des politiques publiques structurantes est d\u00e9cid\u00e9e \u00e0 l\u2018\u00e9chelle m\u00e9tropolitaine, les CCI ont alert\u00e9 sur le risque d\u2019un \u00e9loignement entre les lieux de d\u00e9cision et la r\u00e9alit\u00e9 v\u00e9cue par les habitants. Cette situation interroge l\u2019articulation entre d\u00e9mocratie locale et d\u00e9mocratie m\u00e9tropolitaine, ainsi que la capacit\u00e9 des instances citoyennes locales \u00e0 faire entendre la parole habitante au-del\u00e0 de l\u2018\u00e9chelle communale.\u00a0\u00bb<\/p>\n<p>La fin de mandat doit, selon eux, \u00ab\u00a0constituer une opportunit\u00e9 pour ouvrir un d\u00e9bat public sur l\u2019avenir de la participation citoyenne \u00e0 Grenoble\u00a0: ses formes, ses moyens, son ind\u00e9pendance, ainsi que son articulation avec les autres instances existantes, notamment les Unions de quartier, les Maisons des habitants et les directions territoriales.\u00a0\u00bb<\/p>\n","protected":false},"excerpt":{"rendered":"Le mandat des Conseils citoyens ind\u00e9pendants (CCI) prendra fin avec le renouvellement du conseil municipal lors des \u00e9lections&hellip;\n","protected":false},"author":2,"featured_media":658916,"comment_status":"","ping_status":"","sticky":false,"template":"","format":"standard","meta":{"footnotes":""},"categories":[9566],"tags":[1111,11,2430,112,36284,4188,1777,674,1011,27,2731,2732,12,316,25],"class_list":{"0":"post-658915","1":"post","2":"type-post","3":"status-publish","4":"format-standard","5":"has-post-thumbnail","7":"category-grenoble","8":"tag-actu","9":"tag-actualites","10":"tag-auvergne-rhone-alpes","11":"tag-edition-grenoble-agglomeration","12":"tag-elections-metropolitaines","13":"tag-elections-municipales","14":"tag-eu","15":"tag-europe","16":"tag-fr","17":"tag-france","18":"tag-grenoble","19":"tag-grenoble-bassin","20":"tag-news","21":"tag-politique","22":"tag-republique-francaise"},"share_on_mastodon":{"url":"https:\/\/pubeurope.com\/@fr\/115883559056943740","error":""},"_links":{"self":[{"href":"https:\/\/www.europesays.com\/fr\/wp-json\/wp\/v2\/posts\/658915","targetHints":{"allow":["GET"]}}],"collection":[{"href":"https:\/\/www.europesays.com\/fr\/wp-json\/wp\/v2\/posts"}],"about":[{"href":"https:\/\/www.europesays.com\/fr\/wp-json\/wp\/v2\/types\/post"}],"author":[{"embeddable":true,"href":"https:\/\/www.europesays.com\/fr\/wp-json\/wp\/v2\/users\/2"}],"replies":[{"embeddable":true,"href":"https:\/\/www.europesays.com\/fr\/wp-json\/wp\/v2\/comments?post=658915"}],"version-history":[{"count":0,"href":"https:\/\/www.europesays.com\/fr\/wp-json\/wp\/v2\/posts\/658915\/revisions"}],"wp:featuredmedia":[{"embeddable":true,"href":"https:\/\/www.europesays.com\/fr\/wp-json\/wp\/v2\/media\/658916"}],"wp:attachment":[{"href":"https:\/\/www.europesays.com\/fr\/wp-json\/wp\/v2\/media?parent=658915"}],"wp:term":[{"taxonomy":"category","embeddable":true,"href":"https:\/\/www.europesays.com\/fr\/wp-json\/wp\/v2\/categories?post=658915"},{"taxonomy":"post_tag","embeddable":true,"href":"https:\/\/www.europesays.com\/fr\/wp-json\/wp\/v2\/tags?post=658915"}],"curies":[{"name":"wp","href":"https:\/\/api.w.org\/{rel}","templated":true}]}}