{"id":658919,"date":"2026-01-12T18:33:13","date_gmt":"2026-01-12T18:33:13","guid":{"rendered":"https:\/\/www.europesays.com\/fr\/658919\/"},"modified":"2026-01-12T18:33:13","modified_gmt":"2026-01-12T18:33:13","slug":"javais-prevenu-que-jallais-peter-les-plombs-il-avait-agresse-sexuellement-une-cycliste-a-rennes-lhomme-reconnu-non-responsable","status":"publish","type":"post","link":"https:\/\/www.europesays.com\/fr\/658919\/","title":{"rendered":"\u00ab\u00a0J\u2019avais pr\u00e9venu que j\u2019allais p\u00e9ter les plombs\u00a0\u00bb\u00a0: il avait agress\u00e9 sexuellement une cycliste \u00e0 Rennes, l\u2019homme reconnu non responsable"},"content":{"rendered":"<p>\u00ab La maladie a \u00e9t\u00e9 plus forte que moi. La schizophr\u00e9nie a parl\u00e9, ce n\u2019\u00e9tait pas moi \u00bb. Le regard perdu et la parole h\u00e9sitante, l\u2019homme de 34 ans qui se tient dans le box du tribunal correctionnel \u00e9tait-il responsable de ses actes lorsqu\u2019il a agress\u00e9 sexuellement une femme le 11 novembre dernier, \u00e0 Rennes ? L\u2019\u00e9tait-il aussi lorsque, quelques jours plus t\u00f4t, il a tent\u00e9 de voler le sac d\u2019une autre femme ? C\u2019est l\u2019un des enjeux de la comparution \u00e0 d\u00e9lai diff\u00e9r\u00e9 pour laquelle ce trentenaire \u00e9tait convoqu\u00e9, ce lundi 12 janvier 2026.<\/p>\n<p>Le 8 novembre, une femme porte plainte pour un vol avec violence sur un quai de m\u00e9tro. \u00ab Elle affirme qu\u2019un homme l\u2019a attrap\u00e9 par l\u2019\u00e9paule et a tent\u00e9 de lui voler son sac. Elle a cri\u00e9, des t\u00e9moins se sont approch\u00e9s, ce qui a mis fin \u00e0 la tentative de vol \u00bb, raconte la pr\u00e9sidente du tribunal. Reconnu par les cam\u00e9ras de vid\u00e9osurveillance du m\u00e9tro et identifi\u00e9 par la victime, l\u2019individu est rapidement interpell\u00e9. Et reconna\u00eet les faits.<\/p>\n<p>Un riverain met fin \u00e0 l\u2019agression<\/p>\n<p>Puis vient la soir\u00e9e du 11 novembre. Ce soir-l\u00e0, sur les coups de 22 h 30, une cycliste, qui rentrait chez elle suite \u00e0 un cours de th\u00e9\u00e2tre, est renvers\u00e9e par le pr\u00e9venu. \u00c0 la suite du choc, l\u2019individu se jette sur elle et tente de la violer. La jeune femme se d\u00e9bat, mord son agresseur qui la mord \u00e0 son tour \u00e0 la joue. \u00ab Vous tentez alors de lui voler son v\u00e9lo, mais elle s\u2019y accroche et vous jetez \u00e0 nouveau sur elle, d\u00e9taille la pr\u00e9sidente. Vous posez vos mains sur son visage, ce qui l\u2019emp\u00eache de respirer. \u00bb L\u2019agression prend fin gr\u00e2ce \u00e0 l\u2019intervention d\u2019un riverain. Alert\u00e9 par les \u00ab cris de survie \u00bb de la jeune femme, il ceinture l\u2019agresseur et lui \u00ab donne des coups de poing \u00bb, ce qui le met en fuite. Il est interpell\u00e9 peu apr\u00e8s.<\/p>\n<p>\u00ab Je suis atteint de schizophr\u00e9nie depuis l\u2019enfance et faisais une crise d\u2019angoisse \u00bb<\/p>\n<p>L\u00e0 encore, le mis en cause reconna\u00eet sa culpabilit\u00e9. Mais il l\u2019affirme : \u00ab Je suis atteint de schizophr\u00e9nie depuis l\u2019enfance. Je faisais une crise d\u2019angoisse. Je n\u2019avais pas pris mes m\u00e9dicaments et j\u2019avais un peu fum\u00e9 de la marijuana. Je fais des bad trip et c\u2019est \u00e7a qui m\u2019a fait faire ces actions-l\u00e0. \u00bb<\/p>\n<p>Une maladie confirm\u00e9e par l\u2019expertise psychiatrique ordonn\u00e9e pour cette audience. \u00ab L\u2019expert a conclu \u00e0 une abolition du discernement en raison de votre schizophr\u00e9nie, confirme la pr\u00e9sidente. Il est fait \u00e9tat d\u2019hallucinations dans le cadre d\u2019une angoisse psychotique d\u00e9clench\u00e9e par le fait que cet homme a \u00e9t\u00e9 refus\u00e9 en h\u00f4pital psychiatrique. Il est donc difficilement accessible une sanction p\u00e9nale. Son discernement aboli doit faire l\u2019objet de soins en h\u00f4pital psychiatrique. \u00bb<\/p>\n<p>Il avait demand\u00e9 son internement en h\u00f4pital psychiatrique<\/p>\n<p>L\u2019homme affirme d\u2019ailleurs qu\u2019il a demand\u00e9 \u00e0 plusieurs reprises son internement au CHGR, comme sa m\u00e8re avec qui il vit. \u00ab J\u2019avais pr\u00e9venu l\u2019h\u00f4pital que j\u2019allais p\u00e9ter les plombs \u00bb, a-t-il d\u00e9clar\u00e9 en garde \u00e0 vue. Mais son hospitalisation avait \u00e9t\u00e9 refus\u00e9e, son \u00e9tat n\u2019\u00e9tant pas jug\u00e9 prioritaire, souligne le tribunal. Sous traitement depuis l\u2019\u00e2ge de 8 ans, il a 18 mentions \u00e0 son casier judiciaire, notamment pour des faits de violences et d\u2019outrage. Sa derni\u00e8re condamnation date de septembre 2022. Elle lui avait valu deux ans d\u2019emprisonnement.<\/p>\n<p>L\u2019avocate de la cycliste, ma\u00eetre Maud Cousin, insiste sur les s\u00e9quelles de sa cliente : \u00ab Les bleus sur ses jambes de madame, sur sa fesse, les traces de morsures \u00bb. Mais aussi son \u00ab \u00e9tat psychologique dramatique. Ma cliente a des troubles du sommeil, des troubles anxieux et doit se faire violence pour circuler \u00e0 v\u00e9lo la nuit \u00bb. L\u2019avocate de la victime du 8 novembre dans le m\u00e9tro, ma\u00eetre Marie-Pierre Peloil, pointe, elle, \u00ab le pr\u00e9judice moral \u00bb de sa cliente, \u00ab extr\u00eamement marqu\u00e9e \u00bb par cet \u00e9v\u00e8nement.<\/p>\n<p>\u00ab Une sc\u00e8ne d\u2019une violence absolue \u00bb<\/p>\n<p>La procureure d\u00e9crit \u00ab une sc\u00e8ne d\u2019une violence absolue, une agression sexuelle en pleine rue sur une victime, au hasard \u00bb. Elle demande \u00ab une hospitalisation concr\u00e8te \u00bb. Et, \u00ab par mesure de s\u00fbret\u00e9, l\u2019interdiction d\u2019entrer en contact avec la victime pour dix ans, l\u2019interdiction de para\u00eetre \u00e0 son domicile et de para\u00eetre dans les quartiers de Rennes sud et de Bourg l\u2019\u00c9v\u00eaque pour cinq ans \u00bb.<\/p>\n<p>L\u2019avocat du pr\u00e9venu, ma\u00eetre Pierre Rodius, plaide aussi \u00ab pour un placement en h\u00f4pital psychiatrique car la d\u00e9tention n\u2019est pas adapt\u00e9e dans son cas. Il \u00e9tait en crise depuis plusieurs jours, compl\u00e8tement d\u00e9connect\u00e9. Il a \u00e9t\u00e9 interpell\u00e9 quelques minutes apr\u00e8s, transpirant, torse nu, il n\u2019allait pas bien. \u00bb<\/p>\n<p>L\u2019abolition du discernement a bien \u00e9t\u00e9 retenue. Le pr\u00e9venu est donc reconnu non responsable p\u00e9nalement. Le tribunal a donc ordonn\u00e9 son \u00ab hospitalisation compl\u00e8te \u00bb. Il lui est \u00e9galement interdit d\u2019entrer en relation avec la victime du 11 novembre pendant dix ans.<\/p>\n","protected":false},"excerpt":{"rendered":"\u00ab La maladie a \u00e9t\u00e9 plus forte que moi. La schizophr\u00e9nie a parl\u00e9, ce n\u2019\u00e9tait pas moi \u00bb.&hellip;\n","protected":false},"author":2,"featured_media":658920,"comment_status":"","ping_status":"","sticky":false,"template":"","format":"standard","meta":{"footnotes":""},"categories":[2821],"tags":[1111,11,829,1777,674,3383,1011,27,848,12,50972,584,25],"class_list":{"0":"post-658919","1":"post","2":"type-post","3":"status-publish","4":"format-standard","5":"has-post-thumbnail","7":"category-rennes","8":"tag-actu","9":"tag-actualites","10":"tag-bretagne","11":"tag-eu","12":"tag-europe","13":"tag-faits-divers-a-rennes","14":"tag-fr","15":"tag-france","16":"tag-ille-et-vilaine","17":"tag-news","18":"tag-newsletter-la-rennes-quotidienne","19":"tag-rennes","20":"tag-republique-francaise"},"share_on_mastodon":{"url":"https:\/\/pubeurope.com\/@fr\/115883566910957205","error":""},"_links":{"self":[{"href":"https:\/\/www.europesays.com\/fr\/wp-json\/wp\/v2\/posts\/658919","targetHints":{"allow":["GET"]}}],"collection":[{"href":"https:\/\/www.europesays.com\/fr\/wp-json\/wp\/v2\/posts"}],"about":[{"href":"https:\/\/www.europesays.com\/fr\/wp-json\/wp\/v2\/types\/post"}],"author":[{"embeddable":true,"href":"https:\/\/www.europesays.com\/fr\/wp-json\/wp\/v2\/users\/2"}],"replies":[{"embeddable":true,"href":"https:\/\/www.europesays.com\/fr\/wp-json\/wp\/v2\/comments?post=658919"}],"version-history":[{"count":0,"href":"https:\/\/www.europesays.com\/fr\/wp-json\/wp\/v2\/posts\/658919\/revisions"}],"wp:featuredmedia":[{"embeddable":true,"href":"https:\/\/www.europesays.com\/fr\/wp-json\/wp\/v2\/media\/658920"}],"wp:attachment":[{"href":"https:\/\/www.europesays.com\/fr\/wp-json\/wp\/v2\/media?parent=658919"}],"wp:term":[{"taxonomy":"category","embeddable":true,"href":"https:\/\/www.europesays.com\/fr\/wp-json\/wp\/v2\/categories?post=658919"},{"taxonomy":"post_tag","embeddable":true,"href":"https:\/\/www.europesays.com\/fr\/wp-json\/wp\/v2\/tags?post=658919"}],"curies":[{"name":"wp","href":"https:\/\/api.w.org\/{rel}","templated":true}]}}