{"id":658921,"date":"2026-01-12T18:34:11","date_gmt":"2026-01-12T18:34:11","guid":{"rendered":"https:\/\/www.europesays.com\/fr\/658921\/"},"modified":"2026-01-12T18:34:11","modified_gmt":"2026-01-12T18:34:11","slug":"strasbourg-le-choregraphe-yvann-alexandre-va-diriger-pole-sud-a-partir-de-septembre-2026","status":"publish","type":"post","link":"https:\/\/www.europesays.com\/fr\/658921\/","title":{"rendered":"Strasbourg. Le chor\u00e9graphe Yvann Alexandre va diriger P\u00f4le-Sud \u00e0 partir de septembre\u00a02026"},"content":{"rendered":"<p>Yvann Alexandre (50 ans) a \u00e9t\u00e9 nomm\u00e9 \u00e0 la direction de P\u00f4le-Sud, Centre de d\u00e9veloppement chor\u00e9graphique national (CDCN) de Strasbourg. Le chor\u00e9graphe va succ\u00e9der au 1er \u00a0septembre prochain \u00e0 Jo\u00eblle Smadja, directrice du CDCN depuis 2011.<\/p>\n<p>Depuis 2019, Yvann Alexandre dirige le th\u00e9\u00e2tre Francine Vasse \u00e0 Nantes. Par ailleurs, il occupe les fonctions de vice-pr\u00e9sident \u201cmusique et danse\u201d au sein du Conseil d\u2019administration de la SACD (soci\u00e9t\u00e9 des auteurs) depuis 2023.<\/p>\n<p>\u00c0 P\u00f4le-Sud, Yvann Alexandre va d\u00e9velopper un projet artistique, \u201cRejoindre et r\u00e9unir\u201d, qui repose sur le soutien \u00e0 l\u2019\u00e9mergence, la coop\u00e9ration, le d\u00e9ploiement transfrontalier, l\u2019\u00e9galit\u00e9 et l\u2019accessibilit\u00e9.<\/p>\n","protected":false},"excerpt":{"rendered":"Yvann Alexandre (50 ans) a \u00e9t\u00e9 nomm\u00e9 \u00e0 la direction de P\u00f4le-Sud, Centre de d\u00e9veloppement chor\u00e9graphique national (CDCN)&hellip;\n","protected":false},"author":2,"featured_media":658922,"comment_status":"","ping_status":"","sticky":false,"template":"","format":"standard","meta":{"footnotes":""},"categories":[2820],"tags":[1111,11,2389,1687,2880,1777,674,107,1011,27,775,12,25,3140,640,2879],"class_list":{"0":"post-658921","1":"post","2":"type-post","3":"status-publish","4":"format-standard","5":"has-post-thumbnail","7":"category-strasbourg","8":"tag-actu","9":"tag-actualites","10":"tag-alsace","11":"tag-culture-loisirs","12":"tag-edition-strasbourg","13":"tag-eu","14":"tag-europe","15":"tag-fil-info","16":"tag-fr","17":"tag-france","18":"tag-grand-est","19":"tag-news","20":"tag-republique-francaise","21":"tag-spectacle","22":"tag-strasbourg","23":"tag-strasbourg-ville"},"share_on_mastodon":{"url":"https:\/\/pubeurope.com\/@fr\/115883570878046691","error":""},"_links":{"self":[{"href":"https:\/\/www.europesays.com\/fr\/wp-json\/wp\/v2\/posts\/658921","targetHints":{"allow":["GET"]}}],"collection":[{"href":"https:\/\/www.europesays.com\/fr\/wp-json\/wp\/v2\/posts"}],"about":[{"href":"https:\/\/www.europesays.com\/fr\/wp-json\/wp\/v2\/types\/post"}],"author":[{"embeddable":true,"href":"https:\/\/www.europesays.com\/fr\/wp-json\/wp\/v2\/users\/2"}],"replies":[{"embeddable":true,"href":"https:\/\/www.europesays.com\/fr\/wp-json\/wp\/v2\/comments?post=658921"}],"version-history":[{"count":0,"href":"https:\/\/www.europesays.com\/fr\/wp-json\/wp\/v2\/posts\/658921\/revisions"}],"wp:featuredmedia":[{"embeddable":true,"href":"https:\/\/www.europesays.com\/fr\/wp-json\/wp\/v2\/media\/658922"}],"wp:attachment":[{"href":"https:\/\/www.europesays.com\/fr\/wp-json\/wp\/v2\/media?parent=658921"}],"wp:term":[{"taxonomy":"category","embeddable":true,"href":"https:\/\/www.europesays.com\/fr\/wp-json\/wp\/v2\/categories?post=658921"},{"taxonomy":"post_tag","embeddable":true,"href":"https:\/\/www.europesays.com\/fr\/wp-json\/wp\/v2\/tags?post=658921"}],"curies":[{"name":"wp","href":"https:\/\/api.w.org\/{rel}","templated":true}]}}