{"id":658923,"date":"2026-01-12T18:35:12","date_gmt":"2026-01-12T18:35:12","guid":{"rendered":"https:\/\/www.europesays.com\/fr\/658923\/"},"modified":"2026-01-12T18:35:12","modified_gmt":"2026-01-12T18:35:12","slug":"le-crous-lance-une-cafeteria-sur-le-campus-de-la-meinau","status":"publish","type":"post","link":"https:\/\/www.europesays.com\/fr\/658923\/","title":{"rendered":"le Crous lance une caf\u00e9t\u00e9ria sur le campus de la Meinau"},"content":{"rendered":"<p>Sandwichs, salades, box de p\u00e2tes, fontaines \u00e0 boissons, viennoiseries, p\u00e2tisseries\u2026 Depuis le 6\u00a0janvier, un vent de nouveaut\u00e9 souffle sur le campus de la Meinau et plus particuli\u00e8rement au sein de l\u2019Institut national sup\u00e9rieur du professorat et de l\u2019\u00e9ducation (Inspe) sis au num\u00e9ro\u00a0141 de l\u2019avenue de Colmar. Alors que le site, qui compte pr\u00e8s de 1\u00a0400 \u00e9tudiants, a \u00e9t\u00e9 identifi\u00e9 comme \u201czone blanche\u201d en mati\u00e8re de restauration universitaire, le Crous, soutenu par l\u2019Universit\u00e9 de Strasbourg (*), vient tout juste d\u2019ouvrir la premi\u00e8re caf\u00e9t\u00e9ria proposant une offre \u00ab\u00a0sur le pouce\u00a0\u00bb et financi\u00e8rement accessible. \u00ab\u00a0On parle de zone blanche \u00e0 partir du moment o\u00f9 on se situe \u00e0 plus de 20 minutes en transport en commun d\u2019 <a href=\"https:\/\/www.dna.fr\/education\/2022\/07\/16\/les-chefs-des-restos-universitaires-formes-a-la-cuisine-vegetale\" target=\"_blank\" rel=\"noopener\">un point de restauration universitaire<\/a> \u00a0\u00bb, rappelle Guillaume Kuhler, directeur g\u00e9n\u00e9ral adjoint du Crous de Strasbourg. <\/p>\n","protected":false},"excerpt":{"rendered":"Sandwichs, salades, box de p\u00e2tes, fontaines \u00e0 boissons, viennoiseries, p\u00e2tisseries\u2026 Depuis le 6\u00a0janvier, un vent de nouveaut\u00e9 souffle&hellip;\n","protected":false},"author":2,"featured_media":658924,"comment_status":"","ping_status":"","sticky":false,"template":"","format":"standard","meta":{"footnotes":""},"categories":[2820],"tags":[1111,11,2880,1057,4854,1777,674,107,1011,27,775,12,25,640,2879],"class_list":{"0":"post-658923","1":"post","2":"type-post","3":"status-publish","4":"format-standard","5":"has-post-thumbnail","7":"category-strasbourg","8":"tag-actu","9":"tag-actualites","10":"tag-edition-strasbourg","11":"tag-education","12":"tag-enseignement-superieur","13":"tag-eu","14":"tag-europe","15":"tag-fil-info","16":"tag-fr","17":"tag-france","18":"tag-grand-est","19":"tag-news","20":"tag-republique-francaise","21":"tag-strasbourg","22":"tag-strasbourg-ville"},"share_on_mastodon":{"url":"https:\/\/pubeurope.com\/@fr\/115883574821956966","error":""},"_links":{"self":[{"href":"https:\/\/www.europesays.com\/fr\/wp-json\/wp\/v2\/posts\/658923","targetHints":{"allow":["GET"]}}],"collection":[{"href":"https:\/\/www.europesays.com\/fr\/wp-json\/wp\/v2\/posts"}],"about":[{"href":"https:\/\/www.europesays.com\/fr\/wp-json\/wp\/v2\/types\/post"}],"author":[{"embeddable":true,"href":"https:\/\/www.europesays.com\/fr\/wp-json\/wp\/v2\/users\/2"}],"replies":[{"embeddable":true,"href":"https:\/\/www.europesays.com\/fr\/wp-json\/wp\/v2\/comments?post=658923"}],"version-history":[{"count":0,"href":"https:\/\/www.europesays.com\/fr\/wp-json\/wp\/v2\/posts\/658923\/revisions"}],"wp:featuredmedia":[{"embeddable":true,"href":"https:\/\/www.europesays.com\/fr\/wp-json\/wp\/v2\/media\/658924"}],"wp:attachment":[{"href":"https:\/\/www.europesays.com\/fr\/wp-json\/wp\/v2\/media?parent=658923"}],"wp:term":[{"taxonomy":"category","embeddable":true,"href":"https:\/\/www.europesays.com\/fr\/wp-json\/wp\/v2\/categories?post=658923"},{"taxonomy":"post_tag","embeddable":true,"href":"https:\/\/www.europesays.com\/fr\/wp-json\/wp\/v2\/tags?post=658923"}],"curies":[{"name":"wp","href":"https:\/\/api.w.org\/{rel}","templated":true}]}}