{"id":658953,"date":"2026-01-12T18:51:13","date_gmt":"2026-01-12T18:51:13","guid":{"rendered":"https:\/\/www.europesays.com\/fr\/658953\/"},"modified":"2026-01-12T18:51:13","modified_gmt":"2026-01-12T18:51:13","slug":"cest-la-plus-grande-ville-dile-de-france-detenue-par-un-ecologiste-a-colombes-lissue-de-la-bataille-pour-les-municipales-sannonce-tres-incertaine","status":"publish","type":"post","link":"https:\/\/www.europesays.com\/fr\/658953\/","title":{"rendered":"C&rsquo;est la plus grande ville d\u2019\u00cele-de-France d\u00e9tenue par un \u00e9cologiste. \u00c0 Colombes, l&rsquo;issue de la bataille pour les municipales s&rsquo;annonce tr\u00e8s incertaine"},"content":{"rendered":"<p class=\"article__intro\">R\u00e9novation des \u00e9coles, gratuit\u00e9 de la cantine scolaire, ce sont quelques-unes des propositions port\u00e9es par les candidats de gauche. \u00c0 droite, les promesses de campagne concernent l&rsquo;am\u00e9lioration de s\u00e9curit\u00e9 ou encore la relance \u00e9conomique de Colombes. Rencontre avec les principaux candidats. <\/p>\n<p>\n      La Quotidienne Soci\u00e9t\u00e9\n    <\/p>\n<p>\n      De la vie quotidienne aux grands enjeux, recevez tous les jours les sujets qui font la soci\u00e9t\u00e9 locale, comme la justice, l\u2019\u00e9ducation, la sant\u00e9 et la famille.\n    <\/p>\n<p>    France T\u00e9l\u00e9visions utilise votre adresse e-mail afin de vous envoyer la newsletter \u00ab\u00a0La Quotidienne Soci\u00e9t\u00e9\u00a0\u00bb. Vous pouvez vous d\u00e9sinscrire \u00e0 tout moment via le lien en bas de cette newsletter. <a target=\"_blank\" href=\"https:\/\/www.francetelevisions.fr\/groupe\/confidentialite\/politique-de-confidentialite\/politique-de-confidentialite-de-france-televisions-6503\" rel=\"noopener\">Notre politique de confidentialit\u00e9<\/a><\/p>\n<p>C&rsquo;est la plus grande ville d&rsquo;\u00cele-de-France dirig\u00e9e par un \u00e9cologiste. Le maire sortant Patrick Chaimovitch, est de nouveau candidat alors qu&rsquo;il s&rsquo;\u00e9tait engag\u00e9 \u00e0 ne faire qu&rsquo;un seul mandat.<\/p>\n<p>Un revirement qui a fait na\u00eetre des ambitions \u00e0 gauche. Tandis qu&rsquo;\u00e0 droite, l&rsquo;ancienne maire (LR) battue en 2020 a d\u00e9sign\u00e9 un h\u00e9ritier. \u00c0 Colombes, 91\u00a0053\u00a0habitants au dernier recensement, l&rsquo;\u00e9lection de mois de mars s&rsquo;annonce plus incertaine que jamais.<\/p>\n<\/p>\n<p>C&rsquo;est devant une \u00e9cole que nous a donn\u00e9 rendez-vous le candidat socialiste car celui-ci propose la gratuit\u00e9 universelle de la cantine scolaire. Une mesure on\u00e9reuse. \u00ab\u00a0Tout d\u00e9pend comment on s&rsquo;y prend. Et aujourd&rsquo;hui, nous consid\u00e9rons que le budget municipal nous permet de pouvoir porter cette gratuit\u00e9-l\u00e0\u00a0\u00bb, estime Valentin Narbonnais, candidat PS.<\/p>\n<p>Ce candidat a d\u00e9cid\u00e9 de se pr\u00e9senter contre le maire sortant, dont il est pourtant l&rsquo;adjoint. \u00ab\u00a0Vous savez, en politique, le respect de la parole donn\u00e9e est extr\u00eamement important. Le maire sortant s&rsquo;\u00e9tait engag\u00e9 \u00e0 ne faire qu&rsquo;un seul mandat. C&rsquo;est la parole qu&rsquo;il a donn\u00e9e \u00e0 ses partenaires politiques, c&rsquo;est la parole qu&rsquo;il a donn\u00e9e aux Colombiens\u00a0\u00bb, pointe Valentin Narbonnais.<\/p>\n<blockquote class=\"twitter-tweet\">\n<p dir=\"ltr\" lang=\"fr\">Apr\u00e8s des \u00e9changes approfondis et des discussions exigeantes, les n\u00e9gociations avec EELV, Generation.s, les Motiv\u00e9\u00b7e\u00b7s et des figures citoyennes sont aujourd\u2019hui abouties. <br \/>La France insoumise a fait le choix de s\u2019engager dans une coalition programmatique, autour de mesures\u2026 <a href=\"https:\/\/t.co\/5oGtRkKQqP\">pic.twitter.com\/5oGtRkKQqP<\/a><\/p>\n<p>\u2014 Colombes insoumise \ud83d\udd4a (@FIcolombes) <a href=\"https:\/\/twitter.com\/FIcolombes\/status\/2010061307928818155?ref_src=twsrc%5Etfw\" target=\"_blank\" rel=\"noopener\">January 10, 2026<\/a><\/p><\/blockquote>\n<p>M\u00eame endroit, quelques heures plus tard, nous retrouvons le maire sortant Patrick Chaimovitch, candidat Les Ecologistes, fier de pr\u00e9senter l&rsquo;\u00e9cole devant laquelle il se trouve. \u00ab\u00a0C&rsquo;est une belle r\u00e9alisation de la mandature dans un nouveau quartier qui a \u00e9merg\u00e9 ces derni\u00e8res ann\u00e9es. Et donc cette \u00e9cole, elle est toute neuve, tout \u00e9cologique. On est sur les mat\u00e9riaux employ\u00e9s, sur la g\u00e9othermie. On a r\u00e9habilit\u00e9 deux autres \u00e9coles et puis on a pr\u00e9vu de remettre un niveau, de reconstruire une autre \u00e9cole\u00a0\u00bb, propose-t-il.<\/p>\n<p>Patrick Chaimovitch se projette d\u00e9j\u00e0 sur un second mandat et revendique le droit d&rsquo;avoir chang\u00e9 d&rsquo;avis. Le maire sortant avance qu&rsquo;il est le meilleur pour la Ville et pas \u00ab\u00a0seulement pour la gauche\u00a0\u00bb.<\/p>\n<p>\u00c0 droite, on n&rsquo;est certainement pas de cet avis. Nous retrouvons le candidat LR devant le poste de police municipale. \u00ab\u00a0La s\u00e9curit\u00e9, \u00e7a n&rsquo;est pas juste une de mes priorit\u00e9s. La s\u00e9curit\u00e9, c&rsquo;est une priorit\u00e9 globalement dans cette campagne municipale des Fran\u00e7ais\u00a0\u00bb, argue Joakim Giacomoni, candidat Les R\u00e9publicains. \u00ab\u00a0Nous avons l&rsquo;intention de doubler le nombre de postes d&rsquo;agents municipaux. Autour d&rsquo;une centaine, en rendant le poste attractif\u00a0\u00bb, plaide-t-il.<\/p>\n<p>Joakim Giacomoni n&rsquo;a jamais \u00e9t\u00e9 \u00e9lu. Cette candidature \u00e0 Colombes est une premi\u00e8re pour lui. \u00ab\u00a0Je suis quasiment en campagne depuis trois ans. Je vois le temps. Parce que l&rsquo;ancienne maire est venue me chercher, enfin, plut\u00f4t, m&rsquo;a soumis l&rsquo;id\u00e9e d&rsquo;essayer de venir \u00e0 Colombes pour reconstruire une \u00e9quipe\u00a0\u00bb, explique-t-il.<\/p>\n<blockquote class=\"twitter-tweet\">\n<p dir=\"ltr\" lang=\"fr\">Chers Colombiens, \u2728<br \/>En ce d\u00e9but 2026, je pense \u00e0 chacune et chacun d\u2019entre vous.<br \/>\u00c0 celles et ceux qui ont travers\u00e9 des \u00e9preuves, \u00e0 ceux qui doutent, \u00e0 ceux qui esp\u00e8rent encore.<br \/>Je forme le v\u0153u que 2026 soit une ann\u00e9e de force, de solidarit\u00e9 et de confiance retrouv\u00e9e.<br \/>Une ann\u00e9e\u2026 <a href=\"https:\/\/t.co\/v1Q4vVQ3ov\">pic.twitter.com\/v1Q4vVQ3ov<\/a><\/p>\n<p>\u2014 Joakim GIACOMONI-VINCENT (@JoakimGiacomoni) <a href=\"https:\/\/twitter.com\/JoakimGiacomoni\/status\/2006482278860664852?ref_src=twsrc%5Etfw\" target=\"_blank\" rel=\"noopener\">December 31, 2025<\/a><\/p><\/blockquote>\n<p>\u00c0 droite \u00e9galement, la candidature Nadia Frontigny qui a ouvert son local de campagne dans une rue pi\u00e9tonne et commer\u00e7ante de Colombes, pourrait semer le trouble. Cette ex-adjointe LR qui s&rsquo;\u00e9tait d\u00e9j\u00e0 pr\u00e9sent\u00e9e aux \u00e9lections municipales en 2020, a re\u00e7u notamment le soutien, dit-elle, de Xavier Bertrand, et du parti Alliance centriste.<\/p>\n<p>Port\u00e9e par son mouvement local \u00ab\u00a0Colombes c&rsquo;est vous !\u00a0\u00bb, elle fait de la s\u00e9curit\u00e9, la propret\u00e9 et le dynamisme \u00e9conomique ses principaux th\u00e8mes de campagne.<\/p>\n<p>\u00ab\u00a0II y a des \u00e9quipements \u00e0 remettre \u00e0 niveau, des \u00e9quipements vid\u00e9os qui ne marchent pas (&#8230;) On manque d&rsquo;effectifs (&#8230;) Il faut revoir les missions de la police municipale qui doit \u00eatre vraiment dans la proximit\u00e9 (&#8230;) c&rsquo;est surtout la pr\u00e9vention qu&rsquo;il faut faire\u00a0\u00bb, explique Nadia Frontigny.<\/p>\n<blockquote class=\"ftvi_content_quote\">\n<p class=\"ftvi_citation_quote\">Je regrette qu&rsquo;on ait parachut\u00e9 un candidat<\/p>\n<p>Am\u00e9lie Delattre candidate Divers droite \u00e0 Colombes (92)<\/p>\n<p class=\"ftvi_citation_source\">FTV<\/p>\n<\/blockquote>\n<p>\u00c0 Colombes, la droite n&rsquo;est donc pas tout \u00e0 fait rassembl\u00e9e. Am\u00e9lie Delattre, candidate Divers Droite, opposante au maire nous a donn\u00e9 rendez-vous devant le th\u00e9\u00e2tre de Colombes situ\u00e9 entre pavillons du centre-ville et tours de logement social. \u00ab\u00a0Ce qui me para\u00eet essentiel, c&rsquo;est de rassembler nos quartiers. Actuellement, nous avons une ville qui se d\u00e9grade, o\u00f9 les \u00e9carts se sont creus\u00e9s un peu entre nos quartiers\u00a0\u00bb, souligne-t-elle.<\/p>\n<p>Cette candidate ne fait pas encore de propositions concr\u00e8tes \u00e0 ce sujet mais elle a la certitude d&rsquo;\u00eatre l\u00e9gitime pour se pr\u00e9senter, elle aussi. \u00ab\u00a0J&rsquo;ai \u00e9t\u00e9 maire adjointe sous le pr\u00e9c\u00e9dent mandat. Je suis actuellement conseill\u00e8re municipale d&rsquo;opposition. Donc c&rsquo;est vrai que je regrette qu&rsquo;on ait parachut\u00e9 un candidat (Joakim Giacomoni) qui n&rsquo;a jamais \u00e9t\u00e9 \u00e9lu de la R\u00e9publique. C&rsquo;est vrai que j&rsquo;ai du mal \u00e0 comprendre\u00a0\u00bb, d\u00e9clare-t-elle.<\/p>\n<p>\u00c0 Colombes, depuis 25 ans, de gauche ou de droite, le maire sortant est syst\u00e9matiquement battu. Une singularit\u00e9 dans notre r\u00e9gion.<\/p>\n<p>Un autre candidat sillonne Colombes sur sa Vespa rouge en vue des municipales. Il s&rsquo;agit d&rsquo;Ali Aram, figure notoire sur les r\u00e9seaux sociaux, affili\u00e9 \u00e0 aucun parti. Il y a cr\u00e9\u00e9 une page Facebook \u00ab\u00a0J\u2019aime Colombes, alors je propose\u00a0\u00bb.<\/p>\n<p>Enfin, un septi\u00e8me candidat pourrait se d\u00e9clarer lors de cette campagne : Fr\u00e9d\u00e9ric Sarkis, enseignant-chercheur proche de Renaissance dans les Hauts-de-Seine.<\/p>\n<p>Les \u00e9lections municipales et communautaires se tiendront les 15 et 22 mars 2026.<\/p>\n<p>Reportage W. Van Qui C.Mirabaud E.Brouillard I.Palmer<\/p>\n<p>  <script async src=\"https:\/\/platform.twitter.com\/widgets.js\" charset=\"utf-8\"><\/script><\/p>\n","protected":false},"excerpt":{"rendered":"R\u00e9novation des \u00e9coles, gratuit\u00e9 de la cantine scolaire, ce sont quelques-unes des propositions port\u00e9es par les candidats de&hellip;\n","protected":false},"author":2,"featured_media":658954,"comment_status":"","ping_status":"","sticky":false,"template":"","format":"standard","meta":{"footnotes":""},"categories":[1592],"tags":[1111,11,1777,674,1011,27,662,12,626,25],"class_list":{"0":"post-658953","1":"post","2":"type-post","3":"status-publish","4":"format-standard","5":"has-post-thumbnail","7":"category-ile-de-france","8":"tag-actu","9":"tag-actualites","10":"tag-eu","11":"tag-europe","12":"tag-fr","13":"tag-france","14":"tag-ile-de-france","15":"tag-news","16":"tag-paris","17":"tag-republique-francaise"},"share_on_mastodon":{"url":"https:\/\/pubeurope.com\/@fr\/115883637744954437","error":""},"_links":{"self":[{"href":"https:\/\/www.europesays.com\/fr\/wp-json\/wp\/v2\/posts\/658953","targetHints":{"allow":["GET"]}}],"collection":[{"href":"https:\/\/www.europesays.com\/fr\/wp-json\/wp\/v2\/posts"}],"about":[{"href":"https:\/\/www.europesays.com\/fr\/wp-json\/wp\/v2\/types\/post"}],"author":[{"embeddable":true,"href":"https:\/\/www.europesays.com\/fr\/wp-json\/wp\/v2\/users\/2"}],"replies":[{"embeddable":true,"href":"https:\/\/www.europesays.com\/fr\/wp-json\/wp\/v2\/comments?post=658953"}],"version-history":[{"count":0,"href":"https:\/\/www.europesays.com\/fr\/wp-json\/wp\/v2\/posts\/658953\/revisions"}],"wp:featuredmedia":[{"embeddable":true,"href":"https:\/\/www.europesays.com\/fr\/wp-json\/wp\/v2\/media\/658954"}],"wp:attachment":[{"href":"https:\/\/www.europesays.com\/fr\/wp-json\/wp\/v2\/media?parent=658953"}],"wp:term":[{"taxonomy":"category","embeddable":true,"href":"https:\/\/www.europesays.com\/fr\/wp-json\/wp\/v2\/categories?post=658953"},{"taxonomy":"post_tag","embeddable":true,"href":"https:\/\/www.europesays.com\/fr\/wp-json\/wp\/v2\/tags?post=658953"}],"curies":[{"name":"wp","href":"https:\/\/api.w.org\/{rel}","templated":true}]}}