{"id":658955,"date":"2026-01-12T18:52:16","date_gmt":"2026-01-12T18:52:16","guid":{"rendered":"https:\/\/www.europesays.com\/fr\/658955\/"},"modified":"2026-01-12T18:52:16","modified_gmt":"2026-01-12T18:52:16","slug":"sncf-trafic-perturbe-sur-le-rer-e-a-la-suite-dun-accident-de-personne-plusieurs-stations-non-desservies","status":"publish","type":"post","link":"https:\/\/www.europesays.com\/fr\/658955\/","title":{"rendered":"SNCF. Trafic perturb\u00e9 sur le RER E \u00e0 la suite d&rsquo;un accident de personne, plusieurs stations non desservies"},"content":{"rendered":"<p>                    Par<br \/>\n        <strong><br \/>\n            <a href=\"https:\/\/actu.fr\/auteur\/m-pomme\" title=\"Consulter tous les articles de Marie Pomme\" target=\"_blank\" rel=\"noopener\">Marie Pomme<\/a><br \/>\n                    <\/strong><\/p>\n<p>        Publi\u00e9 le<\/p>\n<p>            12 janv. 2026 \u00e0 17h47        <\/p>\n<p>Ce lundi 12\u00a0janvier, vers 16\u2009h\u200930, la <a href=\"https:\/\/actu.fr\/tag\/sncf\" target=\"_blank\" rel=\"noopener\">SNCF<\/a> a annonc\u00e9 un accident de personne sur le RER E, \u00e0 <a href=\"https:\/\/actu.fr\/paris\/\" target=\"_blank\" rel=\"noopener\">Paris<\/a>, \u00e0 la station Rosa Parks, provoquant des perturbations sur le trafic.<\/p>\n<p>Les trains de l\u2019axe de Villiers-sur-Marne supprim\u00e9s<\/p>\n<p class=\" wall-content\">Les pompiers sont intervenus et les pompes fun\u00e8bres sont arriv\u00e9es sur place. Plusieurs trains ont \u00e9t\u00e9 retenus \u00e0 quai. La SNCF indique que la station Rosa Parks ne sera pas desservie dans les deux sens jusqu\u2019\u00e0 19\u00a0heures. Par ailleurs, la gare de Pantin n\u2019est pas desservie par les trains \u00e0 destination de Nanterre-La-Folie uniquement\u2009; les trains de l\u2019axe de Villiers-sur-Marne sont supprim\u00e9s. Les trains de l\u2019axe de Tournan desservent toutes les gares entre Nanterre-La-Folie et Tournan sauf la gare de Pantin, dans les deux sens de circulation.<\/p>\n<p class=\" wall-content\">\n<p class=\" wall-content\">Les voyageurs concern\u00e9s sont invit\u00e9s \u00e0 emprunter des itin\u00e9raires de substitution.<\/p>\n<p class=\" wall-content\">Personnalisez votre actualit\u00e9 en ajoutant vos villes et m\u00e9dias en favori avec <a href=\"https:\/\/moncompte.actu.fr\" title=\"D\u00e9couvez Mon Actu\" rel=\"nofollow noopener\" data-trk=\"{&quot;cta&quot;:{&quot;action&quot;:&quot;https:\\\/\\\/moncompte.actu.fr&quot;,&quot;category&quot;:&quot;mon compte&quot;,&quot;from&quot;:&quot;article footer&quot;,&quot;name&quot;:&quot;Mon actu&quot;,&quot;type&quot;:&quot;cta&quot;}}\" target=\"_blank\">Mon Actu<\/a>.<\/p>\n","protected":false},"excerpt":{"rendered":"Par Marie Pomme Publi\u00e9 le 12 janv. 2026 \u00e0 17h47 Ce lundi 12\u00a0janvier, vers 16\u2009h\u200930, la SNCF a&hellip;\n","protected":false},"author":2,"featured_media":658956,"comment_status":"","ping_status":"","sticky":false,"template":"","format":"standard","meta":{"footnotes":""},"categories":[1888],"tags":[1111,1928,11,1927,1777,674,1011,27,12,1926,626,1925,25,2215,104,2803],"class_list":{"0":"post-658955","1":"post","2":"type-post","3":"status-publish","4":"format-standard","5":"has-post-thumbnail","7":"category-paris","8":"tag-actu","9":"tag-actu-paris","10":"tag-actualites","11":"tag-actualites-paris","12":"tag-eu","13":"tag-europe","14":"tag-fr","15":"tag-france","16":"tag-news","17":"tag-news-paris","18":"tag-paris","19":"tag-paris-news","20":"tag-republique-francaise","21":"tag-sncf","22":"tag-societe","23":"tag-transport"},"share_on_mastodon":{"url":"https:\/\/pubeurope.com\/@fr\/115883641662480999","error":""},"_links":{"self":[{"href":"https:\/\/www.europesays.com\/fr\/wp-json\/wp\/v2\/posts\/658955","targetHints":{"allow":["GET"]}}],"collection":[{"href":"https:\/\/www.europesays.com\/fr\/wp-json\/wp\/v2\/posts"}],"about":[{"href":"https:\/\/www.europesays.com\/fr\/wp-json\/wp\/v2\/types\/post"}],"author":[{"embeddable":true,"href":"https:\/\/www.europesays.com\/fr\/wp-json\/wp\/v2\/users\/2"}],"replies":[{"embeddable":true,"href":"https:\/\/www.europesays.com\/fr\/wp-json\/wp\/v2\/comments?post=658955"}],"version-history":[{"count":0,"href":"https:\/\/www.europesays.com\/fr\/wp-json\/wp\/v2\/posts\/658955\/revisions"}],"wp:featuredmedia":[{"embeddable":true,"href":"https:\/\/www.europesays.com\/fr\/wp-json\/wp\/v2\/media\/658956"}],"wp:attachment":[{"href":"https:\/\/www.europesays.com\/fr\/wp-json\/wp\/v2\/media?parent=658955"}],"wp:term":[{"taxonomy":"category","embeddable":true,"href":"https:\/\/www.europesays.com\/fr\/wp-json\/wp\/v2\/categories?post=658955"},{"taxonomy":"post_tag","embeddable":true,"href":"https:\/\/www.europesays.com\/fr\/wp-json\/wp\/v2\/tags?post=658955"}],"curies":[{"name":"wp","href":"https:\/\/api.w.org\/{rel}","templated":true}]}}