{"id":658959,"date":"2026-01-12T18:54:10","date_gmt":"2026-01-12T18:54:10","guid":{"rendered":"https:\/\/www.europesays.com\/fr\/658959\/"},"modified":"2026-01-12T18:54:10","modified_gmt":"2026-01-12T18:54:10","slug":"ses-collegues-ont-decouvert-le-corps-probable-suicide-dun-policier-avec-son-arme-de-service-a-la-paf-de-paris","status":"publish","type":"post","link":"https:\/\/www.europesays.com\/fr\/658959\/","title":{"rendered":"Ses coll\u00e8gues ont \u00ab\u00a0d\u00e9couvert le corps\u00a0\u00bb\u00a0: probable suicide d\u2019un policier avec son arme de service \u00e0 la PAF de Paris"},"content":{"rendered":"<p class=\"paragraph text_align_left lp-f-body-02\">Le parquet de Paris a ouvert une enqu\u00eate apr\u00e8s la mort par arme \u00e0 feu d\u2019un brigadier-chef de la PAF (<a href=\"https:\/\/www.leparisien.fr\/val-de-marne-94\/aeroport-dorly-la-police-de-lair-et-des-frontieres-recrute-150-agents-comment-postuler-26-02-2023-B2JTWGAAWRGOZAPV43WJEKMTRQ.php\" target=\"_blank\" rel=\"noreferrer noopener\">police aux fronti\u00e8res<\/a>), dans les locaux de son service \u00e0 Paris, a-t-il indiqu\u00e9 lundi, sollicit\u00e9 par l\u2019Agence France-Presse.<\/p>\n<p class=\"\">\u00ab\u00a0Le 10\u00a0janvier, vers 14h45, deux policiers ayant entendu un t\u00e9l\u00e9phone sonner en vain dans les toilettes en ont forc\u00e9 la porte, et d\u00e9couvert le corps de leur coll\u00e8gue\u00a0\u00bb, a expliqu\u00e9 le parquet. \u00ab\u00a0Son arme de service a \u00e9t\u00e9 retrouv\u00e9e au sol\u00a0\u00bb, a-t-il pr\u00e9cis\u00e9.<\/p>\n<p class=\"\">Le fonctionnaire \u00e9tait en cong\u00e9 et ne devait pas se trouver dans les locaux, selon la source polici\u00e8re. Les faits se sont pourtant d\u00e9roul\u00e9s dans des locaux de la PAF dans le Xe\u00a0arrondissement, selon le minist\u00e8re public.<\/p>\n<p>Enqu\u00eate ouverte<\/p>\n<p class=\"\">Une source polici\u00e8re a pr\u00e9cis\u00e9 qu\u2019il s\u2019agissait des locaux de la PAF gare du Nord. Le parquet a pr\u00e9cis\u00e9 avoir confi\u00e9 l\u2019enqu\u00eate en recherche des causes de la mort au commissariat du <a href=\"https:\/\/www.leparisien.fr\/paris-75\/paris-75010\/\" target=\"_blank\" rel=\"noreferrer noopener\">Xe\u00a0arrondissement<\/a>.<\/p>\n<p class=\"lp-card-podcast-highlighting__title  lp-f-subtitle-05\">[2\/2] Affaire \u00c9velyne Boucher\u00a0: deux d\u00e9cennies pour \u00e9tablir la v\u00e9rit\u00e9<\/p>\n<p><a class=\"lp-card-podcast-highlighting__call-to-action\" data-page-type=\"HP\" data-block-name=\"podcast-highlight\">\u00c9couter<\/a><\/p>\n<p class=\"\">Selon des chiffres du minist\u00e8re de l\u2019Int\u00e9rieur, 27 policiers et 26 gendarmes se sont suicid\u00e9s en 2024. D\u00e9but d\u00e9cembre, <a href=\"https:\/\/www.leparisien.fr\/essonne-91\/essonne-un-policier-de-la-dgsi-se-suicide-avec-son-arme-de-service-sur-un-site-du-ministere-de-linterieur-01-12-2025-XTBPM2X27JEARMOILWEPHMH4IA.php\" target=\"_blank\" rel=\"noreferrer noopener\">un policier de la DGSI s\u2019\u00e9tait suicid\u00e9 avec son arme de service<\/a> \u00ab\u00a0sur un site du minist\u00e8re de l\u2019Int\u00e9rieur\u00a0\u00bb.<\/p>\n<p class=\"\">La police aux fronti\u00e8res est charg\u00e9e de contr\u00f4ler les entr\u00e9es et les sorties de l\u2019espace Schengen, de lutter contre l\u2019immigration irr\u00e9guli\u00e8re ou encore de faire respecter la r\u00e9glementation a\u00e9ronautique civile.<\/p>\n","protected":false},"excerpt":{"rendered":"Le parquet de Paris a ouvert une enqu\u00eate apr\u00e8s la mort par arme \u00e0 feu d\u2019un brigadier-chef de&hellip;\n","protected":false},"author":2,"featured_media":658960,"comment_status":"","ping_status":"","sticky":false,"template":"","format":"standard","meta":{"footnotes":""},"categories":[1888],"tags":[11,1777,674,118,1011,27,12,626,25],"class_list":{"0":"post-658959","1":"post","2":"type-post","3":"status-publish","4":"format-standard","5":"has-post-thumbnail","7":"category-paris","8":"tag-actualites","9":"tag-eu","10":"tag-europe","11":"tag-faits-divers","12":"tag-fr","13":"tag-france","14":"tag-news","15":"tag-paris","16":"tag-republique-francaise"},"share_on_mastodon":{"url":"https:\/\/pubeurope.com\/@fr\/115883649555687003","error":""},"_links":{"self":[{"href":"https:\/\/www.europesays.com\/fr\/wp-json\/wp\/v2\/posts\/658959","targetHints":{"allow":["GET"]}}],"collection":[{"href":"https:\/\/www.europesays.com\/fr\/wp-json\/wp\/v2\/posts"}],"about":[{"href":"https:\/\/www.europesays.com\/fr\/wp-json\/wp\/v2\/types\/post"}],"author":[{"embeddable":true,"href":"https:\/\/www.europesays.com\/fr\/wp-json\/wp\/v2\/users\/2"}],"replies":[{"embeddable":true,"href":"https:\/\/www.europesays.com\/fr\/wp-json\/wp\/v2\/comments?post=658959"}],"version-history":[{"count":0,"href":"https:\/\/www.europesays.com\/fr\/wp-json\/wp\/v2\/posts\/658959\/revisions"}],"wp:featuredmedia":[{"embeddable":true,"href":"https:\/\/www.europesays.com\/fr\/wp-json\/wp\/v2\/media\/658960"}],"wp:attachment":[{"href":"https:\/\/www.europesays.com\/fr\/wp-json\/wp\/v2\/media?parent=658959"}],"wp:term":[{"taxonomy":"category","embeddable":true,"href":"https:\/\/www.europesays.com\/fr\/wp-json\/wp\/v2\/categories?post=658959"},{"taxonomy":"post_tag","embeddable":true,"href":"https:\/\/www.europesays.com\/fr\/wp-json\/wp\/v2\/tags?post=658959"}],"curies":[{"name":"wp","href":"https:\/\/api.w.org\/{rel}","templated":true}]}}